{"id":1852,"date":"2020-01-05T18:59:04","date_gmt":"2020-01-05T17:59:04","guid":{"rendered":"http:\/\/mittsjukafriska.se\/?p=1852"},"modified":"2020-01-05T19:00:09","modified_gmt":"2020-01-05T18:00:09","slug":"bara-for-att-jag-alska-henne","status":"publish","type":"post","link":"https:\/\/mittsjukafriska.se\/?p=1852","title":{"rendered":"Bara f\u00f6r att jag \u00e4lskar henne!"},"content":{"rendered":"\n<p>Min syster har en tuff period just nu och det i sin tur har gjort att hon inte m\u00e5r speciellt bra, psykiskt, just nu.<br>Eftersom jag \u00e4r en person som sj\u00e4lv lever med psykisk oh\u00e4lsa s\u00e5 vet jag hur d\u00e5ligt man kan m\u00e5.<br>S\u00e5 idag l\u00e4mnade jag de tv\u00e5 yngsta till min bror och sv\u00e4gerska och styrde bilen till Gantofta bara f\u00f6r att ge henne lite systerligk\u00e4rlek.<br>Det blev en h\u00e4rlig promenad i R\u00e5\u00e5dalen d\u00e4r vi bara snackade en massa skit och d\u00e4r hon fick kr\u00e4ka av sig lite om allt.<br><br>V\u00e5r relation \u00e4r n\u00e5got jag \u00e4r oerh\u00f6rt glad och stolt \u00f6ver.<br>Hon \u00e4r verkligen min absolut b\u00e4sta v\u00e4n och hon finns d\u00e4r f\u00f6r en i alla l\u00e4gen.<br>S\u00e5 denna g\u00e5ngen var det min tur att visa att jag finns d\u00e4r f\u00f6r henne ocks\u00e5.<br>Det finns inte mycket vi inte g\u00f6r f\u00f6r varandra.<br>Jag hade \u00f6nskat att syskon kunde ha den relationen som vi har till varandra. &lt;3<\/p>\n\n\n\n<figure class=\"wp-block-image is-resized\"><img loading=\"lazy\" decoding=\"async\" src=\"https:\/\/www.tavlero.se\/wp-content\/uploads\/2018\/10\/SYSTER_Rityta-1.jpg\" alt=\"Relaterad bild\" width=\"199\" height=\"282\"\/><\/figure>\n\n\n\n<p><br><br>Jag har ju som sagt en psykisk oh\u00e4lsa.<br>Jag har, sedan ton\u00e5ren, levt med depression och \u00e5ngest till och fr\u00e5n genom hela livet.<br>Men det \u00e4r inte tills f\u00f6r 2-3 \u00e5r sedan jag som jag verkligen b\u00f6rjade jobba med det.<br>Jag fattade inte varf\u00f6r jag alltid m\u00e5dde d\u00e5ligt n\u00e4r jag skulle ha mens.<br>Jag hade ju s\u00e5 klart h\u00f6rt talats om PMS f\u00f6rr, men tyckte att ja ja det \u00e4r inte det jag har.<br>Men s\u00e5 till sist s\u00e5 tog jag tag i det och jod\u00e5. PMDS var ett faktum.<br>Det b\u00f6rjar med att det kryper i kroppen.<br>Minsta lilla monotona ljud kunde trigga ig\u00e5ng ett utbrott. <br>Min familj ville jag inte ens vara i n\u00e4rheten utav. <br>Jag kunde sk\u00e4lla p\u00e5 barnen f\u00f6r bagateller och sen f\u00e5 \u00e5ngest \u00f6ver det och bara tappa all livsvilja.<br>Det kunde \u00e4ven bli s\u00e5 himla illa att jag hade kunnat l\u00e4mna allt jag hade och bara g\u00e5.<br>Den som blev mest &#8221;hatad&#8221; var ju d\u00e5 min man.<br>Honom hade jag kunnat ha ihj\u00e4l utan att blinka.<br>Tack och lov att man \u00e4nd\u00e5 har lite m\u00e4nsklighet i sig och sunt f\u00f6rnuft.<br>Han \u00e4r \u00e4ven den som varit min st\u00f6rsta st\u00f6ttepelare genom det hela.<br>Han hittade en tablett som visat v\u00e4ldigt stor effekt vid PMS.<\/p>\n\n\n\n<div class=\"wp-block-image\"><figure class=\"aligncenter size-large\"><img loading=\"lazy\" decoding=\"async\" width=\"225\" height=\"225\" src=\"http:\/\/mittsjukafriska.se\/wp-content\/uploads\/2020\/01\/image.jpeg\" alt=\"Bildresultat f\u00f6r it's okay to not be okay\" class=\"wp-image-1854\" srcset=\"https:\/\/mittsjukafriska.se\/wp-content\/uploads\/2020\/01\/image.jpeg 225w, https:\/\/mittsjukafriska.se\/wp-content\/uploads\/2020\/01\/image-150x150.jpeg 150w\" sizes=\"auto, (max-width: 225px) 100vw, 225px\" \/><\/figure><\/div>\n\n\n\n<p><br>S\u00e5 jag fick testa den.<br>Och den hj\u00e4lpte.<br>Jag \u00e4r inte fri fr\u00e5n min PMDS, men den \u00e4r betydligt mildare \u00e4n den var.<br>Jag har b\u00f6rjat \u00f6ppna mig mer om just denna biten av mitt liv och mitt m\u00e5ende f\u00f6r att jag anser att det beh\u00f6ver komma upp till ytan.<br>Det f\u00f6rloras alldeles f\u00f6r m\u00e5nga liv till psykisk oh\u00e4lsa och mycket f\u00f6r att det inte pratas om det.<br>Det ligger en dold skam i att m\u00e5 d\u00e5ligt.<br>Man f\u00f6rv\u00e4ntas inte att h\u00e4nga ut sin skitiga tv\u00e4tt f\u00f6r allm\u00e4n besk\u00e5dning.<br>Men vad h\u00e4nder om man inte tar tag i den h\u00e4r skitiga tv\u00e4tten \u00f6verhuvudtaget?<br>Till sist s\u00e5 drunknar man i det och kan inte riktigt ta sig upp.<br>D\u00e5 blir det l\u00e4ttare att bara stanna kvar i den och l\u00e5ta den sakta kv\u00e4va en till d\u00f6ds.<br>Och det \u00e4r inget jag anser \u00e4r okej.<br>Jag f\u00f6respr\u00e5kar inte ett kaos av &#8221;galningar&#8221; men jag f\u00f6respr\u00e5kar f\u00f6rst\u00e5else och \u00f6dmjukhet till folk som inte m\u00e5r bra.<br>Det \u00e4r inte bara att ta sig i kragen och sk\u00e4rpa till sig.<br>Hade det varit det s\u00e5 hade nog de flesta gjort det.<\/p>\n\n\n\n<div class=\"wp-block-image\"><figure class=\"aligncenter size-large\"><img loading=\"lazy\" decoding=\"async\" width=\"245\" height=\"206\" src=\"http:\/\/mittsjukafriska.se\/wp-content\/uploads\/2020\/01\/image-1.jpeg\" alt=\"Bildresultat f\u00f6r it's okay to not be okay\" class=\"wp-image-1855\"\/><\/figure><\/div>\n\n\n\n<p>Nog om detta f\u00f6r idag.<br>F\u00f6r nu v\u00e4ntar det d\u00e4r tr\u00e5kiga som inte blev gjort ig\u00e5r.<br>Ironiskt nog s\u00e5 ska jag vika tv\u00e4tt ;-P<br><br><\/p>\n","protected":false},"excerpt":{"rendered":"<p>Min syster har en tuff period just nu och det i sin tur har gjort att hon inte m\u00e5r speciellt bra, psykiskt, just nu.Eftersom jag \u00e4r en person som sj\u00e4lv lever med psykisk oh\u00e4lsa s\u00e5 vet jag hur d\u00e5ligt man kan m\u00e5.S\u00e5 idag l\u00e4mnade jag de tv\u00e5 yngsta till min bror och sv\u00e4gerska och styrde bilen till Gantofta bara f\u00f6r att ge henne lite systerligk\u00e4rlek.Det blev en h\u00e4rlig promenad i R\u00e5\u00e5dalen d\u00e4r vi bara snackade en massa skit och d\u00e4r hon fick kr\u00e4ka av sig lite om allt. V\u00e5r relation \u00e4r n\u00e5got jag \u00e4r oerh\u00f6rt glad och stolt \u00f6ver.Hon \u00e4r verkligen min absolut b\u00e4sta v\u00e4n och hon finns d\u00e4r f\u00f6r en i alla l\u00e4gen.S\u00e5 denna g\u00e5ngen var det min tur att visa att jag finns d\u00e4r f\u00f6r henne ocks\u00e5.Det finns inte mycket vi inte g\u00f6r f\u00f6r varandra.Jag hade \u00f6nskat att syskon kunde ha den relationen som vi har till varandra. &lt;3 Jag har ju som sagt en psykisk oh\u00e4lsa.Jag har, sedan ton\u00e5ren, levt med depression och \u00e5ngest till och fr\u00e5n genom hela livet.Men det \u00e4r inte tills f\u00f6r 2-3 \u00e5r sedan jag som jag verkligen b\u00f6rjade jobba med det.Jag fattade inte varf\u00f6r jag alltid m\u00e5dde d\u00e5ligt n\u00e4r jag skulle ha mens.Jag hade ju s\u00e5 klart h\u00f6rt talats om PMS f\u00f6rr, men tyckte att ja ja det \u00e4r inte det jag har.Men s\u00e5 till sist s\u00e5 tog jag tag i det och jod\u00e5. PMDS var ett faktum.Det b\u00f6rjar med att det kryper i kroppen.Minsta lilla monotona ljud kunde trigga ig\u00e5ng ett utbrott. Min familj ville jag inte ens vara i n\u00e4rheten utav. Jag kunde sk\u00e4lla p\u00e5 barnen f\u00f6r bagateller och sen f\u00e5 \u00e5ngest \u00f6ver det och bara tappa all livsvilja.Det kunde \u00e4ven bli s\u00e5 himla illa att jag hade kunnat l\u00e4mna allt jag hade och bara g\u00e5.Den som blev mest &#8221;hatad&#8221; var ju d\u00e5 min man.Honom hade jag kunnat ha ihj\u00e4l utan att blinka.Tack och lov att man \u00e4nd\u00e5 har lite m\u00e4nsklighet i sig och sunt f\u00f6rnuft.Han \u00e4r \u00e4ven den som varit min st\u00f6rsta st\u00f6ttepelare genom det hela.Han hittade en tablett som visat v\u00e4ldigt stor effekt vid PMS. S\u00e5 jag fick testa den.Och den hj\u00e4lpte.Jag \u00e4r inte fri fr\u00e5n min PMDS, men den \u00e4r betydligt mildare \u00e4n den var.Jag har b\u00f6rjat \u00f6ppna mig mer om just denna biten av mitt liv och mitt m\u00e5ende f\u00f6r att jag anser att det beh\u00f6ver komma upp till ytan.Det f\u00f6rloras alldeles f\u00f6r m\u00e5nga liv till psykisk oh\u00e4lsa och mycket f\u00f6r att det inte pratas om det.Det ligger en dold skam i att m\u00e5 d\u00e5ligt.Man f\u00f6rv\u00e4ntas inte att h\u00e4nga ut sin skitiga tv\u00e4tt f\u00f6r allm\u00e4n besk\u00e5dning.Men vad h\u00e4nder om man inte tar tag i den h\u00e4r skitiga tv\u00e4tten \u00f6verhuvudtaget?Till sist s\u00e5 drunknar man i det och kan inte riktigt ta sig upp.D\u00e5 blir det l\u00e4ttare att bara stanna kvar i den och l\u00e5ta den sakta kv\u00e4va en till d\u00f6ds.Och det \u00e4r inget jag anser \u00e4r okej.Jag f\u00f6respr\u00e5kar inte ett kaos av &#8221;galningar&#8221; men jag f\u00f6respr\u00e5kar f\u00f6rst\u00e5else och \u00f6dmjukhet till folk som inte m\u00e5r bra.Det \u00e4r inte bara att ta sig i kragen och sk\u00e4rpa till sig.Hade det varit det s\u00e5 hade nog de flesta gjort det. Nog om detta f\u00f6r idag.F\u00f6r nu v\u00e4ntar det d\u00e4r tr\u00e5kiga som inte blev gjort ig\u00e5r.Ironiskt nog s\u00e5 ska jag vika tv\u00e4tt ;-P<\/p>\n","protected":false},"author":3,"featured_media":0,"comment_status":"open","ping_status":"open","sticky":false,"template":"","format":"standard","meta":{"_jetpack_memberships_contains_paid_content":false,"footnotes":""},"categories":[1],"tags":[],"class_list":["post-1852","post","type-post","status-publish","format-standard","hentry","category-personligt"],"jetpack_featured_media_url":"","jetpack_sharing_enabled":true,"_links":{"self":[{"href":"https:\/\/mittsjukafriska.se\/index.php?rest_route=\/wp\/v2\/posts\/1852","targetHints":{"allow":["GET"]}}],"collection":[{"href":"https:\/\/mittsjukafriska.se\/index.php?rest_route=\/wp\/v2\/posts"}],"about":[{"href":"https:\/\/mittsjukafriska.se\/index.php?rest_route=\/wp\/v2\/types\/post"}],"author":[{"embeddable":true,"href":"https:\/\/mittsjukafriska.se\/index.php?rest_route=\/wp\/v2\/users\/3"}],"replies":[{"embeddable":true,"href":"https:\/\/mittsjukafriska.se\/index.php?rest_route=%2Fwp%2Fv2%2Fcomments&post=1852"}],"version-history":[{"count":3,"href":"https:\/\/mittsjukafriska.se\/index.php?rest_route=\/wp\/v2\/posts\/1852\/revisions"}],"predecessor-version":[{"id":1857,"href":"https:\/\/mittsjukafriska.se\/index.php?rest_route=\/wp\/v2\/posts\/1852\/revisions\/1857"}],"wp:attachment":[{"href":"https:\/\/mittsjukafriska.se\/index.php?rest_route=%2Fwp%2Fv2%2Fmedia&parent=1852"}],"wp:term":[{"taxonomy":"category","embeddable":true,"href":"https:\/\/mittsjukafriska.se\/index.php?rest_route=%2Fwp%2Fv2%2Fcategories&post=1852"},{"taxonomy":"post_tag","embeddable":true,"href":"https:\/\/mittsjukafriska.se\/index.php?rest_route=%2Fwp%2Fv2%2Ftags&post=1852"}],"curies":[{"name":"wp","href":"https:\/\/api.w.org\/{rel}","templated":true}]}}