{"id":1864,"date":"2020-01-06T16:34:11","date_gmt":"2020-01-06T15:34:11","guid":{"rendered":"http:\/\/mittsjukafriska.se\/?p=1864"},"modified":"2020-01-06T16:34:11","modified_gmt":"2020-01-06T15:34:11","slug":"fralsta-annu-en-gang","status":"publish","type":"post","link":"https:\/\/mittsjukafriska.se\/?p=1864","title":{"rendered":"Fr\u00e4lsta \u00e4nnu en g\u00e5ng!"},"content":{"rendered":"\n<p>Trettondagen idag och det menas med att k\u00f6ren har sin \u00e5rliga julkonsert.<br>Klockan st\u00e4lldes ig\u00e5r kv\u00e4ll och i morse var det bara till att masa sig upp och bege sig till kyrkan.<br>Till min f\u00f6rv\u00e5ning s\u00e5 kom min \u00e4lskade man och den yngste av grabbarna dit idag. (Ingen av dom ville egentligen dit)<br>Beh\u00f6ver jag s\u00e4ga att vi inte \u00e4r s\u00e4rskilt religi\u00f6sa i denna familjen? \ud83d\ude09<br>Konserten gick bra och vi fick mycket ber\u00f6m.<br>Till\u00e4ggas ska att de flesta var lite gr\u00f6tiga i halsen.<br>Vissa pga p\u00e5b\u00f6rjad\/avslutad sjukdom. Andra av <em>helt<\/em> andra anledningar.<br><\/p>\n\n\n\n<figure class=\"wp-block-image size-large is-resized\"><img loading=\"lazy\" decoding=\"async\" src=\"http:\/\/mittsjukafriska.se\/wp-content\/uploads\/2020\/01\/image-377x1024.png\" alt=\"\" class=\"wp-image-1865\" width=\"284\" height=\"770\" srcset=\"https:\/\/mittsjukafriska.se\/wp-content\/uploads\/2020\/01\/image-377x1024.png 377w, https:\/\/mittsjukafriska.se\/wp-content\/uploads\/2020\/01\/image-111x300.png 111w, https:\/\/mittsjukafriska.se\/wp-content\/uploads\/2020\/01\/image-566x1536.png 566w, https:\/\/mittsjukafriska.se\/wp-content\/uploads\/2020\/01\/image-370x1004.png 370w, https:\/\/mittsjukafriska.se\/wp-content\/uploads\/2020\/01\/image.png 658w\" sizes=\"auto, (max-width: 284px) 100vw, 284px\" \/><\/figure>\n\n\n\n<p>S\u00e5 \u00e4ven detta \u00e5ret b\u00f6rjar vi med att bli f\u00f6rl\u00e5tna f\u00f6r v\u00e5ra synder. \ud83d\ude00<br><br>Ut\u00f6ver det s\u00e5 har det varit en lugn och sansad &#8221;s\u00f6ndag&#8221;<br>Helt i min smak.<br>\u00c4ven om jag \u00e4lskar att ha och g\u00f6ra s\u00e5 har jag b\u00f6rjat l\u00e4ra mig att uppskatta det lugna i vardagen ocks\u00e5.<br>DET har inte funnit i mitt liv f\u00f6rr.<br>F\u00f6rr fanns det <em><span style=\"text-decoration: underline;\">aldrig<\/span><\/em> att man l\u00e5g i soffan och bara sl\u00f6tittade p\u00e5 en film om det regnade ute.<br>D\u00e5 skulle det st\u00e4das, dammtorkas osv.<br>Och om det redan var gjort s\u00e5 kunde vi ju alltid m\u00f6blera om.<br>Mannen fruktade alltid den helgen han skulle jobba.<br>Han visste ju aldrig vad som v\u00e4ntade honom n\u00e4r han kom hem.<br>Idag kan vi sk\u00e4mta och skratta \u00e5t det. <br>Men n\u00e4r det v\u00e4l var s\u00e5 s\u00e5 var det inte roligt. <br>Ibland fick jag total kortslutning i huvudet mitt i alltihop och det slutade med att han fick hj\u00e4lpa mig n\u00e4r han kom hem.<br>Eller s\u00e5 kunde det g\u00e5 n\u00e4stan hela v\u00e4gen men s\u00e5 \u00e5ngrade jag min precis innan och fick st\u00e4lla tillbaka allt igen!<br><br>Man skulle ju n\u00e4stan kunna tro att jag var lite Bipol\u00e4r \ud83d\ude09<br>Tack och lov s\u00e5 \u00e4r det som sagt b\u00e4ttre.<br>Och omm\u00f6bleringarna h\u00e4nder inte speciellt ofta l\u00e4ngre \ud83d\ude1b<\/p>\n","protected":false},"excerpt":{"rendered":"<p>Trettondagen idag och det menas med att k\u00f6ren har sin \u00e5rliga julkonsert.Klockan st\u00e4lldes ig\u00e5r kv\u00e4ll och i morse var det bara till att masa sig upp och bege sig till kyrkan.Till min f\u00f6rv\u00e5ning s\u00e5 kom min \u00e4lskade man och den yngste av grabbarna dit idag. (Ingen av dom ville egentligen dit)Beh\u00f6ver jag s\u00e4ga att vi inte \u00e4r s\u00e4rskilt religi\u00f6sa i denna familjen? \ud83d\ude09Konserten gick bra och vi fick mycket ber\u00f6m.Till\u00e4ggas ska att de flesta var lite gr\u00f6tiga i halsen.Vissa pga p\u00e5b\u00f6rjad\/avslutad sjukdom. Andra av helt andra anledningar. S\u00e5 \u00e4ven detta \u00e5ret b\u00f6rjar vi med att bli f\u00f6rl\u00e5tna f\u00f6r v\u00e5ra synder. \ud83d\ude00 Ut\u00f6ver det s\u00e5 har det varit en lugn och sansad &#8221;s\u00f6ndag&#8221;Helt i min smak.\u00c4ven om jag \u00e4lskar att ha och g\u00f6ra s\u00e5 har jag b\u00f6rjat l\u00e4ra mig att uppskatta det lugna i vardagen ocks\u00e5.DET har inte funnit i mitt liv f\u00f6rr.F\u00f6rr fanns det aldrig att man l\u00e5g i soffan och bara sl\u00f6tittade p\u00e5 en film om det regnade ute.D\u00e5 skulle det st\u00e4das, dammtorkas osv.Och om det redan var gjort s\u00e5 kunde vi ju alltid m\u00f6blera om.Mannen fruktade alltid den helgen han skulle jobba.Han visste ju aldrig vad som v\u00e4ntade honom n\u00e4r han kom hem.Idag kan vi sk\u00e4mta och skratta \u00e5t det. Men n\u00e4r det v\u00e4l var s\u00e5 s\u00e5 var det inte roligt. Ibland fick jag total kortslutning i huvudet mitt i alltihop och det slutade med att han fick hj\u00e4lpa mig n\u00e4r han kom hem.Eller s\u00e5 kunde det g\u00e5 n\u00e4stan hela v\u00e4gen men s\u00e5 \u00e5ngrade jag min precis innan och fick st\u00e4lla tillbaka allt igen! Man skulle ju n\u00e4stan kunna tro att jag var lite Bipol\u00e4r \ud83d\ude09Tack och lov s\u00e5 \u00e4r det som sagt b\u00e4ttre.Och omm\u00f6bleringarna h\u00e4nder inte speciellt ofta l\u00e4ngre \ud83d\ude1b<\/p>\n","protected":false},"author":3,"featured_media":0,"comment_status":"open","ping_status":"open","sticky":false,"template":"","format":"standard","meta":{"_jetpack_memberships_contains_paid_content":false,"footnotes":""},"categories":[1],"tags":[],"class_list":["post-1864","post","type-post","status-publish","format-standard","hentry","category-personligt"],"jetpack_featured_media_url":"","jetpack_sharing_enabled":true,"_links":{"self":[{"href":"https:\/\/mittsjukafriska.se\/index.php?rest_route=\/wp\/v2\/posts\/1864","targetHints":{"allow":["GET"]}}],"collection":[{"href":"https:\/\/mittsjukafriska.se\/index.php?rest_route=\/wp\/v2\/posts"}],"about":[{"href":"https:\/\/mittsjukafriska.se\/index.php?rest_route=\/wp\/v2\/types\/post"}],"author":[{"embeddable":true,"href":"https:\/\/mittsjukafriska.se\/index.php?rest_route=\/wp\/v2\/users\/3"}],"replies":[{"embeddable":true,"href":"https:\/\/mittsjukafriska.se\/index.php?rest_route=%2Fwp%2Fv2%2Fcomments&post=1864"}],"version-history":[{"count":2,"href":"https:\/\/mittsjukafriska.se\/index.php?rest_route=\/wp\/v2\/posts\/1864\/revisions"}],"predecessor-version":[{"id":1867,"href":"https:\/\/mittsjukafriska.se\/index.php?rest_route=\/wp\/v2\/posts\/1864\/revisions\/1867"}],"wp:attachment":[{"href":"https:\/\/mittsjukafriska.se\/index.php?rest_route=%2Fwp%2Fv2%2Fmedia&parent=1864"}],"wp:term":[{"taxonomy":"category","embeddable":true,"href":"https:\/\/mittsjukafriska.se\/index.php?rest_route=%2Fwp%2Fv2%2Fcategories&post=1864"},{"taxonomy":"post_tag","embeddable":true,"href":"https:\/\/mittsjukafriska.se\/index.php?rest_route=%2Fwp%2Fv2%2Ftags&post=1864"}],"curies":[{"name":"wp","href":"https:\/\/api.w.org\/{rel}","templated":true}]}}