{"id":1877,"date":"2020-01-09T20:55:20","date_gmt":"2020-01-09T19:55:20","guid":{"rendered":"http:\/\/mittsjukafriska.se\/?p=1877"},"modified":"2020-01-09T20:55:20","modified_gmt":"2020-01-09T19:55:20","slug":"prickar-och-flator","status":"publish","type":"post","link":"https:\/\/mittsjukafriska.se\/?p=1877","title":{"rendered":"Prickar och fl\u00e4tor!"},"content":{"rendered":"\n<p>Idag valde jag bannemig att ha p\u00e5 min en kl\u00e4nning.<br>Jag \u00e4lskar kl\u00e4nningar men jag tycker aldrig att jag har n\u00e5got som passar till just den dagen som jag vill ha den p\u00e5 :-S<br>Men idag blev det av. \ud83d\ude00 &lt;3<\/p>\n\n\n\n<p><img loading=\"lazy\" decoding=\"async\" width=\"150\" height=\"200\" class=\"wp-image-1881\" style=\"width: 150px;\" src=\"http:\/\/mittsjukafriska.se\/wp-content\/uploads\/2020\/01\/IMG_20200109_074047_resized_20200109_083204196-scaled.jpg\" alt=\"\" srcset=\"https:\/\/mittsjukafriska.se\/wp-content\/uploads\/2020\/01\/IMG_20200109_074047_resized_20200109_083204196-scaled.jpg 1920w, https:\/\/mittsjukafriska.se\/wp-content\/uploads\/2020\/01\/IMG_20200109_074047_resized_20200109_083204196-225x300.jpg 225w, https:\/\/mittsjukafriska.se\/wp-content\/uploads\/2020\/01\/IMG_20200109_074047_resized_20200109_083204196-768x1024.jpg 768w, https:\/\/mittsjukafriska.se\/wp-content\/uploads\/2020\/01\/IMG_20200109_074047_resized_20200109_083204196-1152x1536.jpg 1152w, https:\/\/mittsjukafriska.se\/wp-content\/uploads\/2020\/01\/IMG_20200109_074047_resized_20200109_083204196-1536x2048.jpg 1536w, https:\/\/mittsjukafriska.se\/wp-content\/uploads\/2020\/01\/IMG_20200109_074047_resized_20200109_083204196-370x493.jpg 370w, https:\/\/mittsjukafriska.se\/wp-content\/uploads\/2020\/01\/IMG_20200109_074047_resized_20200109_083204196-1040x1387.jpg 1040w\" sizes=\"auto, (max-width: 150px) 100vw, 150px\" \/><br>V\u00e4l framme p\u00e5 jobbet s\u00e5 var det bara till att byta om till den vita &#8221;pyjamasen&#8221; i vanlig ordning.<br>Idag var det bara jag och V som var uskor. FY FAN vilken dag!<br>Det k\u00e4ndes som om att det aldrig skulle ta slut och f\u00f6rutom dom med nummerlapp s\u00e5 var det \u00e4ven 6 l\u00e4kare p\u00e5 plats som ocks\u00e5 skulle ha sin hj\u00e4lp :-\/<br>S\u00e5 n\u00e4r klockan blev st\u00e4ngning s\u00e5 jublade jag h\u00f6gt inombords.<br>Hela denna veckan har varit helt upp och ner.<br>Tack o lov att det \u00e4r fredag imorgon och att det \u00e4r ledig helg.<br><br>N\u00e4r jag sen kom hem s\u00e5 var hela familjen hemma.<br>Efter att ha h\u00e4lsa och pussat p\u00e5 alla s\u00e5 gick jag in till K &amp; I och sl\u00e4ngde mig p\u00e5 hans s\u00e4ng.<br>Sen fr\u00e5gade jag I om hon ville fl\u00e4ta mitt h\u00e5r &lt;3 \ud83d\ude00<br>Off course she did. <br><br>Sen stack dom hem till hennes mamma eller pappa f\u00f6r att k\u00e4ka.<br>Vi andra i hush\u00e5llet begav oss till subway f\u00f6r att \u00e4ta d\u00e4r.<br>Ingenting f\u00f6r mig det d\u00e4r. Jag \u00e4r alldels f\u00f6r sn\u00e5l f\u00f6r att l\u00e4gga s\u00e5 mycket pengar p\u00e5 n\u00e5got jag hade kunnat fixa hemma f\u00f6r halva det priset.<br>MEN nu har vi pr\u00f6vat p\u00e5 det och g\u00f6r inte om det \ud83d\ude42<br><br>Imorgon fyller gudsonen 1(!!!) \u00e5r s\u00e5 det b\u00e4r iv\u00e4g dit f\u00f6r att fira solstr\u00e5len d\u00e5 vi b\u00e5da jobbar n\u00e4sta helg n\u00e4r det \u00e4r kalas.<br><br>Jag har haft lite tankar kring en massa olika saker idag.<br>Jag vet att jag t\u00e4nkte att jag skulle skriva om dom h\u00e4r idag men s\u00e5 blev det ju inte.<br>F\u00f6r som vanligt s\u00e5 har jag gl\u00f6mt dom *hahahah*<br>VV g\u00e5r det f\u00f6rv\u00e5nansv\u00e4rt bra med.<br>Jag beh\u00f6ver bra l\u00e4ra mig att planer b\u00e4ttre.<br>Men det \u00e4r bara f\u00f6rsta veckan s\u00e5 jag kan ju inte ha f\u00f6r stora krav p\u00e5 mig sj\u00e4lv.<br>Det \u00e4r ju ocks\u00e5 en del av allt jag h\u00e5ller p\u00e5 att l\u00e4ra om. Att jag inte beh\u00f6ver kunna allt direkt utan det \u00e4r okej att det tar tid innan saker och ting sitter.<br>P\u00e5 s\u00e5 s\u00e4tt kanske jag kan hindra mig sj\u00e4lv fr\u00e5n att ge upp bara f\u00f6r att jag inte kan n\u00e5 m\u00e5let direkt.<br>N\u00e4. NU ska jag ta mina popcorn och k\u00e4ka upp mina sista points f\u00f6r dagen \ud83d\ude00<br>Ha en underbar kv\u00e4ll <br><br><img loading=\"lazy\" decoding=\"async\" width=\"150\" height=\"200\" class=\"wp-image-1880\" style=\"width: 150px;\" src=\"http:\/\/mittsjukafriska.se\/wp-content\/uploads\/2020\/01\/IMG_20200109_064748_resized_20200109_083203820-1-scaled.jpg\" alt=\"\" srcset=\"https:\/\/mittsjukafriska.se\/wp-content\/uploads\/2020\/01\/IMG_20200109_064748_resized_20200109_083203820-1-scaled.jpg 1920w, https:\/\/mittsjukafriska.se\/wp-content\/uploads\/2020\/01\/IMG_20200109_064748_resized_20200109_083203820-1-225x300.jpg 225w, https:\/\/mittsjukafriska.se\/wp-content\/uploads\/2020\/01\/IMG_20200109_064748_resized_20200109_083203820-1-768x1024.jpg 768w, https:\/\/mittsjukafriska.se\/wp-content\/uploads\/2020\/01\/IMG_20200109_064748_resized_20200109_083203820-1-1152x1536.jpg 1152w, https:\/\/mittsjukafriska.se\/wp-content\/uploads\/2020\/01\/IMG_20200109_064748_resized_20200109_083203820-1-1536x2048.jpg 1536w, https:\/\/mittsjukafriska.se\/wp-content\/uploads\/2020\/01\/IMG_20200109_064748_resized_20200109_083203820-1-370x493.jpg 370w, https:\/\/mittsjukafriska.se\/wp-content\/uploads\/2020\/01\/IMG_20200109_064748_resized_20200109_083203820-1-1040x1387.jpg 1040w\" sizes=\"auto, (max-width: 150px) 100vw, 150px\" \/><br>En som kr\u00e4vde lite extra uppm\u00e4rksamhet i morse &lt;3<\/p>\n","protected":false},"excerpt":{"rendered":"<p>Idag valde jag bannemig att ha p\u00e5 min en kl\u00e4nning.Jag \u00e4lskar kl\u00e4nningar men jag tycker aldrig att jag har n\u00e5got som passar till just den dagen som jag vill ha den p\u00e5 :-SMen idag blev det av. \ud83d\ude00 &lt;3 V\u00e4l framme p\u00e5 jobbet s\u00e5 var det bara till att byta om till den vita &#8221;pyjamasen&#8221; i vanlig ordning.Idag var det bara jag och V som var uskor. FY FAN vilken dag!Det k\u00e4ndes som om att det aldrig skulle ta slut och f\u00f6rutom dom med nummerlapp s\u00e5 var det \u00e4ven 6 l\u00e4kare p\u00e5 plats som ocks\u00e5 skulle ha sin hj\u00e4lp :-\/S\u00e5 n\u00e4r klockan blev st\u00e4ngning s\u00e5 jublade jag h\u00f6gt inombords.Hela denna veckan har varit helt upp och ner.Tack o lov att det \u00e4r fredag imorgon och att det \u00e4r ledig helg. N\u00e4r jag sen kom hem s\u00e5 var hela familjen hemma.Efter att ha h\u00e4lsa och pussat p\u00e5 alla s\u00e5 gick jag in till K &amp; I och sl\u00e4ngde mig p\u00e5 hans s\u00e4ng.Sen fr\u00e5gade jag I om hon ville fl\u00e4ta mitt h\u00e5r &lt;3 \ud83d\ude00Off course she did. Sen stack dom hem till hennes mamma eller pappa f\u00f6r att k\u00e4ka.Vi andra i hush\u00e5llet begav oss till subway f\u00f6r att \u00e4ta d\u00e4r.Ingenting f\u00f6r mig det d\u00e4r. Jag \u00e4r alldels f\u00f6r sn\u00e5l f\u00f6r att l\u00e4gga s\u00e5 mycket pengar p\u00e5 n\u00e5got jag hade kunnat fixa hemma f\u00f6r halva det priset.MEN nu har vi pr\u00f6vat p\u00e5 det och g\u00f6r inte om det \ud83d\ude42 Imorgon fyller gudsonen 1(!!!) \u00e5r s\u00e5 det b\u00e4r iv\u00e4g dit f\u00f6r att fira solstr\u00e5len d\u00e5 vi b\u00e5da jobbar n\u00e4sta helg n\u00e4r det \u00e4r kalas. Jag har haft lite tankar kring en massa olika saker idag.Jag vet att jag t\u00e4nkte att jag skulle skriva om dom h\u00e4r idag men s\u00e5 blev det ju inte.F\u00f6r som vanligt s\u00e5 har jag gl\u00f6mt dom *hahahah*VV g\u00e5r det f\u00f6rv\u00e5nansv\u00e4rt bra med.Jag beh\u00f6ver bra l\u00e4ra mig att planer b\u00e4ttre.Men det \u00e4r bara f\u00f6rsta veckan s\u00e5 jag kan ju inte ha f\u00f6r stora krav p\u00e5 mig sj\u00e4lv.Det \u00e4r ju ocks\u00e5 en del av allt jag h\u00e5ller p\u00e5 att l\u00e4ra om. Att jag inte beh\u00f6ver kunna allt direkt utan det \u00e4r okej att det tar tid innan saker och ting sitter.P\u00e5 s\u00e5 s\u00e4tt kanske jag kan hindra mig sj\u00e4lv fr\u00e5n att ge upp bara f\u00f6r att jag inte kan n\u00e5 m\u00e5let direkt.N\u00e4. NU ska jag ta mina popcorn och k\u00e4ka upp mina sista points f\u00f6r dagen \ud83d\ude00Ha en underbar kv\u00e4ll En som kr\u00e4vde lite extra uppm\u00e4rksamhet i morse &lt;3<\/p>\n","protected":false},"author":3,"featured_media":0,"comment_status":"open","ping_status":"open","sticky":false,"template":"","format":"standard","meta":{"_jetpack_memberships_contains_paid_content":false,"footnotes":""},"categories":[1],"tags":[],"class_list":["post-1877","post","type-post","status-publish","format-standard","hentry","category-personligt"],"jetpack_featured_media_url":"","jetpack_sharing_enabled":true,"_links":{"self":[{"href":"https:\/\/mittsjukafriska.se\/index.php?rest_route=\/wp\/v2\/posts\/1877","targetHints":{"allow":["GET"]}}],"collection":[{"href":"https:\/\/mittsjukafriska.se\/index.php?rest_route=\/wp\/v2\/posts"}],"about":[{"href":"https:\/\/mittsjukafriska.se\/index.php?rest_route=\/wp\/v2\/types\/post"}],"author":[{"embeddable":true,"href":"https:\/\/mittsjukafriska.se\/index.php?rest_route=\/wp\/v2\/users\/3"}],"replies":[{"embeddable":true,"href":"https:\/\/mittsjukafriska.se\/index.php?rest_route=%2Fwp%2Fv2%2Fcomments&post=1877"}],"version-history":[{"count":2,"href":"https:\/\/mittsjukafriska.se\/index.php?rest_route=\/wp\/v2\/posts\/1877\/revisions"}],"predecessor-version":[{"id":1884,"href":"https:\/\/mittsjukafriska.se\/index.php?rest_route=\/wp\/v2\/posts\/1877\/revisions\/1884"}],"wp:attachment":[{"href":"https:\/\/mittsjukafriska.se\/index.php?rest_route=%2Fwp%2Fv2%2Fmedia&parent=1877"}],"wp:term":[{"taxonomy":"category","embeddable":true,"href":"https:\/\/mittsjukafriska.se\/index.php?rest_route=%2Fwp%2Fv2%2Fcategories&post=1877"},{"taxonomy":"post_tag","embeddable":true,"href":"https:\/\/mittsjukafriska.se\/index.php?rest_route=%2Fwp%2Fv2%2Ftags&post=1877"}],"curies":[{"name":"wp","href":"https:\/\/api.w.org\/{rel}","templated":true}]}}