{"id":1885,"date":"2020-01-13T12:54:46","date_gmt":"2020-01-13T11:54:46","guid":{"rendered":"http:\/\/mittsjukafriska.se\/?p=1885"},"modified":"2020-01-13T12:55:36","modified_gmt":"2020-01-13T11:55:36","slug":"elle-belle-bi-nu-aker-du-ut","status":"publish","type":"post","link":"https:\/\/mittsjukafriska.se\/?p=1885","title":{"rendered":"Elle belle bi&#8230;\u2026. Nu \u00e5ker du ut."},"content":{"rendered":"\n<p>S\u00e5 var det dags att ta farv\u00e4l av julen f\u00f6r denna g\u00e5ngen.<br>Lite tr\u00e5kigt var det allt att plocka ner den f\u00f6r den inger ju trotsallt en mysig k\u00e4nsla av v\u00e4rme och lugn.<br>Men nu fick det r\u00e4cka och det var faktiskt r\u00e4tt sk\u00f6nt att f\u00e5 tillbaka ordningen d\u00e4r hemma med att ha sakerna p\u00e5 &#8221;r\u00e4tt&#8221; plats igen.<br><br>Mitt i ut st\u00e4dningen s\u00e5 passade vi \u00e4ven p\u00e5 att ta en promenad med hund och ungar i skogen igen.<br>I l\u00f6rdags var det ju s\u00e5 \u00e4rligt v\u00e4der s\u00e5 vi passade p\u00e5. Tur var v\u00e4l det f\u00f6r s\u00f6ndagen bj\u00f6d ju bara p\u00e5 regn och rusk.<br>Maken tog med sig sin kamera och tog en hel del bilder av b\u00e5de barn och hund. \ud83d\ude42<\/p>\n\n\n\n<figure class=\"wp-block-image\"><img decoding=\"async\" src=\"https:\/\/scontent-arn2-1.xx.fbcdn.net\/v\/t1.0-9\/81784418_10157055596541947_4383262434807250944_o.jpg?_nc_cat=111&amp;_nc_ohc=B_ETXBw5agYAQn6FUHZGdjmB7VTt7tYWQxiawNonBhcnRCb6DnnbqGfVw&amp;_nc_ht=scontent-arn2-1.xx&amp;oh=d0a44d709dbd083f3e5d87492b105c80&amp;oe=5E9C3780\" alt=\"Bilden kan inneh\u00e5lla: hund, utomhus och natur\"\/><figcaption>Visst \u00e4r han vacker!<\/figcaption><\/figure>\n\n\n\n<p><br>I g\u00e5r (s\u00f6ndag) s\u00e5 blev det en fika med syster-yster p\u00e5 EspressoHouse.<br>15(!!!!!) po\u00e4ng (Allts\u00e5 HALVA min dags ranson) gick det \u00e5t p\u00e5 1 chaiLatte och en Mandelbiscotti *hujedamig* Det var det INTE v\u00e4rt kan jag ju meddela.<br>N\u00e5ja. Jag hade en trevlig stund med min syster. Vi tr\u00e4ffas ju, tyv\u00e4rr, inte s\u00e5 ofta nu l\u00e4ngre.<br>Det \u00e4r lite l\u00e5ngt att bara sv\u00e4nga inom Helsingborg f\u00f6r att s\u00e4ga hej &lt;3<\/p>\n\n\n\n<p>Denna helgen har ju d\u00e5 som sagt inte varit n\u00e5gon hitt n\u00e4r det kommer till att ha koll p\u00e5 mina po\u00e4ng.<br>I fredags blev vi bjudna p\u00e5 mat.<br>Helt underbart god s\u00e5dan. Men d\u00e4r gick M\u00c5\u00c5\u00c5\u00c5NGA po\u00e4ng och i l\u00f6rdags var det INTE en bra karakt\u00e4rsdag heller.<br>F\u00f6r ist\u00e4llet f\u00f6r att ta upp <em>min<\/em> portion av vad jag skulle \u00e4ta s\u00e5 gick jag och sm\u00e5\u00e5t av b\u00e5de godiset och chipsen s\u00e5 det fick ju l\u00e4ggas in som betydligt mer \u00e4n vad jag skulle ha \u00e4tit.<br>Och efter bes\u00f6ket p\u00e5 EH s\u00e5 kan jag meddela att jag i slutet av dagen ig\u00e5r l\u00e5g p\u00e5 -29 po\u00e4ng! *ghhhaaaa*<br>N\u00e5ja. Det \u00e4r bara till att ta nya tag idag och se till att inte g\u00f6ra samma misstag i helgen som kommer.<br><\/p>\n","protected":false},"excerpt":{"rendered":"<p>S\u00e5 var det dags att ta farv\u00e4l av julen f\u00f6r denna g\u00e5ngen.Lite tr\u00e5kigt var det allt att plocka ner den f\u00f6r den inger ju trotsallt en mysig k\u00e4nsla av v\u00e4rme och lugn.Men nu fick det r\u00e4cka och det var faktiskt r\u00e4tt sk\u00f6nt att f\u00e5 tillbaka ordningen d\u00e4r hemma med att ha sakerna p\u00e5 &#8221;r\u00e4tt&#8221; plats igen. Mitt i ut st\u00e4dningen s\u00e5 passade vi \u00e4ven p\u00e5 att ta en promenad med hund och ungar i skogen igen.I l\u00f6rdags var det ju s\u00e5 \u00e4rligt v\u00e4der s\u00e5 vi passade p\u00e5. Tur var v\u00e4l det f\u00f6r s\u00f6ndagen bj\u00f6d ju bara p\u00e5 regn och rusk.Maken tog med sig sin kamera och tog en hel del bilder av b\u00e5de barn och hund. \ud83d\ude42 I g\u00e5r (s\u00f6ndag) s\u00e5 blev det en fika med syster-yster p\u00e5 EspressoHouse.15(!!!!!) po\u00e4ng (Allts\u00e5 HALVA min dags ranson) gick det \u00e5t p\u00e5 1 chaiLatte och en Mandelbiscotti *hujedamig* Det var det INTE v\u00e4rt kan jag ju meddela.N\u00e5ja. Jag hade en trevlig stund med min syster. Vi tr\u00e4ffas ju, tyv\u00e4rr, inte s\u00e5 ofta nu l\u00e4ngre.Det \u00e4r lite l\u00e5ngt att bara sv\u00e4nga inom Helsingborg f\u00f6r att s\u00e4ga hej &lt;3 Denna helgen har ju d\u00e5 som sagt inte varit n\u00e5gon hitt n\u00e4r det kommer till att ha koll p\u00e5 mina po\u00e4ng.I fredags blev vi bjudna p\u00e5 mat.Helt underbart god s\u00e5dan. Men d\u00e4r gick M\u00c5\u00c5\u00c5\u00c5NGA po\u00e4ng och i l\u00f6rdags var det INTE en bra karakt\u00e4rsdag heller.F\u00f6r ist\u00e4llet f\u00f6r att ta upp min portion av vad jag skulle \u00e4ta s\u00e5 gick jag och sm\u00e5\u00e5t av b\u00e5de godiset och chipsen s\u00e5 det fick ju l\u00e4ggas in som betydligt mer \u00e4n vad jag skulle ha \u00e4tit.Och efter bes\u00f6ket p\u00e5 EH s\u00e5 kan jag meddela att jag i slutet av dagen ig\u00e5r l\u00e5g p\u00e5 -29 po\u00e4ng! *ghhhaaaa*N\u00e5ja. Det \u00e4r bara till att ta nya tag idag och se till att inte g\u00f6ra samma misstag i helgen som kommer.<\/p>\n","protected":false},"author":3,"featured_media":0,"comment_status":"open","ping_status":"open","sticky":false,"template":"","format":"standard","meta":{"_jetpack_memberships_contains_paid_content":false,"footnotes":""},"categories":[1],"tags":[],"class_list":["post-1885","post","type-post","status-publish","format-standard","hentry","category-personligt"],"jetpack_featured_media_url":"","jetpack_sharing_enabled":true,"_links":{"self":[{"href":"https:\/\/mittsjukafriska.se\/index.php?rest_route=\/wp\/v2\/posts\/1885","targetHints":{"allow":["GET"]}}],"collection":[{"href":"https:\/\/mittsjukafriska.se\/index.php?rest_route=\/wp\/v2\/posts"}],"about":[{"href":"https:\/\/mittsjukafriska.se\/index.php?rest_route=\/wp\/v2\/types\/post"}],"author":[{"embeddable":true,"href":"https:\/\/mittsjukafriska.se\/index.php?rest_route=\/wp\/v2\/users\/3"}],"replies":[{"embeddable":true,"href":"https:\/\/mittsjukafriska.se\/index.php?rest_route=%2Fwp%2Fv2%2Fcomments&post=1885"}],"version-history":[{"count":1,"href":"https:\/\/mittsjukafriska.se\/index.php?rest_route=\/wp\/v2\/posts\/1885\/revisions"}],"predecessor-version":[{"id":1886,"href":"https:\/\/mittsjukafriska.se\/index.php?rest_route=\/wp\/v2\/posts\/1885\/revisions\/1886"}],"wp:attachment":[{"href":"https:\/\/mittsjukafriska.se\/index.php?rest_route=%2Fwp%2Fv2%2Fmedia&parent=1885"}],"wp:term":[{"taxonomy":"category","embeddable":true,"href":"https:\/\/mittsjukafriska.se\/index.php?rest_route=%2Fwp%2Fv2%2Fcategories&post=1885"},{"taxonomy":"post_tag","embeddable":true,"href":"https:\/\/mittsjukafriska.se\/index.php?rest_route=%2Fwp%2Fv2%2Ftags&post=1885"}],"curies":[{"name":"wp","href":"https:\/\/api.w.org\/{rel}","templated":true}]}}