{"id":1894,"date":"2020-01-17T23:41:52","date_gmt":"2020-01-17T22:41:52","guid":{"rendered":"http:\/\/mittsjukafriska.se\/?p=1894"},"modified":"2020-01-17T23:44:13","modified_gmt":"2020-01-17T22:44:13","slug":"forlovning-och-koltrastar","status":"publish","type":"post","link":"https:\/\/mittsjukafriska.se\/?p=1894","title":{"rendered":"F\u00f6rlovning och koltrastar."},"content":{"rendered":"\n<p>Kan ni t\u00e4nka er att det bara \u00e4r januari m\u00e5nad och redan h\u00f6r man hur koltrastarna sjunger in v\u00e5ren :-S<br>Sj\u00e4lva ljudet \u00e4r underbart, men jag vet inte om jag riktigt gillar att h\u00f6ra det s\u00e5 h\u00e4r tidigt p\u00e5 \u00e5ret.<br>Det f\u00e5r det verkligen att ifr\u00e5gas\u00e4tta hur pass illa det \u00e4r st\u00e4llt i v\u00e4rlden.<br>Jag f\u00f6rs\u00f6ker att g\u00f6ra min del i det hela.<br>Jag hade s\u00e4kert kunnat g\u00f6ra mer, men det kommer i sinom tid.<br><br>Ig\u00e5r var Emil i aff\u00e4ren med sin pappa och d\u00e4r fick han skruva p\u00e5 dom d\u00e4r godis maskinerna.<br>Han fick iaf en ring. Den ringen skulle han ge till &#8221;Josefin&#8221; p\u00e5 dagis f\u00f6r hon var hans flickv\u00e4n &lt;3<\/p>\n\n\n\n<p><br>Sagt och gjort. I morse n\u00e4r jag l\u00e4mnade honom p\u00e5 dagis s\u00e5 gick han fram och gav henne den.<br>Hon tyckte att den var j\u00e4ttefin men hon kunde inte ha den f\u00f6r att den var f\u00f6r stor \ud83d\ude00<br>N\u00e4r jag sen hade h\u00e4mtat Emil s\u00e5 ber\u00e4ttade han att fr\u00f6ken hade hj\u00e4lpt henne med att f\u00e5 den till att passa och d\u00e5 ville hon j\u00e4tteg\u00e4rna ha den &lt;3<br>Det \u00e4r s\u00e5 h\u00e4rligt med den sortens &#8221;k\u00e4rlek&#8221; den \u00e4r s\u00e5 oskyldig och kravl\u00f6s.<br><br>Idag vankades det \u00e4ven kalas!<br>T\u00e4nka sig att min bror och min systerdotter fyller \u00e5r idag.<br>Han 40 och hon 22! Var tar tiden v\u00e4gen?!<br>Jag minns den kv\u00e4llen, hon f\u00f6ddes, s\u00e5 v\u00e4l.<br>Min &#8221;lilla&#8221; prinsessa. F\u00f6rst av alla barnbarn i familjen.<br>S\u00e5 klok och vis p\u00e5 alla s\u00e4tt och vis.<br>Envis som synden men med skinn p\u00e5 n\u00e4san.<br>\u00c4lskar henne s\u00e5 oerh\u00f6rt mycket.<br><br>&#8221;Familjen \u00e4r ALLTID nummer 1&#8221;<br><br>Nu ska denna personen g\u00e5 och sova f\u00f6r i helgen \u00e4r det jobb som g\u00e4ller.<br>12 dagar p\u00e5 raken kan ta ut sin r\u00e4tt annars.<br><br>Puss p\u00e5 er<\/p>\n\n\n\n<figure class=\"wp-block-image size-large\"><img loading=\"lazy\" decoding=\"async\" width=\"768\" height=\"1024\" src=\"http:\/\/mittsjukafriska.se\/wp-content\/uploads\/2020\/01\/IMG_20200117_071708-768x1024.jpg\" alt=\"\" class=\"wp-image-1896\" srcset=\"https:\/\/mittsjukafriska.se\/wp-content\/uploads\/2020\/01\/IMG_20200117_071708-768x1024.jpg 768w, https:\/\/mittsjukafriska.se\/wp-content\/uploads\/2020\/01\/IMG_20200117_071708-225x300.jpg 225w, https:\/\/mittsjukafriska.se\/wp-content\/uploads\/2020\/01\/IMG_20200117_071708-1152x1536.jpg 1152w, https:\/\/mittsjukafriska.se\/wp-content\/uploads\/2020\/01\/IMG_20200117_071708-1536x2048.jpg 1536w, https:\/\/mittsjukafriska.se\/wp-content\/uploads\/2020\/01\/IMG_20200117_071708-370x493.jpg 370w, https:\/\/mittsjukafriska.se\/wp-content\/uploads\/2020\/01\/IMG_20200117_071708-1040x1387.jpg 1040w, https:\/\/mittsjukafriska.se\/wp-content\/uploads\/2020\/01\/IMG_20200117_071708-scaled.jpg 1920w\" sizes=\"auto, (max-width: 768px) 100vw, 768px\" \/><\/figure>\n\n\n","protected":false},"excerpt":{"rendered":"<p>Kan ni t\u00e4nka er att det bara \u00e4r januari m\u00e5nad och redan h\u00f6r man hur koltrastarna sjunger in v\u00e5ren :-SSj\u00e4lva ljudet \u00e4r underbart, men jag vet inte om jag riktigt gillar att h\u00f6ra det s\u00e5 h\u00e4r tidigt p\u00e5 \u00e5ret.Det f\u00e5r det verkligen att ifr\u00e5gas\u00e4tta hur pass illa det \u00e4r st\u00e4llt i v\u00e4rlden.Jag f\u00f6rs\u00f6ker att g\u00f6ra min del i det hela.Jag hade s\u00e4kert kunnat g\u00f6ra mer, men det kommer i sinom tid. Ig\u00e5r var Emil i aff\u00e4ren med sin pappa och d\u00e4r fick han skruva p\u00e5 dom d\u00e4r godis maskinerna.Han fick iaf en ring. Den ringen skulle han ge till &#8221;Josefin&#8221; p\u00e5 dagis f\u00f6r hon var hans flickv\u00e4n &lt;3 Sagt och gjort. I morse n\u00e4r jag l\u00e4mnade honom p\u00e5 dagis s\u00e5 gick han fram och gav henne den.Hon tyckte att den var j\u00e4ttefin men hon kunde inte ha den f\u00f6r att den var f\u00f6r stor \ud83d\ude00N\u00e4r jag sen hade h\u00e4mtat Emil s\u00e5 ber\u00e4ttade han att fr\u00f6ken hade hj\u00e4lpt henne med att f\u00e5 den till att passa och d\u00e5 ville hon j\u00e4tteg\u00e4rna ha den &lt;3Det \u00e4r s\u00e5 h\u00e4rligt med den sortens &#8221;k\u00e4rlek&#8221; den \u00e4r s\u00e5 oskyldig och kravl\u00f6s. Idag vankades det \u00e4ven kalas!T\u00e4nka sig att min bror och min systerdotter fyller \u00e5r idag.Han 40 och hon 22! Var tar tiden v\u00e4gen?!Jag minns den kv\u00e4llen, hon f\u00f6ddes, s\u00e5 v\u00e4l.Min &#8221;lilla&#8221; prinsessa. F\u00f6rst av alla barnbarn i familjen.S\u00e5 klok och vis p\u00e5 alla s\u00e4tt och vis.Envis som synden men med skinn p\u00e5 n\u00e4san.\u00c4lskar henne s\u00e5 oerh\u00f6rt mycket. &#8221;Familjen \u00e4r ALLTID nummer 1&#8221; Nu ska denna personen g\u00e5 och sova f\u00f6r i helgen \u00e4r det jobb som g\u00e4ller.12 dagar p\u00e5 raken kan ta ut sin r\u00e4tt annars. Puss p\u00e5 er<\/p>\n","protected":false},"author":3,"featured_media":0,"comment_status":"open","ping_status":"open","sticky":false,"template":"","format":"standard","meta":{"_jetpack_memberships_contains_paid_content":false,"footnotes":""},"categories":[1],"tags":[],"class_list":["post-1894","post","type-post","status-publish","format-standard","hentry","category-personligt"],"jetpack_featured_media_url":"","jetpack_sharing_enabled":true,"_links":{"self":[{"href":"https:\/\/mittsjukafriska.se\/index.php?rest_route=\/wp\/v2\/posts\/1894","targetHints":{"allow":["GET"]}}],"collection":[{"href":"https:\/\/mittsjukafriska.se\/index.php?rest_route=\/wp\/v2\/posts"}],"about":[{"href":"https:\/\/mittsjukafriska.se\/index.php?rest_route=\/wp\/v2\/types\/post"}],"author":[{"embeddable":true,"href":"https:\/\/mittsjukafriska.se\/index.php?rest_route=\/wp\/v2\/users\/3"}],"replies":[{"embeddable":true,"href":"https:\/\/mittsjukafriska.se\/index.php?rest_route=%2Fwp%2Fv2%2Fcomments&post=1894"}],"version-history":[{"count":2,"href":"https:\/\/mittsjukafriska.se\/index.php?rest_route=\/wp\/v2\/posts\/1894\/revisions"}],"predecessor-version":[{"id":1897,"href":"https:\/\/mittsjukafriska.se\/index.php?rest_route=\/wp\/v2\/posts\/1894\/revisions\/1897"}],"wp:attachment":[{"href":"https:\/\/mittsjukafriska.se\/index.php?rest_route=%2Fwp%2Fv2%2Fmedia&parent=1894"}],"wp:term":[{"taxonomy":"category","embeddable":true,"href":"https:\/\/mittsjukafriska.se\/index.php?rest_route=%2Fwp%2Fv2%2Fcategories&post=1894"},{"taxonomy":"post_tag","embeddable":true,"href":"https:\/\/mittsjukafriska.se\/index.php?rest_route=%2Fwp%2Fv2%2Ftags&post=1894"}],"curies":[{"name":"wp","href":"https:\/\/api.w.org\/{rel}","templated":true}]}}