{"id":1898,"date":"2020-01-19T12:51:35","date_gmt":"2020-01-19T11:51:35","guid":{"rendered":"http:\/\/mittsjukafriska.se\/?p=1898"},"modified":"2020-01-19T12:51:35","modified_gmt":"2020-01-19T11:51:35","slug":"man-behover-stigbyglar-for-att-komma-upp-i-sadeln","status":"publish","type":"post","link":"https:\/\/mittsjukafriska.se\/?p=1898","title":{"rendered":"Man beh\u00f6ver stigbyglar f\u00f6r att komma upp i sadeln!"},"content":{"rendered":"\n<p>Jag har l\u00e4nge funderat p\u00e5 om jag ska ta och sadla om helt i mitt liv.<br>Jag vet inte riktigt till vad dock. Det jag vet \u00e4r att jag <em>INTE<\/em> \u00e4r ett l\u00e4s-huvud.<br>S\u00e5 jag m\u00e5ste ju isf v\u00e4lja n\u00e5got d\u00e4r man praktiskt kan l\u00e4ra sig det som kr\u00e4vs.<br>Bara tanken p\u00e5 att beh\u00f6ver plugga f\u00e5r det att krypa i kroppen p\u00e5 en.<br>Jag kan verkligen hata n\u00e4r mitt huvud g\u00f6r s\u00e5 h\u00e4r!<br>S\u00e4tter upp tankar som f\u00e5r mig att vilja \u00e4ndra p\u00e5 n\u00e5got.<br>Att konstant ha den d\u00e4r k\u00e4nslan av att aldrig vara n\u00f6jd.<br>Jag kan inte bara leva h\u00e4r och nu.<br>Jag k\u00e4nner i hela min kropp att jag egentligen \u00e4r \u00e4mnad f\u00f6r n\u00e5got mer! <br>Men vad!?<br><br>Jag vet bara att jag vill ha ett jobb som kan ge mig en sk\u00e4lig l\u00f6n f\u00f6r det arbetet jag utf\u00f6r.<br>F\u00f6r DET f\u00e5r man <em>inte<\/em> i Region sk\u00e5ne!<br>Det \u00e4r mer v\u00e4rt att s\u00e4lja hus \u00e4n vad det \u00e4r att jobba med m\u00e4nniskor och r\u00e4dda liv. <br>Men s\u00e5 \u00e4r det.<br>Jag h\u00e5ller ju koll efter annat men samtidigt s\u00e5 vill jag inte byta.<br>Jag trivs p\u00e5 min arbetsplats.<br>Ja, jag kan bli lite uttr\u00e5kad emellan\u00e5t men det \u00e4r ju det d\u00e4r -jag \u00e4r aldrig n\u00f6jd- problemet jag har.<br>+ att jag ibland inte t\u00e5ler att vara n\u00e4ra andra m\u00e4nniskor.<br>Jag hade nog passat b\u00e4ttre med att jobba med djur eller n\u00e5tt \ud83d\ude09<br><br>VV g\u00e5r det sis\u00e5d\u00e4r med.<br>Eller allts\u00e5 jag g\u00e5r ner sakta men s\u00e4kert.<br>Men det \u00e4r sv\u00e5rt att h\u00e5lla po\u00e4ngen nere p\u00e5 vad man \u00e4ter.<br>Och om man kollar p\u00e5 vad vissa saker &#8221;kostar&#8221; i po\u00e4ng s\u00e5 \u00e4r det fan inte konstigt att fetma \u00e4r en sjukdom i detta landet.<br>Bara en simple frukost som m\u00fcsli och yoghurt (som man kan tycka \u00e4r relativt nyttigt) \u00e4r ca 9 po\u00e4ng.<br>Jag som d\u00e5 har 30 po\u00e4ng att \u00e4ta f\u00f6r varje dag f\u00f6rlorar ju ganska mycket p\u00e5 bara frukosten isf.<br>S\u00e5 det \u00e4r ett pussel. Men denna veckan har det g\u00e5tt b\u00e4ttre iaf.<br>Jag har inga veckopo\u00e4ng kvar men imorgon f\u00e5r jag nya.<br><br>P\u00e5 l\u00f6rdag fyller denna kvinnan \u00e5r! 37! Jag f\u00e5r lite \u00e5ngest n\u00e4r jag s\u00e4ger det talet.<br>Varf\u00f6r vet jag inte. F\u00f6r jag vill inte kalla det \u00e5ldersnojja.<br>Jag f\u00e5r d\u00e4remot en k\u00e4nsla av att jag ska hinna med s\u00e5 himla mycket.<br>Att n\u00e4r jag \u00e4r 40 s\u00e5 vill jag ha gjort en massa saker.<br>Fr\u00e5ga mig inte vad f\u00f6r det vet jag inte. Men k\u00e4nslan \u00e4r d\u00e4r och skapar lite kaos.<br><br>Hur funkar livet annars?<br>Jomen det funkar.<br>Dom 2 \u00e4ldre killarna b\u00f6rjar landa i sitt hormonkaos och jag b\u00f6rjar f\u00e5 tillbaka mina fina s\u00f6ner som dom var innan kroppen gick in i den hormonella stormen.<br>Medan dom 2 b\u00f6rjar landa s\u00e5 tar skitungen vid ist\u00e4llet.<br>Den &#8221;underbara&#8221; 6 \u00e5rsfasen \u00e4r p\u00e5 ing\u00e5ng. MED STORA STEG kan jag meddela.<br>Det \u00e4r v\u00e4ldigt mycket k\u00e4nslor just nu.<br>Allt fr\u00e5n att jorden g\u00e5r under f\u00f6r att man fick mj\u00f6lk ist\u00e4llet f\u00f6r vatten till surande f\u00f6r att man inte kan ha sommarskor nu \ud83d\ude00<br>Men han \u00e4r \u00e4nd\u00e5 relativt l\u00e4tt att avstyra. \u00c4n s\u00e5 l\u00e4nge.<br>Ut\u00f6ver det s\u00e5 leker livet p\u00e5 i vanlig ordning.<br>Snart \u00e4r denna jobbe helgen \u00f6ver och imorgon \u00e4r det nya tag p\u00e5 en ny vecka.<br>Ha det underbart i det h\u00e4rliga v\u00e4dret vi faktiskt har f\u00e5tt idag!<br>Puss p\u00e5 er<br><\/p>\n","protected":false},"excerpt":{"rendered":"<p>Jag har l\u00e4nge funderat p\u00e5 om jag ska ta och sadla om helt i mitt liv.Jag vet inte riktigt till vad dock. Det jag vet \u00e4r att jag INTE \u00e4r ett l\u00e4s-huvud.S\u00e5 jag m\u00e5ste ju isf v\u00e4lja n\u00e5got d\u00e4r man praktiskt kan l\u00e4ra sig det som kr\u00e4vs.Bara tanken p\u00e5 att beh\u00f6ver plugga f\u00e5r det att krypa i kroppen p\u00e5 en.Jag kan verkligen hata n\u00e4r mitt huvud g\u00f6r s\u00e5 h\u00e4r!S\u00e4tter upp tankar som f\u00e5r mig att vilja \u00e4ndra p\u00e5 n\u00e5got.Att konstant ha den d\u00e4r k\u00e4nslan av att aldrig vara n\u00f6jd.Jag kan inte bara leva h\u00e4r och nu.Jag k\u00e4nner i hela min kropp att jag egentligen \u00e4r \u00e4mnad f\u00f6r n\u00e5got mer! Men vad!? Jag vet bara att jag vill ha ett jobb som kan ge mig en sk\u00e4lig l\u00f6n f\u00f6r det arbetet jag utf\u00f6r.F\u00f6r DET f\u00e5r man inte i Region sk\u00e5ne!Det \u00e4r mer v\u00e4rt att s\u00e4lja hus \u00e4n vad det \u00e4r att jobba med m\u00e4nniskor och r\u00e4dda liv. Men s\u00e5 \u00e4r det.Jag h\u00e5ller ju koll efter annat men samtidigt s\u00e5 vill jag inte byta.Jag trivs p\u00e5 min arbetsplats.Ja, jag kan bli lite uttr\u00e5kad emellan\u00e5t men det \u00e4r ju det d\u00e4r -jag \u00e4r aldrig n\u00f6jd- problemet jag har.+ att jag ibland inte t\u00e5ler att vara n\u00e4ra andra m\u00e4nniskor.Jag hade nog passat b\u00e4ttre med att jobba med djur eller n\u00e5tt \ud83d\ude09 VV g\u00e5r det sis\u00e5d\u00e4r med.Eller allts\u00e5 jag g\u00e5r ner sakta men s\u00e4kert.Men det \u00e4r sv\u00e5rt att h\u00e5lla po\u00e4ngen nere p\u00e5 vad man \u00e4ter.Och om man kollar p\u00e5 vad vissa saker &#8221;kostar&#8221; i po\u00e4ng s\u00e5 \u00e4r det fan inte konstigt att fetma \u00e4r en sjukdom i detta landet.Bara en simple frukost som m\u00fcsli och yoghurt (som man kan tycka \u00e4r relativt nyttigt) \u00e4r ca 9 po\u00e4ng.Jag som d\u00e5 har 30 po\u00e4ng att \u00e4ta f\u00f6r varje dag f\u00f6rlorar ju ganska mycket p\u00e5 bara frukosten isf.S\u00e5 det \u00e4r ett pussel. Men denna veckan har det g\u00e5tt b\u00e4ttre iaf.Jag har inga veckopo\u00e4ng kvar men imorgon f\u00e5r jag nya. P\u00e5 l\u00f6rdag fyller denna kvinnan \u00e5r! 37! Jag f\u00e5r lite \u00e5ngest n\u00e4r jag s\u00e4ger det talet.Varf\u00f6r vet jag inte. F\u00f6r jag vill inte kalla det \u00e5ldersnojja.Jag f\u00e5r d\u00e4remot en k\u00e4nsla av att jag ska hinna med s\u00e5 himla mycket.Att n\u00e4r jag \u00e4r 40 s\u00e5 vill jag ha gjort en massa saker.Fr\u00e5ga mig inte vad f\u00f6r det vet jag inte. Men k\u00e4nslan \u00e4r d\u00e4r och skapar lite kaos. Hur funkar livet annars?Jomen det funkar.Dom 2 \u00e4ldre killarna b\u00f6rjar landa i sitt hormonkaos och jag b\u00f6rjar f\u00e5 tillbaka mina fina s\u00f6ner som dom var innan kroppen gick in i den hormonella stormen.Medan dom 2 b\u00f6rjar landa s\u00e5 tar skitungen vid ist\u00e4llet.Den &#8221;underbara&#8221; 6 \u00e5rsfasen \u00e4r p\u00e5 ing\u00e5ng. MED STORA STEG kan jag meddela.Det \u00e4r v\u00e4ldigt mycket k\u00e4nslor just nu.Allt fr\u00e5n att jorden g\u00e5r under f\u00f6r att man fick mj\u00f6lk ist\u00e4llet f\u00f6r vatten till surande f\u00f6r att man inte kan ha sommarskor nu \ud83d\ude00Men han \u00e4r \u00e4nd\u00e5 relativt l\u00e4tt att avstyra. \u00c4n s\u00e5 l\u00e4nge.Ut\u00f6ver det s\u00e5 leker livet p\u00e5 i vanlig ordning.Snart \u00e4r denna jobbe helgen \u00f6ver och imorgon \u00e4r det nya tag p\u00e5 en ny vecka.Ha det underbart i det h\u00e4rliga v\u00e4dret vi faktiskt har f\u00e5tt idag!Puss p\u00e5 er<\/p>\n","protected":false},"author":3,"featured_media":0,"comment_status":"open","ping_status":"open","sticky":false,"template":"","format":"standard","meta":{"_jetpack_memberships_contains_paid_content":false,"footnotes":""},"categories":[1],"tags":[],"class_list":["post-1898","post","type-post","status-publish","format-standard","hentry","category-personligt"],"jetpack_featured_media_url":"","jetpack_sharing_enabled":true,"_links":{"self":[{"href":"https:\/\/mittsjukafriska.se\/index.php?rest_route=\/wp\/v2\/posts\/1898","targetHints":{"allow":["GET"]}}],"collection":[{"href":"https:\/\/mittsjukafriska.se\/index.php?rest_route=\/wp\/v2\/posts"}],"about":[{"href":"https:\/\/mittsjukafriska.se\/index.php?rest_route=\/wp\/v2\/types\/post"}],"author":[{"embeddable":true,"href":"https:\/\/mittsjukafriska.se\/index.php?rest_route=\/wp\/v2\/users\/3"}],"replies":[{"embeddable":true,"href":"https:\/\/mittsjukafriska.se\/index.php?rest_route=%2Fwp%2Fv2%2Fcomments&post=1898"}],"version-history":[{"count":1,"href":"https:\/\/mittsjukafriska.se\/index.php?rest_route=\/wp\/v2\/posts\/1898\/revisions"}],"predecessor-version":[{"id":1899,"href":"https:\/\/mittsjukafriska.se\/index.php?rest_route=\/wp\/v2\/posts\/1898\/revisions\/1899"}],"wp:attachment":[{"href":"https:\/\/mittsjukafriska.se\/index.php?rest_route=%2Fwp%2Fv2%2Fmedia&parent=1898"}],"wp:term":[{"taxonomy":"category","embeddable":true,"href":"https:\/\/mittsjukafriska.se\/index.php?rest_route=%2Fwp%2Fv2%2Fcategories&post=1898"},{"taxonomy":"post_tag","embeddable":true,"href":"https:\/\/mittsjukafriska.se\/index.php?rest_route=%2Fwp%2Fv2%2Ftags&post=1898"}],"curies":[{"name":"wp","href":"https:\/\/api.w.org\/{rel}","templated":true}]}}