{"id":2539,"date":"2021-02-05T07:43:57","date_gmt":"2021-02-05T06:43:57","guid":{"rendered":"https:\/\/mittsjukafriska.se\/?p=2539"},"modified":"2021-02-05T07:44:05","modified_gmt":"2021-02-05T06:44:05","slug":"detta-borjar-bli-lojligt","status":"publish","type":"post","link":"https:\/\/mittsjukafriska.se\/?p=2539","title":{"rendered":"Detta b\u00f6rjar bli l\u00f6jligt!"},"content":{"rendered":"\n<p>I snart 4 m\u00e5nader har vi h\u00e5llet p\u00e5 med att f\u00e5 r\u00e4tt p\u00e5 Emils ena \u00f6ra. <\/p>\n\n\n\n<p>Han har f\u00e5tt den ena kuren efter den andra men <strong>ingenting <\/strong>hj\u00e4lper. S\u00e5 fort vi slutar s\u00e5 b\u00f6rjar \u00f6rat rinna igen! Men odlingen visar ingenting. Denna g\u00e5ngen trodde jag faktiskt att det skulle sluta men <strong>n\u00e4. <\/strong>Det rinner fortfarande och inne i \u00f6rat \u00e4r d\u00e4r fullt med klet. Jag f\u00e5r frispel. Jag \u00e4r nog lite extra k\u00e4nslig n\u00e4r det kommer till \u00f6ronen just pga mitt eget skit med mina. Jag hade verkligen \u00f6nskat att ingen av mina barn skulle f\u00e5 den skiten. Men s\u00e5 verkar det inte bli &#x1f614;<\/p>\n\n\n\n<p>N\u00e5ja. Han ska tillbaka till \u00f6ronl\u00e4karen p\u00e5 m\u00e5ndag och d\u00e5 f\u00e5r vi se vad som s\u00e4gs. <\/p>\n\n\n\n<p>I \u00f6vrigt s\u00e5 \u00e4r det v\u00e4l okej.  Fick tillbaka mitt corona svar ig\u00e5r. No Covid for me. &#x1f602; Suprice &#x1f937;&#x1f3fc;&#x200d;&#x2640;&#xfe0f;&#x1f602;<\/p>\n\n\n\n<p>Jag b\u00f6rjar seri\u00f6st tro att jag \u00e4r imun &#x1f602;<\/p>\n\n\n\n<p>Snuvan h\u00e5ller i sig s\u00e5 denna bruden stannar hemma \u00e4ven idag. Lite sm\u00e5tt tr\u00e5kigt faktiskt men s\u00e5 \u00e4r det. Bara att gilla l\u00e4get. <\/p>\n\n\n\n<p>Jag saknar min tr\u00e4ning mest faktiskt. Jag var ute en liten sv\u00e4ng med hunden ig\u00e5r kv\u00e4ll och bara njut av den friska kalla luften som fyllde mina lungor. Ja, tills jag b\u00f6rjade hosta av kylan men \u00e4nd\u00e5 &#x1f937;&#x1f3fc;&#x200d;&#x2640;&#xfe0f;&#x1f602;<\/p>\n\n\n\n<p>Jag har <strong>bokstavligen <\/strong>legat hela dagen ig\u00e5r &#x1f644; jag hittade en serie p\u00e5 Netflix. Vad som \u00e4n h\u00e4nder heter den. Tjejer. Ni m\u00e5ste se den. Den var s\u00e5 himla bra att jag pl\u00f6jde hela s\u00e4songen ig\u00e5r &#x1f648;<\/p>\n\n\n\n<p>Idag hade jag dock t\u00e4nkt att vara lite ner effektiv och kanske f\u00e5 gjort n\u00e5got vettigt. Men det \u00e5terst\u00e5r att se. <\/p>\n\n\n\n<p>Nu ska jag iaf ta tag i tv\u00e4tten. <\/p>\n\n\n\n<p>Ha en underbar fredag. <\/p>\n\n\n\n<p>Love is love <\/p>\n\n\n\n<p><\/p>\n","protected":false},"excerpt":{"rendered":"<p>I snart 4 m\u00e5nader har vi h\u00e5llet p\u00e5 med att f\u00e5 r\u00e4tt p\u00e5 Emils ena \u00f6ra. Han har f\u00e5tt den ena kuren efter den andra men ingenting hj\u00e4lper. S\u00e5 fort vi slutar s\u00e5 b\u00f6rjar \u00f6rat rinna igen! Men odlingen visar ingenting. Denna g\u00e5ngen trodde jag faktiskt att det skulle sluta men n\u00e4. Det rinner fortfarande och inne i \u00f6rat \u00e4r d\u00e4r fullt med klet. Jag f\u00e5r frispel. Jag \u00e4r nog lite extra k\u00e4nslig n\u00e4r det kommer till \u00f6ronen just pga mitt eget skit med mina. Jag hade verkligen \u00f6nskat att ingen av mina barn skulle f\u00e5 den skiten. Men s\u00e5 verkar det inte bli &#x1f614; N\u00e5ja. Han ska tillbaka till \u00f6ronl\u00e4karen p\u00e5 m\u00e5ndag och d\u00e5 f\u00e5r vi se vad som s\u00e4gs. I \u00f6vrigt s\u00e5 \u00e4r det v\u00e4l okej. Fick tillbaka mitt corona svar ig\u00e5r. No Covid for me. &#x1f602; Suprice &#x1f937;&#x1f3fc;&#x200d;&#x2640;&#xfe0f;&#x1f602; Jag b\u00f6rjar seri\u00f6st tro att jag \u00e4r imun &#x1f602; Snuvan h\u00e5ller i sig s\u00e5 denna bruden stannar hemma \u00e4ven idag. Lite sm\u00e5tt tr\u00e5kigt faktiskt men s\u00e5 \u00e4r det. Bara att gilla l\u00e4get. Jag saknar min tr\u00e4ning mest faktiskt. Jag var ute en liten sv\u00e4ng med hunden ig\u00e5r kv\u00e4ll och bara njut av den friska kalla luften som fyllde mina lungor. Ja, tills jag b\u00f6rjade hosta av kylan men \u00e4nd\u00e5 &#x1f937;&#x1f3fc;&#x200d;&#x2640;&#xfe0f;&#x1f602; Jag har bokstavligen legat hela dagen ig\u00e5r &#x1f644; jag hittade en serie p\u00e5 Netflix. Vad som \u00e4n h\u00e4nder heter den. Tjejer. Ni m\u00e5ste se den. Den var s\u00e5 himla bra att jag pl\u00f6jde hela s\u00e4songen ig\u00e5r &#x1f648; Idag hade jag dock t\u00e4nkt att vara lite ner effektiv och kanske f\u00e5 gjort n\u00e5got vettigt. Men det \u00e5terst\u00e5r att se. Nu ska jag iaf ta tag i tv\u00e4tten. Ha en underbar fredag. Love is love<\/p>\n","protected":false},"author":3,"featured_media":0,"comment_status":"open","ping_status":"open","sticky":false,"template":"","format":"standard","meta":{"_jetpack_memberships_contains_paid_content":false,"footnotes":""},"categories":[1],"tags":[],"class_list":["post-2539","post","type-post","status-publish","format-standard","hentry","category-personligt"],"jetpack_featured_media_url":"","jetpack_sharing_enabled":true,"_links":{"self":[{"href":"https:\/\/mittsjukafriska.se\/index.php?rest_route=\/wp\/v2\/posts\/2539","targetHints":{"allow":["GET"]}}],"collection":[{"href":"https:\/\/mittsjukafriska.se\/index.php?rest_route=\/wp\/v2\/posts"}],"about":[{"href":"https:\/\/mittsjukafriska.se\/index.php?rest_route=\/wp\/v2\/types\/post"}],"author":[{"embeddable":true,"href":"https:\/\/mittsjukafriska.se\/index.php?rest_route=\/wp\/v2\/users\/3"}],"replies":[{"embeddable":true,"href":"https:\/\/mittsjukafriska.se\/index.php?rest_route=%2Fwp%2Fv2%2Fcomments&post=2539"}],"version-history":[{"count":1,"href":"https:\/\/mittsjukafriska.se\/index.php?rest_route=\/wp\/v2\/posts\/2539\/revisions"}],"predecessor-version":[{"id":2540,"href":"https:\/\/mittsjukafriska.se\/index.php?rest_route=\/wp\/v2\/posts\/2539\/revisions\/2540"}],"wp:attachment":[{"href":"https:\/\/mittsjukafriska.se\/index.php?rest_route=%2Fwp%2Fv2%2Fmedia&parent=2539"}],"wp:term":[{"taxonomy":"category","embeddable":true,"href":"https:\/\/mittsjukafriska.se\/index.php?rest_route=%2Fwp%2Fv2%2Fcategories&post=2539"},{"taxonomy":"post_tag","embeddable":true,"href":"https:\/\/mittsjukafriska.se\/index.php?rest_route=%2Fwp%2Fv2%2Ftags&post=2539"}],"curies":[{"name":"wp","href":"https:\/\/api.w.org\/{rel}","templated":true}]}}