{"id":2542,"date":"2021-02-10T20:26:09","date_gmt":"2021-02-10T19:26:09","guid":{"rendered":"https:\/\/mittsjukafriska.se\/?p=2542"},"modified":"2021-02-10T20:26:18","modified_gmt":"2021-02-10T19:26:18","slug":"omotiverad-och-fet","status":"publish","type":"post","link":"https:\/\/mittsjukafriska.se\/?p=2542","title":{"rendered":"Omotiverad och fet!"},"content":{"rendered":"\n<p>Jupp s\u00e5 \u00e4r det just nu! Jag har, som sagt, varit lite krasslig f\u00f6rra veckan och avst\u00e5tt fr\u00e5n tr\u00e4ningen. Idag k\u00f6rde jag ett halvdant pass. (eller egentligen var det ett bra pass men inte enligt mig sj\u00e4lv) D\u00e4r fanns 0 motivation eller vilja \u00f6verhuvudtaget och efter\u00e5t k\u00e4nde jag mig inte n\u00f6jd utan helt j\u00e4vla fet, ful och \u00e4cklig.<\/p>\n\n\n\n<p>Jag har haft en dipp och d\u00e4rf\u00f6r \u00e4tit lite mer skit \u00e4n vanligt och som vanligt s\u00e5 s\u00e4tter det sig p\u00e5 hj\u00e4rnan och jag m\u00e5ste \u00e5terigen sparka lite mer p\u00e5 mig sj\u00e4lv. <\/p>\n\n\n\n<p>F\u00f6rst\u00e5r ni hur viktiga mina promenad \u00e4r?! Jag har inte kunnat komma ut och springa pga hala v\u00e4gar. Det g\u00e5r inte att springa h\u00e4r. Det \u00e4r glashalt. Och jag blir kn\u00e4pp I huvudet igen.<\/p>\n\n\n\n<p>Min PMS kommer som ett brev p\u00e5 posten. Jag \u00e4r fruktansv\u00e4rt negativ idag. Jag skulle vilja g\u00e5 och l\u00e4gga mig och bara&#8230;&#8230;<\/p>\n\n\n\n<p>Emils \u00f6ra. Ytterligare en ny kur. Men denna g\u00e5ngen togs det en odling s\u00e5 nu f\u00e5r vi se vad svaret blir och s\u00e5 f\u00e5r vi se vad d\u00e4r mer finns att g\u00f6ra. H\u00e5ll nu f\u00f6r fan tummarna f\u00f6r att han blir av med skiten.<\/p>\n\n\n\n<p>Jag ska ta mitt sorgliga arsle och placera det i soffan och forts\u00e4tta tycka synd om mig sj\u00e4lv. <\/p>\n\n\n\n<p>Ha det <\/p>\n","protected":false},"excerpt":{"rendered":"<p>Jupp s\u00e5 \u00e4r det just nu! Jag har, som sagt, varit lite krasslig f\u00f6rra veckan och avst\u00e5tt fr\u00e5n tr\u00e4ningen. Idag k\u00f6rde jag ett halvdant pass. (eller egentligen var det ett bra pass men inte enligt mig sj\u00e4lv) D\u00e4r fanns 0 motivation eller vilja \u00f6verhuvudtaget och efter\u00e5t k\u00e4nde jag mig inte n\u00f6jd utan helt j\u00e4vla fet, ful och \u00e4cklig. Jag har haft en dipp och d\u00e4rf\u00f6r \u00e4tit lite mer skit \u00e4n vanligt och som vanligt s\u00e5 s\u00e4tter det sig p\u00e5 hj\u00e4rnan och jag m\u00e5ste \u00e5terigen sparka lite mer p\u00e5 mig sj\u00e4lv. F\u00f6rst\u00e5r ni hur viktiga mina promenad \u00e4r?! Jag har inte kunnat komma ut och springa pga hala v\u00e4gar. Det g\u00e5r inte att springa h\u00e4r. Det \u00e4r glashalt. Och jag blir kn\u00e4pp I huvudet igen. Min PMS kommer som ett brev p\u00e5 posten. Jag \u00e4r fruktansv\u00e4rt negativ idag. Jag skulle vilja g\u00e5 och l\u00e4gga mig och bara&#8230;&#8230; Emils \u00f6ra. Ytterligare en ny kur. Men denna g\u00e5ngen togs det en odling s\u00e5 nu f\u00e5r vi se vad svaret blir och s\u00e5 f\u00e5r vi se vad d\u00e4r mer finns att g\u00f6ra. H\u00e5ll nu f\u00f6r fan tummarna f\u00f6r att han blir av med skiten. Jag ska ta mitt sorgliga arsle och placera det i soffan och forts\u00e4tta tycka synd om mig sj\u00e4lv. Ha det<\/p>\n","protected":false},"author":3,"featured_media":0,"comment_status":"open","ping_status":"open","sticky":false,"template":"","format":"standard","meta":{"_jetpack_memberships_contains_paid_content":false,"footnotes":""},"categories":[1],"tags":[],"class_list":["post-2542","post","type-post","status-publish","format-standard","hentry","category-personligt"],"jetpack_featured_media_url":"","jetpack_sharing_enabled":true,"_links":{"self":[{"href":"https:\/\/mittsjukafriska.se\/index.php?rest_route=\/wp\/v2\/posts\/2542","targetHints":{"allow":["GET"]}}],"collection":[{"href":"https:\/\/mittsjukafriska.se\/index.php?rest_route=\/wp\/v2\/posts"}],"about":[{"href":"https:\/\/mittsjukafriska.se\/index.php?rest_route=\/wp\/v2\/types\/post"}],"author":[{"embeddable":true,"href":"https:\/\/mittsjukafriska.se\/index.php?rest_route=\/wp\/v2\/users\/3"}],"replies":[{"embeddable":true,"href":"https:\/\/mittsjukafriska.se\/index.php?rest_route=%2Fwp%2Fv2%2Fcomments&post=2542"}],"version-history":[{"count":1,"href":"https:\/\/mittsjukafriska.se\/index.php?rest_route=\/wp\/v2\/posts\/2542\/revisions"}],"predecessor-version":[{"id":2543,"href":"https:\/\/mittsjukafriska.se\/index.php?rest_route=\/wp\/v2\/posts\/2542\/revisions\/2543"}],"wp:attachment":[{"href":"https:\/\/mittsjukafriska.se\/index.php?rest_route=%2Fwp%2Fv2%2Fmedia&parent=2542"}],"wp:term":[{"taxonomy":"category","embeddable":true,"href":"https:\/\/mittsjukafriska.se\/index.php?rest_route=%2Fwp%2Fv2%2Fcategories&post=2542"},{"taxonomy":"post_tag","embeddable":true,"href":"https:\/\/mittsjukafriska.se\/index.php?rest_route=%2Fwp%2Fv2%2Ftags&post=2542"}],"curies":[{"name":"wp","href":"https:\/\/api.w.org\/{rel}","templated":true}]}}