{"id":2561,"date":"2021-02-25T14:50:18","date_gmt":"2021-02-25T13:50:18","guid":{"rendered":"https:\/\/mittsjukafriska.se\/?p=2561"},"modified":"2021-02-25T14:50:38","modified_gmt":"2021-02-25T13:50:38","slug":"det-tomma-boet","status":"publish","type":"post","link":"https:\/\/mittsjukafriska.se\/?p=2561","title":{"rendered":"Det tomma boet!"},"content":{"rendered":"\n<p>Nu \u00e4r det sportlov och mina 2 \u00e4ldsta \u00e4r iv\u00e4g p\u00e5 vars ett h\u00e5ll.<br>Kevin drog till H\u00e4rjedalen med BK och co och Liam f\u00f6ljde med moster till Bolln\u00e4s.<br>S\u00e5 vi \u00e4r helt ensamma med Emil och jag m\u00e5ste s\u00e4ga att det faktiskt \u00e4r r\u00e4tt sk\u00f6nt. Han \u00e4r en handfull bara han ;-P<br>Men han f\u00e5r ha sina f\u00f6r\u00e4ldrar helt f\u00f6r sig sj\u00e4lv. Det kan vara r\u00e4tt bra f\u00f6r honom ocks\u00e5.<br>Dom andra tv\u00e5 \u00e4r i sina himmelriken. Liam har f\u00e5tt skjuta, k\u00f6rt skoter och haft sig.<br>Kevin f\u00e5r g\u00f6ra det han \u00e4lskar. Fiska och bara njuta av fj\u00e4llet.<br>Jag har en k\u00e4nsla av att han kanske kommer att flytta dig en dag.<br>Livet flyter p\u00e5. Jag har landat i mig sj\u00e4lv igen. Jag blir lika irriterad varje g\u00e5ng. Jag f\u00f6rs\u00f6ker tvinga fram mitt &#8221;vanliga&#8221; jag i dom d\u00e4r perioderna men det g\u00e5r fan inte. M\u00f6rkret bara omsluter mig totalt. Och ljusglimtarna \u00e4r s\u00e5 f\u00e5 att jag knappt hinner reagera p\u00e5 dom.<br>Men nu \u00e4r jag som sagt ig\u00e5ng igen och jag \u00e4lskar det.<br>Hela min kropp \u00e4r fylld till bredden med gl\u00e4dje.<br>Ibland rinner det \u00f6ver och jag blir &#8221;lite&#8221; intensiv som Pia s\u00e4ger *hahaha*<br>Men om jag f\u00e5r v\u00e4lja s\u00e5 \u00e4r jag hellre s\u00e5n \u00e4n mitt deprimerade jag.<br>Nu h\u00e4nder det s\u00e5 d\u00e4r lite i livet igen. S\u00e5 att det \u00e4r egentligen inte l\u00f6nt att skriva om det.<br>F\u00e5r se om jag orkar skriva mer ikv\u00e4ll.<br>Ha det b\u00e4st s\u00e5 l\u00e4nge <br><\/p>\n","protected":false},"excerpt":{"rendered":"<p>Nu \u00e4r det sportlov och mina 2 \u00e4ldsta \u00e4r iv\u00e4g p\u00e5 vars ett h\u00e5ll.Kevin drog till H\u00e4rjedalen med BK och co och Liam f\u00f6ljde med moster till Bolln\u00e4s.S\u00e5 vi \u00e4r helt ensamma med Emil och jag m\u00e5ste s\u00e4ga att det faktiskt \u00e4r r\u00e4tt sk\u00f6nt. Han \u00e4r en handfull bara han ;-PMen han f\u00e5r ha sina f\u00f6r\u00e4ldrar helt f\u00f6r sig sj\u00e4lv. Det kan vara r\u00e4tt bra f\u00f6r honom ocks\u00e5.Dom andra tv\u00e5 \u00e4r i sina himmelriken. Liam har f\u00e5tt skjuta, k\u00f6rt skoter och haft sig.Kevin f\u00e5r g\u00f6ra det han \u00e4lskar. Fiska och bara njuta av fj\u00e4llet.Jag har en k\u00e4nsla av att han kanske kommer att flytta dig en dag.Livet flyter p\u00e5. Jag har landat i mig sj\u00e4lv igen. Jag blir lika irriterad varje g\u00e5ng. Jag f\u00f6rs\u00f6ker tvinga fram mitt &#8221;vanliga&#8221; jag i dom d\u00e4r perioderna men det g\u00e5r fan inte. M\u00f6rkret bara omsluter mig totalt. Och ljusglimtarna \u00e4r s\u00e5 f\u00e5 att jag knappt hinner reagera p\u00e5 dom.Men nu \u00e4r jag som sagt ig\u00e5ng igen och jag \u00e4lskar det.Hela min kropp \u00e4r fylld till bredden med gl\u00e4dje.Ibland rinner det \u00f6ver och jag blir &#8221;lite&#8221; intensiv som Pia s\u00e4ger *hahaha*Men om jag f\u00e5r v\u00e4lja s\u00e5 \u00e4r jag hellre s\u00e5n \u00e4n mitt deprimerade jag.Nu h\u00e4nder det s\u00e5 d\u00e4r lite i livet igen. S\u00e5 att det \u00e4r egentligen inte l\u00f6nt att skriva om det.F\u00e5r se om jag orkar skriva mer ikv\u00e4ll.Ha det b\u00e4st s\u00e5 l\u00e4nge<\/p>\n","protected":false},"author":3,"featured_media":0,"comment_status":"open","ping_status":"open","sticky":false,"template":"","format":"standard","meta":{"_jetpack_memberships_contains_paid_content":false,"footnotes":""},"categories":[1],"tags":[],"class_list":["post-2561","post","type-post","status-publish","format-standard","hentry","category-personligt"],"jetpack_featured_media_url":"","jetpack_sharing_enabled":true,"_links":{"self":[{"href":"https:\/\/mittsjukafriska.se\/index.php?rest_route=\/wp\/v2\/posts\/2561","targetHints":{"allow":["GET"]}}],"collection":[{"href":"https:\/\/mittsjukafriska.se\/index.php?rest_route=\/wp\/v2\/posts"}],"about":[{"href":"https:\/\/mittsjukafriska.se\/index.php?rest_route=\/wp\/v2\/types\/post"}],"author":[{"embeddable":true,"href":"https:\/\/mittsjukafriska.se\/index.php?rest_route=\/wp\/v2\/users\/3"}],"replies":[{"embeddable":true,"href":"https:\/\/mittsjukafriska.se\/index.php?rest_route=%2Fwp%2Fv2%2Fcomments&post=2561"}],"version-history":[{"count":1,"href":"https:\/\/mittsjukafriska.se\/index.php?rest_route=\/wp\/v2\/posts\/2561\/revisions"}],"predecessor-version":[{"id":2562,"href":"https:\/\/mittsjukafriska.se\/index.php?rest_route=\/wp\/v2\/posts\/2561\/revisions\/2562"}],"wp:attachment":[{"href":"https:\/\/mittsjukafriska.se\/index.php?rest_route=%2Fwp%2Fv2%2Fmedia&parent=2561"}],"wp:term":[{"taxonomy":"category","embeddable":true,"href":"https:\/\/mittsjukafriska.se\/index.php?rest_route=%2Fwp%2Fv2%2Fcategories&post=2561"},{"taxonomy":"post_tag","embeddable":true,"href":"https:\/\/mittsjukafriska.se\/index.php?rest_route=%2Fwp%2Fv2%2Ftags&post=2561"}],"curies":[{"name":"wp","href":"https:\/\/api.w.org\/{rel}","templated":true}]}}