{"id":2567,"date":"2021-02-27T20:03:57","date_gmt":"2021-02-27T19:03:57","guid":{"rendered":"https:\/\/mittsjukafriska.se\/?p=2567"},"modified":"2021-02-27T20:04:03","modified_gmt":"2021-02-27T19:04:03","slug":"varkanslor","status":"publish","type":"post","link":"https:\/\/mittsjukafriska.se\/?p=2567","title":{"rendered":"V\u00e5rk\u00e4nslor"},"content":{"rendered":"\n<p>Idag var det verkligen v\u00e5r i luften. S\u00e5 idag hade vi en ute dag jag och Emil.  Bilen fick sig lite k\u00e4rlek. Det har hon knappt f\u00e5tt p\u00e5 hela vintern. Men oandra sidan s\u00e5 f\u00f6rbereder mannen alltid bilarna inf\u00f6r vintern s\u00e5 skiten inte f\u00e4ster. Men idag fick hon bli ren b\u00e5de p\u00e5 insidan och p\u00e5 utsidan &#x1f970;<\/p>\n\n\n\n<p>Det var ju dock fler som hade den tanken och vi fick st\u00e5r i bilk\u00f6 i 20 minuter innan det var v\u00e5r tur att f\u00e5 ett b\u00e5s.<\/p>\n\n\n\n<figure class=\"wp-block-image size-large\"><img loading=\"lazy\" decoding=\"async\" width=\"515\" height=\"1024\" src=\"https:\/\/mittsjukafriska.se\/wp-content\/uploads\/2021\/02\/received_241230847674438-515x1024.jpeg\" alt=\"\" class=\"wp-image-2568\" srcset=\"https:\/\/mittsjukafriska.se\/wp-content\/uploads\/2021\/02\/received_241230847674438-515x1024.jpeg 515w, https:\/\/mittsjukafriska.se\/wp-content\/uploads\/2021\/02\/received_241230847674438-151x300.jpeg 151w, https:\/\/mittsjukafriska.se\/wp-content\/uploads\/2021\/02\/received_241230847674438-768x1528.jpeg 768w, https:\/\/mittsjukafriska.se\/wp-content\/uploads\/2021\/02\/received_241230847674438-772x1536.jpeg 772w, https:\/\/mittsjukafriska.se\/wp-content\/uploads\/2021\/02\/received_241230847674438.jpeg 965w\" sizes=\"auto, (max-width: 515px) 100vw, 515px\" \/><\/figure>\n\n\n\n<p>Emil verkligen <strong>\u00e4lskar <\/strong>det h\u00e4r med bilk\u00f6 &#x1f602; Jag tror han p\u00e5talade 10 g\u00e5nger hur tr\u00e5kigt det var och att vi bara skulle k\u00f6ra hem.<\/p>\n\n\n\n<p>Ja ja hon fick sig en tv\u00e4tt till sist iaf. <\/p>\n\n\n\n<figure class=\"wp-block-image size-large\"><img loading=\"lazy\" decoding=\"async\" width=\"1024\" height=\"768\" src=\"https:\/\/mittsjukafriska.se\/wp-content\/uploads\/2021\/02\/IMG_20210227_113352-1024x768.jpg\" alt=\"\" class=\"wp-image-2569\" srcset=\"https:\/\/mittsjukafriska.se\/wp-content\/uploads\/2021\/02\/IMG_20210227_113352-1024x768.jpg 1024w, https:\/\/mittsjukafriska.se\/wp-content\/uploads\/2021\/02\/IMG_20210227_113352-300x225.jpg 300w, https:\/\/mittsjukafriska.se\/wp-content\/uploads\/2021\/02\/IMG_20210227_113352-768x576.jpg 768w, https:\/\/mittsjukafriska.se\/wp-content\/uploads\/2021\/02\/IMG_20210227_113352-1536x1152.jpg 1536w, https:\/\/mittsjukafriska.se\/wp-content\/uploads\/2021\/02\/IMG_20210227_113352-2048x1536.jpg 2048w, https:\/\/mittsjukafriska.se\/wp-content\/uploads\/2021\/02\/IMG_20210227_113352-1140x855.jpg 1140w\" sizes=\"auto, (max-width: 1024px) 100vw, 1024px\" \/><\/figure>\n\n\n\n<p>N\u00e4r vi var klara med v\u00e5ra \u00e4renden s\u00e5 l\u00e4mnade jag Emil hos en klasskompis och till hans stora gl\u00e4dje s\u00e5 fanns d\u00e4r fler att leka med. Det \u00e4r v\u00e4l det jag kan sakna med Sallerup. All n\u00e4rhet till andra barn och den gemenskap det ger. Men samtidigt s\u00e5 h\u00e4nder det s\u00e5 himla mycket skit i stan hela tiden och droger, misshandel osv blir vardag f\u00f6r varje vecka. S\u00e5 av den anledningen \u00e4r det sk\u00f6nt att det \u00e4r en bit in. <\/p>\n\n\n\n<p>N\u00e4r jag sen kom hem s\u00e5 m\u00f6tte Kevin mig i d\u00f6rren. \u00c4ntligen hade min ena son kommit hem och jag fick en riktigt h\u00e4rlig Kevin kram. Bara han kan krama mig p\u00e5 det viset. Har ni t\u00e4nkt p\u00e5 det? Hur annorlunda en kram kan k\u00e4nnas. Kevin kramar mig p\u00e5 ett \u00f6verbeskyddande s\u00e4tt. Ett s\u00e4tt d\u00e4r man k\u00e4nner hur hans k\u00e4rlek bara omfamnar en. Liam kramar en p\u00e5 ett beh\u00f6vande s\u00e4tt. D\u00e4r man k\u00e4nner hur mycket han bara vill stanna kvar i den kramen tills hans ber\u00f6ringssp\u00e4rr kikar in och han inte klarar av kramen l\u00e4ngre.<\/p>\n\n\n\n<p>Emil. Emils kram \u00e4r helt villkorsl\u00f6s och bara full av l\u00e4ngtan. Den \u00e4r snabb men s\u00e5 full av massa k\u00e4nslor.<\/p>\n\n\n\n<p>Hahaha ojsan d\u00e4r blev det visst ett sidosp\u00e5r &#x1f937;&#x1f3fc;&#x200d;&#x2640;&#xfe0f;&#x1f602;<\/p>\n\n\n\n<p>N\u00e5ja. Efter att ha snackat lite om hans semester s\u00e5 beh\u00f6vde han fixa lite med sina djur och jag fick en total kortslutning i huvudet. <\/p>\n\n\n\n<p>Vad skulle JAG g\u00f6ra?<\/p>\n\n\n\n<p>Jag hade beh\u00f6vt fixa lite hemma men det \u00e4r ju s\u00e5 fint v\u00e4der. <\/p>\n\n\n\n<p>Jag hade beh\u00f6vt fixa I odlingen men d\u00e4r \u00e4r fortfarande fruset i marken. Springa. Jag g\u00e5r ut och springer.  Men jag <strong>oooorkar <\/strong>ju egentligen inte. Jag kan ju g\u00e5 och l\u00e4gga mig och titta p\u00e5 tv. N\u00e4 f\u00f6r d\u00e5 f\u00e5r jag bara \u00e5ngest sen. Ghhaaa.<\/p>\n\n\n\n<p>S\u00e5 det blev en tur med hunden. Jag fick inte huvudet och kroppen att samarbeta alls med l\u00f6pningen s\u00e5 det blev en v\u00e4rdel\u00f6s runda. L\u00f6pm\u00e4ssigt d\u00e5 allts\u00e5. Men jag var ute och jag fick min motion iaf.<\/p>\n\n\n\n<figure class=\"wp-block-image size-large\"><img loading=\"lazy\" decoding=\"async\" width=\"1024\" height=\"1024\" src=\"https:\/\/mittsjukafriska.se\/wp-content\/uploads\/2021\/02\/IMG_20210227_160921_727-1024x1024.jpg\" alt=\"\" class=\"wp-image-2570\" srcset=\"https:\/\/mittsjukafriska.se\/wp-content\/uploads\/2021\/02\/IMG_20210227_160921_727-1024x1024.jpg 1024w, https:\/\/mittsjukafriska.se\/wp-content\/uploads\/2021\/02\/IMG_20210227_160921_727-300x300.jpg 300w, https:\/\/mittsjukafriska.se\/wp-content\/uploads\/2021\/02\/IMG_20210227_160921_727-150x150.jpg 150w, https:\/\/mittsjukafriska.se\/wp-content\/uploads\/2021\/02\/IMG_20210227_160921_727-768x768.jpg 768w, https:\/\/mittsjukafriska.se\/wp-content\/uploads\/2021\/02\/IMG_20210227_160921_727-75x75.jpg 75w, https:\/\/mittsjukafriska.se\/wp-content\/uploads\/2021\/02\/IMG_20210227_160921_727.jpg 1080w\" sizes=\"auto, (max-width: 1024px) 100vw, 1024px\" \/><\/figure>\n\n\n\n<figure class=\"wp-block-image size-large\"><img loading=\"lazy\" decoding=\"async\" width=\"1024\" height=\"1024\" src=\"https:\/\/mittsjukafriska.se\/wp-content\/uploads\/2021\/02\/IMG_20210227_160921_722-1024x1024.jpg\" alt=\"\" class=\"wp-image-2571\" srcset=\"https:\/\/mittsjukafriska.se\/wp-content\/uploads\/2021\/02\/IMG_20210227_160921_722-1024x1024.jpg 1024w, https:\/\/mittsjukafriska.se\/wp-content\/uploads\/2021\/02\/IMG_20210227_160921_722-300x300.jpg 300w, https:\/\/mittsjukafriska.se\/wp-content\/uploads\/2021\/02\/IMG_20210227_160921_722-150x150.jpg 150w, https:\/\/mittsjukafriska.se\/wp-content\/uploads\/2021\/02\/IMG_20210227_160921_722-768x768.jpg 768w, https:\/\/mittsjukafriska.se\/wp-content\/uploads\/2021\/02\/IMG_20210227_160921_722-1140x1140.jpg 1140w, https:\/\/mittsjukafriska.se\/wp-content\/uploads\/2021\/02\/IMG_20210227_160921_722-75x75.jpg 75w, https:\/\/mittsjukafriska.se\/wp-content\/uploads\/2021\/02\/IMG_20210227_160921_722.jpg 1440w\" sizes=\"auto, (max-width: 1024px) 100vw, 1024px\" \/><\/figure>\n\n\n\n<p>N\u00e4r jag sen kom hem s\u00e5 fick det bli gjort lite hemma. <\/p>\n\n\n\n<p>Nu ligger vi h\u00e4r i soffan. Jag och Emil och ska titta p\u00e5 Mello &#x1f644;<\/p>\n\n\n\n<p>Det d\u00e4r \u00e4r <strong>enbart <\/strong>f\u00f6r att Emil vill.<\/p>\n\n\n\n<p>Jag personligen har inget \u00f6ver f\u00f6r det d\u00e4r programmet. Det \u00e4r uttjatat till 1000.<\/p>\n\n\n\n<p>Men vad g\u00f6r man inte f\u00f6r sina barn &#x1f61c;&#x1f970;<\/p>\n","protected":false},"excerpt":{"rendered":"<p>Idag var det verkligen v\u00e5r i luften. S\u00e5 idag hade vi en ute dag jag och Emil. Bilen fick sig lite k\u00e4rlek. Det har hon knappt f\u00e5tt p\u00e5 hela vintern. Men oandra sidan s\u00e5 f\u00f6rbereder mannen alltid bilarna inf\u00f6r vintern s\u00e5 skiten inte f\u00e4ster. Men idag fick hon bli ren b\u00e5de p\u00e5 insidan och p\u00e5 utsidan &#x1f970; Det var ju dock fler som hade den tanken och vi fick st\u00e5r i bilk\u00f6 i 20 minuter innan det var v\u00e5r tur att f\u00e5 ett b\u00e5s. Emil verkligen \u00e4lskar det h\u00e4r med bilk\u00f6 &#x1f602; Jag tror han p\u00e5talade 10 g\u00e5nger hur tr\u00e5kigt det var och att vi bara skulle k\u00f6ra hem. Ja ja hon fick sig en tv\u00e4tt till sist iaf. N\u00e4r vi var klara med v\u00e5ra \u00e4renden s\u00e5 l\u00e4mnade jag Emil hos en klasskompis och till hans stora gl\u00e4dje s\u00e5 fanns d\u00e4r fler att leka med. Det \u00e4r v\u00e4l det jag kan sakna med Sallerup. All n\u00e4rhet till andra barn och den gemenskap det ger. Men samtidigt s\u00e5 h\u00e4nder det s\u00e5 himla mycket skit i stan hela tiden och droger, misshandel osv blir vardag f\u00f6r varje vecka. S\u00e5 av den anledningen \u00e4r det sk\u00f6nt att det \u00e4r en bit in. N\u00e4r jag sen kom hem s\u00e5 m\u00f6tte Kevin mig i d\u00f6rren. \u00c4ntligen hade min ena son kommit hem och jag fick en riktigt h\u00e4rlig Kevin kram. Bara han kan krama mig p\u00e5 det viset. Har ni t\u00e4nkt p\u00e5 det? Hur annorlunda en kram kan k\u00e4nnas. Kevin kramar mig p\u00e5 ett \u00f6verbeskyddande s\u00e4tt. Ett s\u00e4tt d\u00e4r man k\u00e4nner hur hans k\u00e4rlek bara omfamnar en. Liam kramar en p\u00e5 ett beh\u00f6vande s\u00e4tt. D\u00e4r man k\u00e4nner hur mycket han bara vill stanna kvar i den kramen tills hans ber\u00f6ringssp\u00e4rr kikar in och han inte klarar av kramen l\u00e4ngre. Emil. Emils kram \u00e4r helt villkorsl\u00f6s och bara full av l\u00e4ngtan. Den \u00e4r snabb men s\u00e5 full av massa k\u00e4nslor. Hahaha ojsan d\u00e4r blev det visst ett sidosp\u00e5r &#x1f937;&#x1f3fc;&#x200d;&#x2640;&#xfe0f;&#x1f602; N\u00e5ja. Efter att ha snackat lite om hans semester s\u00e5 beh\u00f6vde han fixa lite med sina djur och jag fick en total kortslutning i huvudet. Vad skulle JAG g\u00f6ra? Jag hade beh\u00f6vt fixa lite hemma men det \u00e4r ju s\u00e5 fint v\u00e4der. Jag hade beh\u00f6vt fixa I odlingen men d\u00e4r \u00e4r fortfarande fruset i marken. Springa. Jag g\u00e5r ut och springer. Men jag oooorkar ju egentligen inte. Jag kan ju g\u00e5 och l\u00e4gga mig och titta p\u00e5 tv. N\u00e4 f\u00f6r d\u00e5 f\u00e5r jag bara \u00e5ngest sen. Ghhaaa. S\u00e5 det blev en tur med hunden. Jag fick inte huvudet och kroppen att samarbeta alls med l\u00f6pningen s\u00e5 det blev en v\u00e4rdel\u00f6s runda. L\u00f6pm\u00e4ssigt d\u00e5 allts\u00e5. Men jag var ute och jag fick min motion iaf. N\u00e4r jag sen kom hem s\u00e5 fick det bli gjort lite hemma. Nu ligger vi h\u00e4r i soffan. Jag och Emil och ska titta p\u00e5 Mello &#x1f644; Det d\u00e4r \u00e4r enbart f\u00f6r att Emil vill. Jag personligen har inget \u00f6ver f\u00f6r det d\u00e4r programmet. Det \u00e4r uttjatat till 1000. Men vad g\u00f6r man inte f\u00f6r sina barn &#x1f61c;&#x1f970;<\/p>\n","protected":false},"author":3,"featured_media":0,"comment_status":"open","ping_status":"open","sticky":false,"template":"","format":"standard","meta":{"_jetpack_memberships_contains_paid_content":false,"footnotes":""},"categories":[1],"tags":[],"class_list":["post-2567","post","type-post","status-publish","format-standard","hentry","category-personligt"],"jetpack_featured_media_url":"","jetpack_sharing_enabled":true,"_links":{"self":[{"href":"https:\/\/mittsjukafriska.se\/index.php?rest_route=\/wp\/v2\/posts\/2567","targetHints":{"allow":["GET"]}}],"collection":[{"href":"https:\/\/mittsjukafriska.se\/index.php?rest_route=\/wp\/v2\/posts"}],"about":[{"href":"https:\/\/mittsjukafriska.se\/index.php?rest_route=\/wp\/v2\/types\/post"}],"author":[{"embeddable":true,"href":"https:\/\/mittsjukafriska.se\/index.php?rest_route=\/wp\/v2\/users\/3"}],"replies":[{"embeddable":true,"href":"https:\/\/mittsjukafriska.se\/index.php?rest_route=%2Fwp%2Fv2%2Fcomments&post=2567"}],"version-history":[{"count":1,"href":"https:\/\/mittsjukafriska.se\/index.php?rest_route=\/wp\/v2\/posts\/2567\/revisions"}],"predecessor-version":[{"id":2572,"href":"https:\/\/mittsjukafriska.se\/index.php?rest_route=\/wp\/v2\/posts\/2567\/revisions\/2572"}],"wp:attachment":[{"href":"https:\/\/mittsjukafriska.se\/index.php?rest_route=%2Fwp%2Fv2%2Fmedia&parent=2567"}],"wp:term":[{"taxonomy":"category","embeddable":true,"href":"https:\/\/mittsjukafriska.se\/index.php?rest_route=%2Fwp%2Fv2%2Fcategories&post=2567"},{"taxonomy":"post_tag","embeddable":true,"href":"https:\/\/mittsjukafriska.se\/index.php?rest_route=%2Fwp%2Fv2%2Ftags&post=2567"}],"curies":[{"name":"wp","href":"https:\/\/api.w.org\/{rel}","templated":true}]}}