{"id":2574,"date":"2021-03-03T19:07:02","date_gmt":"2021-03-03T18:07:02","guid":{"rendered":"https:\/\/mittsjukafriska.se\/?p=2574"},"modified":"2021-03-03T19:07:48","modified_gmt":"2021-03-03T18:07:48","slug":"full-upp","status":"publish","type":"post","link":"https:\/\/mittsjukafriska.se\/?p=2574","title":{"rendered":"Fullt upp."},"content":{"rendered":"\n<p>Den ena dagen avl\u00f6ser den andra. Det h\u00e4nder n\u00e5got hela tiden och min hj\u00e4rna h\u00e4nger knappt med. I s\u00f6ndags kom \u00e4ntligen \u00e4ven Liam hem. Jag fick en rej\u00e4l bamsekram av honom och den var s\u00e5 h\u00e4rlig. Det var s\u00e5 underbart att ha mina grabbar hemma igen.<\/p>\n\n\n\n<p>Tills morgonen efter &#x1f60f;&#x1f644; F\u00f6r d\u00e5 b\u00f6rjade &#8211; h\u00e5ll k\u00e4ften.<\/p>\n\n\n\n<p>-h\u00e5ll du k\u00e4ften. <\/p>\n\n\n\n<p>-ska du ha stryk? Vem fan tror du att du pratar med osv. Ja ni fattar &#x1f926;&#x1f3fc;&#x200d;&#x2640;&#xfe0f;&#x1f937;&#x1f3fc;&#x200d;&#x2640;&#xfe0f;&#x1f644;<\/p>\n\n\n\n<p>Det \u00e4r tur att dom \u00e4r s\u00f6ta allts\u00e5 &#x1f602;<\/p>\n\n\n\n<p>I \u00f6vrigt s\u00e5 har veckan flutit p\u00e5. Jennie har \u00e4ntligen f\u00e5tt lille Caspian &#x1f970;<\/p>\n\n\n\n<p>Hon s\u00e4ger att hon \u00e4r f\u00e4rdig avlad nu men det vetifan &#x1f602;&#x1f609; Vi f\u00e5r v\u00e4l helt enkelt se.<\/p>\n\n\n\n<p>Saknar min fru &#x2764;&#xfe0f;<\/p>\n\n\n\n<p>Idag tog jag tjuren vid hornen och kontaktade min v\u00e5rdcentral om att f\u00e5 en eventuell utredning p\u00e5 om jag \u00e4r bipol\u00e4r eller inte. Holy fuck vad jobbigt det var!<\/p>\n\n\n\n<p>Aldrig n\u00e5gonsin har det varit s\u00e5 h\u00e4r jobbigt att ta kontakt. Men jag \u00e4r lite sm\u00e5tt orolig \u00f6ver att det ska f\u00f6r\u00e4ndra den jag \u00e4r. <\/p>\n\n\n\n<p>Jag gillar den jag \u00e4r nu. Jag hatar mina dippar. Men n\u00e4r jag m\u00e5r bra s\u00e5 m\u00e5r jag helt fantastiskt!<\/p>\n\n\n\n<p>Och just nu har jag m\u00e5tt oerh\u00f6rt bra en l\u00e4ngre period att jag tror att jag \u00e4r &#8221;fixad&#8221; <\/p>\n\n\n\n<p>Vi f\u00e5r v\u00e4l se vad som h\u00e4nder och sker i framtiden.<\/p>\n\n\n\n<p>Tr\u00e4ningsgl\u00e4djen sitter i fortfarande\/igen och vi b\u00f6rjade f\u00e5 in rutinerna f\u00f6r det igen.<\/p>\n\n\n\n<p>Den nya v\u00e4gen vi g\u00e5r \u00e4r betydligt trevligare men i f\u00f6rrg\u00e5r s\u00e5 var det fan jobbigt. Dimman gjorde att man inte s\u00e5g ett skit mer \u00e4n precis 1 meter framf\u00f6r sig. &#x1f602; Det var det h\u00e4r med kontroll. N\u00e4r man inte ens vet var fan man \u00e4r d\u00e5 blir det lite&#8230;. &#x1f914; Jobbigt &#x1f602;<\/p>\n\n\n\n<p>Vi f\u00e5r v\u00e4l se hur det g\u00e5r idag. Idag \u00e4r det r\u00e4tt dimmigt igen. S\u00e5 detta ska bli sp\u00e4nnande &#x1f602;&#x1f609;<\/p>\n\n\n\n<p>Snart \u00e4r det helg igen och mannen \u00e4r ledig &#x1f970; Vi f\u00e5r se vad helgen har att erbjuda. Och p\u00e5 m\u00e5ndag ska jag till syrran f\u00f6r att f\u00e5r lite f\u00e4rg p\u00e5 kroppen &#x1f64f;<\/p>\n\n\n\n<p>Jag hatar att vara blek. Jag \u00e4r praktiskt taget genomskinlig just nu &#x1f923;<\/p>\n\n\n\n<p>Usch vad jag har tramsig humor just nu.  S\u00e5pass s\u00e5 att jag n\u00e4stan gjorde ett sugm\u00e4rke p\u00e5 mannen &#x1f937;&#x1f3fc;&#x200d;&#x2640;&#xfe0f;&#x1f923;&#x1f648;<\/p>\n\n\n\n<p>Har jag sagt att jag \u00e4r normal?! &#x1f910;<\/p>\n\n\n\n<p><\/p>\n\n\n\n<p>N\u00e4. Nu kallar skorna. <\/p>\n\n\n\n<p>Ha det b\u00e4st <\/p>\n\n\n\n<p><\/p>\n","protected":false},"excerpt":{"rendered":"<p>Den ena dagen avl\u00f6ser den andra. Det h\u00e4nder n\u00e5got hela tiden och min hj\u00e4rna h\u00e4nger knappt med. I s\u00f6ndags kom \u00e4ntligen \u00e4ven Liam hem. Jag fick en rej\u00e4l bamsekram av honom och den var s\u00e5 h\u00e4rlig. Det var s\u00e5 underbart att ha mina grabbar hemma igen. Tills morgonen efter &#x1f60f;&#x1f644; F\u00f6r d\u00e5 b\u00f6rjade &#8211; h\u00e5ll k\u00e4ften. -h\u00e5ll du k\u00e4ften. -ska du ha stryk? Vem fan tror du att du pratar med osv. Ja ni fattar &#x1f926;&#x1f3fc;&#x200d;&#x2640;&#xfe0f;&#x1f937;&#x1f3fc;&#x200d;&#x2640;&#xfe0f;&#x1f644; Det \u00e4r tur att dom \u00e4r s\u00f6ta allts\u00e5 &#x1f602; I \u00f6vrigt s\u00e5 har veckan flutit p\u00e5. Jennie har \u00e4ntligen f\u00e5tt lille Caspian &#x1f970; Hon s\u00e4ger att hon \u00e4r f\u00e4rdig avlad nu men det vetifan &#x1f602;&#x1f609; Vi f\u00e5r v\u00e4l helt enkelt se. Saknar min fru &#x2764;&#xfe0f; Idag tog jag tjuren vid hornen och kontaktade min v\u00e5rdcentral om att f\u00e5 en eventuell utredning p\u00e5 om jag \u00e4r bipol\u00e4r eller inte. Holy fuck vad jobbigt det var! Aldrig n\u00e5gonsin har det varit s\u00e5 h\u00e4r jobbigt att ta kontakt. Men jag \u00e4r lite sm\u00e5tt orolig \u00f6ver att det ska f\u00f6r\u00e4ndra den jag \u00e4r. Jag gillar den jag \u00e4r nu. Jag hatar mina dippar. Men n\u00e4r jag m\u00e5r bra s\u00e5 m\u00e5r jag helt fantastiskt! Och just nu har jag m\u00e5tt oerh\u00f6rt bra en l\u00e4ngre period att jag tror att jag \u00e4r &#8221;fixad&#8221; Vi f\u00e5r v\u00e4l se vad som h\u00e4nder och sker i framtiden. Tr\u00e4ningsgl\u00e4djen sitter i fortfarande\/igen och vi b\u00f6rjade f\u00e5 in rutinerna f\u00f6r det igen. Den nya v\u00e4gen vi g\u00e5r \u00e4r betydligt trevligare men i f\u00f6rrg\u00e5r s\u00e5 var det fan jobbigt. Dimman gjorde att man inte s\u00e5g ett skit mer \u00e4n precis 1 meter framf\u00f6r sig. &#x1f602; Det var det h\u00e4r med kontroll. N\u00e4r man inte ens vet var fan man \u00e4r d\u00e5 blir det lite&#8230;. &#x1f914; Jobbigt &#x1f602; Vi f\u00e5r v\u00e4l se hur det g\u00e5r idag. Idag \u00e4r det r\u00e4tt dimmigt igen. S\u00e5 detta ska bli sp\u00e4nnande &#x1f602;&#x1f609; Snart \u00e4r det helg igen och mannen \u00e4r ledig &#x1f970; Vi f\u00e5r se vad helgen har att erbjuda. Och p\u00e5 m\u00e5ndag ska jag till syrran f\u00f6r att f\u00e5r lite f\u00e4rg p\u00e5 kroppen &#x1f64f; Jag hatar att vara blek. Jag \u00e4r praktiskt taget genomskinlig just nu &#x1f923; Usch vad jag har tramsig humor just nu. S\u00e5pass s\u00e5 att jag n\u00e4stan gjorde ett sugm\u00e4rke p\u00e5 mannen &#x1f937;&#x1f3fc;&#x200d;&#x2640;&#xfe0f;&#x1f923;&#x1f648; Har jag sagt att jag \u00e4r normal?! &#x1f910; N\u00e4. Nu kallar skorna. Ha det b\u00e4st<\/p>\n","protected":false},"author":3,"featured_media":0,"comment_status":"open","ping_status":"open","sticky":false,"template":"","format":"standard","meta":{"_jetpack_memberships_contains_paid_content":false,"footnotes":""},"categories":[1],"tags":[],"class_list":["post-2574","post","type-post","status-publish","format-standard","hentry","category-personligt"],"jetpack_featured_media_url":"","jetpack_sharing_enabled":true,"_links":{"self":[{"href":"https:\/\/mittsjukafriska.se\/index.php?rest_route=\/wp\/v2\/posts\/2574","targetHints":{"allow":["GET"]}}],"collection":[{"href":"https:\/\/mittsjukafriska.se\/index.php?rest_route=\/wp\/v2\/posts"}],"about":[{"href":"https:\/\/mittsjukafriska.se\/index.php?rest_route=\/wp\/v2\/types\/post"}],"author":[{"embeddable":true,"href":"https:\/\/mittsjukafriska.se\/index.php?rest_route=\/wp\/v2\/users\/3"}],"replies":[{"embeddable":true,"href":"https:\/\/mittsjukafriska.se\/index.php?rest_route=%2Fwp%2Fv2%2Fcomments&post=2574"}],"version-history":[{"count":2,"href":"https:\/\/mittsjukafriska.se\/index.php?rest_route=\/wp\/v2\/posts\/2574\/revisions"}],"predecessor-version":[{"id":2576,"href":"https:\/\/mittsjukafriska.se\/index.php?rest_route=\/wp\/v2\/posts\/2574\/revisions\/2576"}],"wp:attachment":[{"href":"https:\/\/mittsjukafriska.se\/index.php?rest_route=%2Fwp%2Fv2%2Fmedia&parent=2574"}],"wp:term":[{"taxonomy":"category","embeddable":true,"href":"https:\/\/mittsjukafriska.se\/index.php?rest_route=%2Fwp%2Fv2%2Fcategories&post=2574"},{"taxonomy":"post_tag","embeddable":true,"href":"https:\/\/mittsjukafriska.se\/index.php?rest_route=%2Fwp%2Fv2%2Ftags&post=2574"}],"curies":[{"name":"wp","href":"https:\/\/api.w.org\/{rel}","templated":true}]}}