{"id":2583,"date":"2021-03-04T21:58:54","date_gmt":"2021-03-04T20:58:54","guid":{"rendered":"https:\/\/mittsjukafriska.se\/?p=2583"},"modified":"2021-03-04T21:58:57","modified_gmt":"2021-03-04T20:58:57","slug":"fossta-tossdan","status":"publish","type":"post","link":"https:\/\/mittsjukafriska.se\/?p=2583","title":{"rendered":"F\u00f6ssta tossdan&#8230;."},"content":{"rendered":"\n<p>Det blev bannemig t\u00e5ta f\u00f6r VC&#8217;s del idag ocks\u00e5 &#x1f924; Det fick bli en liiite bit dagen till \u00e4ra. <\/p>\n\n\n\n<p>Dagen har varit helt okej. Jag har pendlat lite i mitt m\u00e5ende idag men f\u00f6r det mesta s\u00e5 har det varit bra. Jag har f\u00e5tt mig ett par ordentliga skratt \u00e4ven idag.  Det g\u00e5r nog inte en dag utan skratt p\u00e5 det st\u00e4llet &#x1f970;<\/p>\n\n\n\n<p>N\u00e4r jag k\u00f6rde hem s\u00e5 l\u00f6s solen n\u00e5got helt underbart. \u00c4ntligen \u00e4r v\u00e5ren verkligen p\u00e5 v\u00e4g &#x1f64f;&#x2764;&#xfe0f;<\/p>\n\n\n\n<p>Kv\u00e4llen spenderades i soffan med Emil och sen n\u00e4r han lagt sig s\u00e5 fick jag sparkar mig sj\u00e4lv i r\u00f6ven f\u00f6r att komma ut idag.<\/p>\n\n\n\n<figure class=\"wp-block-image size-large\"><img loading=\"lazy\" decoding=\"async\" width=\"1024\" height=\"1024\" src=\"https:\/\/mittsjukafriska.se\/wp-content\/uploads\/2021\/03\/IMG_20210304_191634_442-1024x1024.jpg\" alt=\"\" class=\"wp-image-2584\" srcset=\"https:\/\/mittsjukafriska.se\/wp-content\/uploads\/2021\/03\/IMG_20210304_191634_442-1024x1024.jpg 1024w, https:\/\/mittsjukafriska.se\/wp-content\/uploads\/2021\/03\/IMG_20210304_191634_442-300x300.jpg 300w, https:\/\/mittsjukafriska.se\/wp-content\/uploads\/2021\/03\/IMG_20210304_191634_442-150x150.jpg 150w, https:\/\/mittsjukafriska.se\/wp-content\/uploads\/2021\/03\/IMG_20210304_191634_442-768x768.jpg 768w, https:\/\/mittsjukafriska.se\/wp-content\/uploads\/2021\/03\/IMG_20210304_191634_442-1536x1536.jpg 1536w, https:\/\/mittsjukafriska.se\/wp-content\/uploads\/2021\/03\/IMG_20210304_191634_442-2048x2048.jpg 2048w, https:\/\/mittsjukafriska.se\/wp-content\/uploads\/2021\/03\/IMG_20210304_191634_442-1140x1140.jpg 1140w, https:\/\/mittsjukafriska.se\/wp-content\/uploads\/2021\/03\/IMG_20210304_191634_442-75x75.jpg 75w\" sizes=\"auto, (max-width: 1024px) 100vw, 1024px\" \/><\/figure>\n\n\n\n<p>Men ut kom jag och det var s\u00e5 himla underbart sk\u00f6nt.  Det sprangs inte s\u00e5 mycket men det pw&#8217;ades desto mer.<\/p>\n\n\n\n<figure class=\"wp-block-image size-large\"><img loading=\"lazy\" decoding=\"async\" width=\"768\" height=\"1024\" src=\"https:\/\/mittsjukafriska.se\/wp-content\/uploads\/2021\/03\/IMG_20210304_201425-768x1024.jpg\" alt=\"\" class=\"wp-image-2585\" srcset=\"https:\/\/mittsjukafriska.se\/wp-content\/uploads\/2021\/03\/IMG_20210304_201425-768x1024.jpg 768w, https:\/\/mittsjukafriska.se\/wp-content\/uploads\/2021\/03\/IMG_20210304_201425-225x300.jpg 225w, https:\/\/mittsjukafriska.se\/wp-content\/uploads\/2021\/03\/IMG_20210304_201425-1152x1536.jpg 1152w, https:\/\/mittsjukafriska.se\/wp-content\/uploads\/2021\/03\/IMG_20210304_201425-1536x2048.jpg 1536w, https:\/\/mittsjukafriska.se\/wp-content\/uploads\/2021\/03\/IMG_20210304_201425-1140x1520.jpg 1140w, https:\/\/mittsjukafriska.se\/wp-content\/uploads\/2021\/03\/IMG_20210304_201425-scaled.jpg 1920w\" sizes=\"auto, (max-width: 768px) 100vw, 768px\" \/><figcaption>bsh<\/figcaption><\/figure>\n\n\n\n<p>Jag hade mannen p\u00e5 bes\u00f6k utanf\u00f6r jobbet idag &#x2764;&#xfe0f; Han jobbar natt i dag s\u00e5 det var n\u00e5gra v\u00e4lkomna pussar jag fick &#x1f970;<\/p>\n\n\n\n<p>Nu kallar snart s\u00e4ngen och imorgon \u00e4r det fredag! Whoop whoop.<\/p>\n\n\n\n<p>Ha det b\u00e4st <\/p>\n","protected":false},"excerpt":{"rendered":"<p>Det blev bannemig t\u00e5ta f\u00f6r VC&#8217;s del idag ocks\u00e5 &#x1f924; Det fick bli en liiite bit dagen till \u00e4ra. Dagen har varit helt okej. Jag har pendlat lite i mitt m\u00e5ende idag men f\u00f6r det mesta s\u00e5 har det varit bra. Jag har f\u00e5tt mig ett par ordentliga skratt \u00e4ven idag. Det g\u00e5r nog inte en dag utan skratt p\u00e5 det st\u00e4llet &#x1f970; N\u00e4r jag k\u00f6rde hem s\u00e5 l\u00f6s solen n\u00e5got helt underbart. \u00c4ntligen \u00e4r v\u00e5ren verkligen p\u00e5 v\u00e4g &#x1f64f;&#x2764;&#xfe0f; Kv\u00e4llen spenderades i soffan med Emil och sen n\u00e4r han lagt sig s\u00e5 fick jag sparkar mig sj\u00e4lv i r\u00f6ven f\u00f6r att komma ut idag. Men ut kom jag och det var s\u00e5 himla underbart sk\u00f6nt. Det sprangs inte s\u00e5 mycket men det pw&#8217;ades desto mer. Jag hade mannen p\u00e5 bes\u00f6k utanf\u00f6r jobbet idag &#x2764;&#xfe0f; Han jobbar natt i dag s\u00e5 det var n\u00e5gra v\u00e4lkomna pussar jag fick &#x1f970; Nu kallar snart s\u00e4ngen och imorgon \u00e4r det fredag! Whoop whoop. Ha det b\u00e4st<\/p>\n","protected":false},"author":3,"featured_media":0,"comment_status":"open","ping_status":"open","sticky":false,"template":"","format":"standard","meta":{"_jetpack_memberships_contains_paid_content":false,"footnotes":""},"categories":[1],"tags":[],"class_list":["post-2583","post","type-post","status-publish","format-standard","hentry","category-personligt"],"jetpack_featured_media_url":"","jetpack_sharing_enabled":true,"_links":{"self":[{"href":"https:\/\/mittsjukafriska.se\/index.php?rest_route=\/wp\/v2\/posts\/2583","targetHints":{"allow":["GET"]}}],"collection":[{"href":"https:\/\/mittsjukafriska.se\/index.php?rest_route=\/wp\/v2\/posts"}],"about":[{"href":"https:\/\/mittsjukafriska.se\/index.php?rest_route=\/wp\/v2\/types\/post"}],"author":[{"embeddable":true,"href":"https:\/\/mittsjukafriska.se\/index.php?rest_route=\/wp\/v2\/users\/3"}],"replies":[{"embeddable":true,"href":"https:\/\/mittsjukafriska.se\/index.php?rest_route=%2Fwp%2Fv2%2Fcomments&post=2583"}],"version-history":[{"count":1,"href":"https:\/\/mittsjukafriska.se\/index.php?rest_route=\/wp\/v2\/posts\/2583\/revisions"}],"predecessor-version":[{"id":2586,"href":"https:\/\/mittsjukafriska.se\/index.php?rest_route=\/wp\/v2\/posts\/2583\/revisions\/2586"}],"wp:attachment":[{"href":"https:\/\/mittsjukafriska.se\/index.php?rest_route=%2Fwp%2Fv2%2Fmedia&parent=2583"}],"wp:term":[{"taxonomy":"category","embeddable":true,"href":"https:\/\/mittsjukafriska.se\/index.php?rest_route=%2Fwp%2Fv2%2Fcategories&post=2583"},{"taxonomy":"post_tag","embeddable":true,"href":"https:\/\/mittsjukafriska.se\/index.php?rest_route=%2Fwp%2Fv2%2Ftags&post=2583"}],"curies":[{"name":"wp","href":"https:\/\/api.w.org\/{rel}","templated":true}]}}