{"id":2588,"date":"2021-03-08T20:55:47","date_gmt":"2021-03-08T19:55:47","guid":{"rendered":"https:\/\/mittsjukafriska.se\/?p=2588"},"modified":"2021-03-09T06:36:48","modified_gmt":"2021-03-09T05:36:48","slug":"jag-kan-inte-komma-pa-en-bra-rubrik","status":"publish","type":"post","link":"https:\/\/mittsjukafriska.se\/?p=2588","title":{"rendered":"Jag kan inte komma p\u00e5 en bra rubrik!"},"content":{"rendered":"\n<p>M\u00e5ndag och en ny vecka har dragit ig\u00e5ng. Dagarna g\u00e5r fort nu. Lite f\u00f6r fort emellan\u00e5t faktiskt. Men det \u00e4r ju bara att h\u00e4ng med p\u00e5 f\u00e4rden.<br>Det h\u00e4nder inte s\u00e5 mycket just nu.<br>Emils \u00f6ra \u00e4r \u00e4ntligen frisk. Visserligen r\u00e5kade l\u00e4karen f\u00e5 med sig hans r\u00f6r sist han damms\u00f6g men i \u00f6vrigt s\u00e5 \u00e4r \u00f6rat frisk. Tack och lov!<br>Skolm\u00e4ssig s\u00e5 g\u00e5r det hur bra som helst f\u00f6r honom. Dom har ju dock b\u00f6rjat p\u00e5peka hans of\u00f6rm\u00e5ga att sitta still och\/eller att vara tyst. Det finns inte i hans lilla kropp. Han kan inte f\u00f6r sitt liv vara tyst eller sitta still. Vi f\u00e5r v\u00e4l se vad det leder till. Det \u00e4r inte s\u00e5 att vi kommer att mots\u00e4tta oss en utredning p\u00e5 honom om det kan hj\u00e4lpa honom p\u00e5 n\u00e5got vis. Been there, done that!<br>Liam och Kevin \u00e4r det som vanligt med.  Reklamen f\u00f6r studenten har ju b\u00f6rjat ramla in och vi pratade om det i helgen men n\u00e4pp. Han vill inte ha varken m\u00f6ssa eller n\u00e5got som har med studenten att g\u00f6ra. -Det kommer ju inte att bli n\u00e5gon student! <br>Likas\u00e5 \u00e4r det med hans utbildning. Iom att det varit distansstudier i 1 \u00e5r nu s\u00e5 har dom missat hur mycket praktiskt som helst. Han ska ju \u00e4nd\u00e5 kunna framf\u00f6r en big ass lastbil n\u00e4r skolan \u00e4r \u00f6ver. Nu \u00e4r risken att dom inte f\u00e5r alla sina beh\u00f6righeter till det. Jag kan f\u00f6rst\u00e5 att det suger!<br>Jag kan dock inte f\u00f6rst\u00e5 hur en l\u00e4roplan inte kan f\u00f6ljas. Meeen han \u00e4r snart 19 och detta \u00e4r en fight han f\u00e5r ta. Vi st\u00e5r bakom honom till 10000% men vi har inte n\u00e5got att s\u00e4ga till om om inte han vill det. Nackdelen med vuxna barn \ud83d\ude09<br>Vi f\u00e5r helt enkelt h\u00e5lla tummarna f\u00f6r att allt kommer att g\u00e5 v\u00e4gen resten av terminen.<br>I helgen s\u00e5 har det promenerats en del. I l\u00f6rdags fick Emil cykla med. 9 km blev det till fots f\u00f6r min och mannens del och i s\u00f6ndags blev det 1.1 mil. Men d\u00e5 beh\u00f6vde Emil inte f\u00f6lja med. Det har ju verkligen varit helt underbart v\u00e4der. Det g\u00e4ller att ta vara p\u00e5 det. Och vi \u00e4r ju b\u00e5da tv\u00e5 ute m\u00e4nniskor. Vi \u00e4lskar att vara utomhus. <br>Till helgen som kommer s\u00e5 har vi planerat att \u00e5ka ner till Skan\u00f6r p\u00e5 l\u00f6rdag.<br>Ner till havet och se om det finns n\u00e5gra s\u00e4lar kvar!<br>Gud vad jag \u00e4lskar havet. Jag hade kunnat bo p\u00e5 en strand &lt;3<br>Och p\u00e5 s\u00f6ndag drar vi till systeryster med familj f\u00f6r att fira Vincent och Daniel. Ska bli riktigt sk\u00f6nt att tr\u00e4ffa alla igen. Och eftersom vi dessutom ska vara nere i R\u00e5\u00e5dalen s\u00e5 f\u00e5r vi h\u00e4rlig natur att insupa ocks\u00e5 &lt;3<br>Jag var hos syster idag och fick mig lite f\u00e4rg p\u00e5 kroppen. Jag fullkomligt hatar att vara blek s\u00e5 detta \u00e4r s\u00e5 underbart!<br>Jag satt och funderade v\u00e4ldigt mycket i bilen b\u00e5de p\u00e5 v\u00e4gen dit och hem.<br>Det h\u00e4r med att inse sitt eget v\u00e4rde. Och jag har \u00e4ntligen b\u00f6rjat inse mitt.<br>Jag \u00e4r en sn\u00e4ll, omt\u00e4nksam och lojal person som l\u00e5ter folk utnyttja mig lite f\u00f6r mycket ibland. Men om man lyckas s\u00e5ra mig s\u00e5 blir jag kall.<br>Jag tar mycket och jag tolererar mycket. Men jag tolererar inte att bli s\u00e5rad l\u00e4ngre.<br>Jag accepterar inte att bli avvisad som g\u00e5rdagens sopor. Jag gjorde det f\u00f6rr. Men inte l\u00e4ngre. <br>Vill du ha en plats i mitt liv s\u00e5 \u00e4r det en tv\u00e5filig v\u00e4g. Jag t\u00e4nker inte k\u00f6ra mot enkelriktat mer.<br>Livet \u00e4r f\u00f6r kort f\u00f6r att bli ledsen \u00f6ver saker och folk som \u00e4nd\u00e5 inte bryr sig.<br>S\u00e5 med det sagt s\u00e5. Give a fuck or fuck off!<br>Jag har det jag beh\u00f6ver i mitt liv.   <br>\u00c4r det n\u00e5tt som \u00e4r sk\u00f6nt med att f\u00e5 den h\u00e4r insikten s\u00e5 \u00e4r det just det. Att jag \u00e4r bra precis som jag \u00e4r!<br>Det kommer alltid att finnas folk som st\u00f6r sig eller som tycker att jag borde \u00e4ndra p\u00e5 mig. Men det \u00e4r deras bekymmer inte mitt. Jag anpassar mig ofta till situationen men ibland bubblar det \u00f6ver. Inte hela v\u00e4rlden. Inte s\u00e5 att n\u00e5gon d\u00f6r p\u00e5 kuppen. Absolut att folk kan ta illa upp, bli f\u00f6rv\u00e5nade osv men tja. Och?<br>Jag gillar definitivt inte alla och alla gillar inte mig. Det m\u00e5ste finnas en balans \u00e4ven i det.<br>Nu ska jag iaf sl\u00e4nga mig i soffan och k\u00e4ka popcorn och sen sova. <br>Visserligen sj\u00e4lv f\u00f6r att Totte jobbar natt, men \u00e4nd\u00e5. <br>Imorgon \u00e4r det en annan dag.<br>Och f\u00f6rhoppningsvis s\u00e5 \u00e4r den h\u00e4r j\u00e4vla pandemin \u00f6ver snart s\u00e5 att man kan f\u00e5 b\u00f6rjat tr\u00e4ffa sina m\u00e4nniskor igen.<br>Vi saknar er SoC &lt;3<\/p>\n\n\n\n<figure class=\"wp-block-gallery columns-3 is-cropped wp-block-gallery-1 is-layout-flex wp-block-gallery-is-layout-flex\"><ul class=\"blocks-gallery-grid\"><li class=\"blocks-gallery-item\"><figure><img loading=\"lazy\" decoding=\"async\" width=\"924\" height=\"924\" src=\"https:\/\/mittsjukafriska.se\/wp-content\/uploads\/2021\/03\/Strong-women-quotes.jpg\" alt=\"\" data-id=\"2591\" data-full-url=\"https:\/\/mittsjukafriska.se\/wp-content\/uploads\/2021\/03\/Strong-women-quotes.jpg\" data-link=\"https:\/\/mittsjukafriska.se\/?attachment_id=2591\" class=\"wp-image-2591\" srcset=\"https:\/\/mittsjukafriska.se\/wp-content\/uploads\/2021\/03\/Strong-women-quotes.jpg 924w, https:\/\/mittsjukafriska.se\/wp-content\/uploads\/2021\/03\/Strong-women-quotes-300x300.jpg 300w, https:\/\/mittsjukafriska.se\/wp-content\/uploads\/2021\/03\/Strong-women-quotes-150x150.jpg 150w, https:\/\/mittsjukafriska.se\/wp-content\/uploads\/2021\/03\/Strong-women-quotes-768x768.jpg 768w, https:\/\/mittsjukafriska.se\/wp-content\/uploads\/2021\/03\/Strong-women-quotes-75x75.jpg 75w\" sizes=\"auto, (max-width: 924px) 100vw, 924px\" \/><\/figure><\/li><li class=\"blocks-gallery-item\"><figure><img loading=\"lazy\" decoding=\"async\" width=\"1024\" height=\"1024\" src=\"https:\/\/mittsjukafriska.se\/wp-content\/uploads\/2021\/03\/IMG_20210307_164255_365-1024x1024.jpg\" alt=\"\" data-id=\"2592\" data-full-url=\"https:\/\/mittsjukafriska.se\/wp-content\/uploads\/2021\/03\/IMG_20210307_164255_365.jpg\" data-link=\"https:\/\/mittsjukafriska.se\/?attachment_id=2592\" class=\"wp-image-2592\" srcset=\"https:\/\/mittsjukafriska.se\/wp-content\/uploads\/2021\/03\/IMG_20210307_164255_365-1024x1024.jpg 1024w, https:\/\/mittsjukafriska.se\/wp-content\/uploads\/2021\/03\/IMG_20210307_164255_365-300x300.jpg 300w, https:\/\/mittsjukafriska.se\/wp-content\/uploads\/2021\/03\/IMG_20210307_164255_365-150x150.jpg 150w, https:\/\/mittsjukafriska.se\/wp-content\/uploads\/2021\/03\/IMG_20210307_164255_365-768x768.jpg 768w, https:\/\/mittsjukafriska.se\/wp-content\/uploads\/2021\/03\/IMG_20210307_164255_365-1140x1140.jpg 1140w, https:\/\/mittsjukafriska.se\/wp-content\/uploads\/2021\/03\/IMG_20210307_164255_365-75x75.jpg 75w, https:\/\/mittsjukafriska.se\/wp-content\/uploads\/2021\/03\/IMG_20210307_164255_365.jpg 1440w\" sizes=\"auto, (max-width: 1024px) 100vw, 1024px\" \/><\/figure><\/li><li class=\"blocks-gallery-item\"><figure><img loading=\"lazy\" decoding=\"async\" width=\"1024\" height=\"1024\" src=\"https:\/\/mittsjukafriska.se\/wp-content\/uploads\/2021\/03\/IMG_20210307_164255_350-1024x1024.jpg\" alt=\"\" data-id=\"2593\" data-full-url=\"https:\/\/mittsjukafriska.se\/wp-content\/uploads\/2021\/03\/IMG_20210307_164255_350.jpg\" data-link=\"https:\/\/mittsjukafriska.se\/?attachment_id=2593\" class=\"wp-image-2593\" srcset=\"https:\/\/mittsjukafriska.se\/wp-content\/uploads\/2021\/03\/IMG_20210307_164255_350-1024x1024.jpg 1024w, https:\/\/mittsjukafriska.se\/wp-content\/uploads\/2021\/03\/IMG_20210307_164255_350-300x300.jpg 300w, https:\/\/mittsjukafriska.se\/wp-content\/uploads\/2021\/03\/IMG_20210307_164255_350-150x150.jpg 150w, https:\/\/mittsjukafriska.se\/wp-content\/uploads\/2021\/03\/IMG_20210307_164255_350-768x768.jpg 768w, https:\/\/mittsjukafriska.se\/wp-content\/uploads\/2021\/03\/IMG_20210307_164255_350-75x75.jpg 75w, https:\/\/mittsjukafriska.se\/wp-content\/uploads\/2021\/03\/IMG_20210307_164255_350.jpg 1080w\" sizes=\"auto, (max-width: 1024px) 100vw, 1024px\" \/><\/figure><\/li><li class=\"blocks-gallery-item\"><figure><img loading=\"lazy\" decoding=\"async\" width=\"1024\" height=\"1024\" src=\"https:\/\/mittsjukafriska.se\/wp-content\/uploads\/2021\/03\/IMG_20210307_164255_380-1024x1024.jpg\" alt=\"\" data-id=\"2594\" data-full-url=\"https:\/\/mittsjukafriska.se\/wp-content\/uploads\/2021\/03\/IMG_20210307_164255_380.jpg\" data-link=\"https:\/\/mittsjukafriska.se\/?attachment_id=2594\" class=\"wp-image-2594\" srcset=\"https:\/\/mittsjukafriska.se\/wp-content\/uploads\/2021\/03\/IMG_20210307_164255_380-1024x1024.jpg 1024w, https:\/\/mittsjukafriska.se\/wp-content\/uploads\/2021\/03\/IMG_20210307_164255_380-300x300.jpg 300w, https:\/\/mittsjukafriska.se\/wp-content\/uploads\/2021\/03\/IMG_20210307_164255_380-150x150.jpg 150w, https:\/\/mittsjukafriska.se\/wp-content\/uploads\/2021\/03\/IMG_20210307_164255_380-768x768.jpg 768w, https:\/\/mittsjukafriska.se\/wp-content\/uploads\/2021\/03\/IMG_20210307_164255_380-1140x1140.jpg 1140w, https:\/\/mittsjukafriska.se\/wp-content\/uploads\/2021\/03\/IMG_20210307_164255_380-75x75.jpg 75w, https:\/\/mittsjukafriska.se\/wp-content\/uploads\/2021\/03\/IMG_20210307_164255_380.jpg 1440w\" sizes=\"auto, (max-width: 1024px) 100vw, 1024px\" \/><\/figure><\/li><li class=\"blocks-gallery-item\"><figure><img loading=\"lazy\" decoding=\"async\" width=\"768\" height=\"1024\" src=\"https:\/\/mittsjukafriska.se\/wp-content\/uploads\/2021\/03\/IMG_20210307_140135-768x1024.jpg\" alt=\"\" data-id=\"2595\" data-full-url=\"https:\/\/mittsjukafriska.se\/wp-content\/uploads\/2021\/03\/IMG_20210307_140135-scaled.jpg\" data-link=\"https:\/\/mittsjukafriska.se\/?attachment_id=2595\" class=\"wp-image-2595\" srcset=\"https:\/\/mittsjukafriska.se\/wp-content\/uploads\/2021\/03\/IMG_20210307_140135-768x1024.jpg 768w, https:\/\/mittsjukafriska.se\/wp-content\/uploads\/2021\/03\/IMG_20210307_140135-225x300.jpg 225w, https:\/\/mittsjukafriska.se\/wp-content\/uploads\/2021\/03\/IMG_20210307_140135-1152x1536.jpg 1152w, https:\/\/mittsjukafriska.se\/wp-content\/uploads\/2021\/03\/IMG_20210307_140135-1536x2048.jpg 1536w, https:\/\/mittsjukafriska.se\/wp-content\/uploads\/2021\/03\/IMG_20210307_140135-1140x1520.jpg 1140w, https:\/\/mittsjukafriska.se\/wp-content\/uploads\/2021\/03\/IMG_20210307_140135-scaled.jpg 1920w\" sizes=\"auto, (max-width: 768px) 100vw, 768px\" \/><\/figure><\/li><li class=\"blocks-gallery-item\"><figure><img loading=\"lazy\" decoding=\"async\" width=\"768\" height=\"1024\" src=\"https:\/\/mittsjukafriska.se\/wp-content\/uploads\/2021\/03\/IMG_20210307_140059-768x1024.jpg\" alt=\"\" data-id=\"2596\" data-full-url=\"https:\/\/mittsjukafriska.se\/wp-content\/uploads\/2021\/03\/IMG_20210307_140059-scaled.jpg\" data-link=\"https:\/\/mittsjukafriska.se\/?attachment_id=2596\" class=\"wp-image-2596\" srcset=\"https:\/\/mittsjukafriska.se\/wp-content\/uploads\/2021\/03\/IMG_20210307_140059-768x1024.jpg 768w, https:\/\/mittsjukafriska.se\/wp-content\/uploads\/2021\/03\/IMG_20210307_140059-225x300.jpg 225w, https:\/\/mittsjukafriska.se\/wp-content\/uploads\/2021\/03\/IMG_20210307_140059-1152x1536.jpg 1152w, https:\/\/mittsjukafriska.se\/wp-content\/uploads\/2021\/03\/IMG_20210307_140059-1536x2048.jpg 1536w, https:\/\/mittsjukafriska.se\/wp-content\/uploads\/2021\/03\/IMG_20210307_140059-1140x1520.jpg 1140w, https:\/\/mittsjukafriska.se\/wp-content\/uploads\/2021\/03\/IMG_20210307_140059-scaled.jpg 1920w\" sizes=\"auto, (max-width: 768px) 100vw, 768px\" \/><\/figure><\/li><\/ul><\/figure>\n","protected":false},"excerpt":{"rendered":"<p>M\u00e5ndag och en ny vecka har dragit ig\u00e5ng. Dagarna g\u00e5r fort nu. Lite f\u00f6r fort emellan\u00e5t faktiskt. Men det \u00e4r ju bara att h\u00e4ng med p\u00e5 f\u00e4rden.Det h\u00e4nder inte s\u00e5 mycket just nu.Emils \u00f6ra \u00e4r \u00e4ntligen frisk. Visserligen r\u00e5kade l\u00e4karen f\u00e5 med sig hans r\u00f6r sist han damms\u00f6g men i \u00f6vrigt s\u00e5 \u00e4r \u00f6rat frisk. Tack och lov!Skolm\u00e4ssig s\u00e5 g\u00e5r det hur bra som helst f\u00f6r honom. Dom har ju dock b\u00f6rjat p\u00e5peka hans of\u00f6rm\u00e5ga att sitta still och\/eller att vara tyst. Det finns inte i hans lilla kropp. Han kan inte f\u00f6r sitt liv vara tyst eller sitta still. Vi f\u00e5r v\u00e4l se vad det leder till. Det \u00e4r inte s\u00e5 att vi kommer att mots\u00e4tta oss en utredning p\u00e5 honom om det kan hj\u00e4lpa honom p\u00e5 n\u00e5got vis. Been there, done that!Liam och Kevin \u00e4r det som vanligt med. Reklamen f\u00f6r studenten har ju b\u00f6rjat ramla in och vi pratade om det i helgen men n\u00e4pp. Han vill inte ha varken m\u00f6ssa eller n\u00e5got som har med studenten att g\u00f6ra. -Det kommer ju inte att bli n\u00e5gon student! Likas\u00e5 \u00e4r det med hans utbildning. Iom att det varit distansstudier i 1 \u00e5r nu s\u00e5 har dom missat hur mycket praktiskt som helst. Han ska ju \u00e4nd\u00e5 kunna framf\u00f6r en big ass lastbil n\u00e4r skolan \u00e4r \u00f6ver. Nu \u00e4r risken att dom inte f\u00e5r alla sina beh\u00f6righeter till det. Jag kan f\u00f6rst\u00e5 att det suger!Jag kan dock inte f\u00f6rst\u00e5 hur en l\u00e4roplan inte kan f\u00f6ljas. Meeen han \u00e4r snart 19 och detta \u00e4r en fight han f\u00e5r ta. Vi st\u00e5r bakom honom till 10000% men vi har inte n\u00e5got att s\u00e4ga till om om inte han vill det. Nackdelen med vuxna barn \ud83d\ude09Vi f\u00e5r helt enkelt h\u00e5lla tummarna f\u00f6r att allt kommer att g\u00e5 v\u00e4gen resten av terminen.I helgen s\u00e5 har det promenerats en del. I l\u00f6rdags fick Emil cykla med. 9 km blev det till fots f\u00f6r min och mannens del och i s\u00f6ndags blev det 1.1 mil. Men d\u00e5 beh\u00f6vde Emil inte f\u00f6lja med. Det har ju verkligen varit helt underbart v\u00e4der. Det g\u00e4ller att ta vara p\u00e5 det. Och vi \u00e4r ju b\u00e5da tv\u00e5 ute m\u00e4nniskor. Vi \u00e4lskar att vara utomhus. Till helgen som kommer s\u00e5 har vi planerat att \u00e5ka ner till Skan\u00f6r p\u00e5 l\u00f6rdag.Ner till havet och se om det finns n\u00e5gra s\u00e4lar kvar!Gud vad jag \u00e4lskar havet. Jag hade kunnat bo p\u00e5 en strand &lt;3Och p\u00e5 s\u00f6ndag drar vi till systeryster med familj f\u00f6r att fira Vincent och Daniel. Ska bli riktigt sk\u00f6nt att tr\u00e4ffa alla igen. Och eftersom vi dessutom ska vara nere i R\u00e5\u00e5dalen s\u00e5 f\u00e5r vi h\u00e4rlig natur att insupa ocks\u00e5 &lt;3Jag var hos syster idag och fick mig lite f\u00e4rg p\u00e5 kroppen. Jag fullkomligt hatar att vara blek s\u00e5 detta \u00e4r s\u00e5 underbart!Jag satt och funderade v\u00e4ldigt mycket i bilen b\u00e5de p\u00e5 v\u00e4gen dit och hem.Det h\u00e4r med att inse sitt eget v\u00e4rde. Och jag har \u00e4ntligen b\u00f6rjat inse mitt.Jag \u00e4r en sn\u00e4ll, omt\u00e4nksam och lojal person som l\u00e5ter folk utnyttja mig lite f\u00f6r mycket ibland. Men om man lyckas s\u00e5ra mig s\u00e5 blir jag kall.Jag tar mycket och jag tolererar mycket. Men jag tolererar inte att bli s\u00e5rad l\u00e4ngre.Jag accepterar inte att bli avvisad som g\u00e5rdagens sopor. Jag gjorde det f\u00f6rr. Men inte l\u00e4ngre. Vill du ha en plats i mitt liv s\u00e5 \u00e4r det en tv\u00e5filig v\u00e4g. Jag t\u00e4nker inte k\u00f6ra mot enkelriktat mer.Livet \u00e4r f\u00f6r kort f\u00f6r att bli ledsen \u00f6ver saker och folk som \u00e4nd\u00e5 inte bryr sig.S\u00e5 med det sagt s\u00e5. Give a fuck or fuck off!Jag har det jag beh\u00f6ver i mitt liv. \u00c4r det n\u00e5tt som \u00e4r sk\u00f6nt med att f\u00e5 den h\u00e4r insikten s\u00e5 \u00e4r det just det. Att jag \u00e4r bra precis som jag \u00e4r!Det kommer alltid att finnas folk som st\u00f6r sig eller som tycker att jag borde \u00e4ndra p\u00e5 mig. Men det \u00e4r deras bekymmer inte mitt. Jag anpassar mig ofta till situationen men ibland bubblar det \u00f6ver. Inte hela v\u00e4rlden. Inte s\u00e5 att n\u00e5gon d\u00f6r p\u00e5 kuppen. Absolut att folk kan ta illa upp, bli f\u00f6rv\u00e5nade osv men tja. Och?Jag gillar definitivt inte alla och alla gillar inte mig. Det m\u00e5ste finnas en balans \u00e4ven i det.Nu ska jag iaf sl\u00e4nga mig i soffan och k\u00e4ka popcorn och sen sova. Visserligen sj\u00e4lv f\u00f6r att Totte jobbar natt, men \u00e4nd\u00e5. Imorgon \u00e4r det en annan dag.Och f\u00f6rhoppningsvis s\u00e5 \u00e4r den h\u00e4r j\u00e4vla pandemin \u00f6ver snart s\u00e5 att man kan f\u00e5 b\u00f6rjat tr\u00e4ffa sina m\u00e4nniskor igen.Vi saknar er SoC &lt;3<\/p>\n","protected":false},"author":3,"featured_media":0,"comment_status":"open","ping_status":"open","sticky":false,"template":"","format":"standard","meta":{"_jetpack_memberships_contains_paid_content":false,"footnotes":""},"categories":[1],"tags":[],"class_list":["post-2588","post","type-post","status-publish","format-standard","hentry","category-personligt"],"jetpack_featured_media_url":"","jetpack_sharing_enabled":true,"_links":{"self":[{"href":"https:\/\/mittsjukafriska.se\/index.php?rest_route=\/wp\/v2\/posts\/2588","targetHints":{"allow":["GET"]}}],"collection":[{"href":"https:\/\/mittsjukafriska.se\/index.php?rest_route=\/wp\/v2\/posts"}],"about":[{"href":"https:\/\/mittsjukafriska.se\/index.php?rest_route=\/wp\/v2\/types\/post"}],"author":[{"embeddable":true,"href":"https:\/\/mittsjukafriska.se\/index.php?rest_route=\/wp\/v2\/users\/3"}],"replies":[{"embeddable":true,"href":"https:\/\/mittsjukafriska.se\/index.php?rest_route=%2Fwp%2Fv2%2Fcomments&post=2588"}],"version-history":[{"count":3,"href":"https:\/\/mittsjukafriska.se\/index.php?rest_route=\/wp\/v2\/posts\/2588\/revisions"}],"predecessor-version":[{"id":2599,"href":"https:\/\/mittsjukafriska.se\/index.php?rest_route=\/wp\/v2\/posts\/2588\/revisions\/2599"}],"wp:attachment":[{"href":"https:\/\/mittsjukafriska.se\/index.php?rest_route=%2Fwp%2Fv2%2Fmedia&parent=2588"}],"wp:term":[{"taxonomy":"category","embeddable":true,"href":"https:\/\/mittsjukafriska.se\/index.php?rest_route=%2Fwp%2Fv2%2Fcategories&post=2588"},{"taxonomy":"post_tag","embeddable":true,"href":"https:\/\/mittsjukafriska.se\/index.php?rest_route=%2Fwp%2Fv2%2Ftags&post=2588"}],"curies":[{"name":"wp","href":"https:\/\/api.w.org\/{rel}","templated":true}]}}