{"id":2602,"date":"2021-03-11T17:54:10","date_gmt":"2021-03-11T16:54:10","guid":{"rendered":"https:\/\/mittsjukafriska.se\/?p=2602"},"modified":"2021-03-11T17:54:15","modified_gmt":"2021-03-11T16:54:15","slug":"inte-en-bra-dag","status":"publish","type":"post","link":"https:\/\/mittsjukafriska.se\/?p=2602","title":{"rendered":"Inte en bra dag!"},"content":{"rendered":"\n<p>Idag \u00e4r det definitivt inte en bra dag. \u00c5ngesten g\u00f6r sig p\u00e5mind hela j\u00e4vla tiden och jag har problem att f\u00e5 bort mina tankar.<br>Tankar som jag jobbat s\u00e5 h\u00e5rt med att f\u00e5 bort. <br>Tankar som s\u00e4ger att jag inte duger. Jag \u00e4r f\u00f6r mycket. Jag \u00e4r jobbig osv osv.<br>Jag fullkomligt hatar att m\u00e5 s\u00e5 h\u00e4r.<br>Jag m\u00e5ste g\u00e5 iv\u00e4g och ta hand om den mellan varven h\u00e4r p\u00e5 jobb. Jag har f\u00f6rvarnat om att det \u00e4r en d\u00e5lig dag. Men egentligen k\u00e4nner jag bara f\u00f6r att g\u00e5 hem och l\u00e4gga mig och sova bort den h\u00e4r skiten.<br>Jag som m\u00e5dde s\u00e5 bra. Jag som var p\u00e5 v\u00e4g upp och s\u00e5 kommer det h\u00e4r som en j\u00e4vla k\u00e4ftsm\u00e4ll och bara ser till att f\u00e5 mig att sitta ner i b\u00e5ten igen!<br>Men det g\u00e5r ju \u00f6ver det g\u00f6r det alltid och kanske redan imorgon \u00e4r jag mitt glada jag igen. Vem vet.<br>Jag tycker inte om att vara s\u00e5 h\u00e4r p\u00e5 jobbet. Det \u00e4r v\u00e4ldigt sv\u00e5rt att h\u00e5lla fasaden uppe h\u00e4r och jag vill inte ha massa empati f\u00f6r det f\u00e5r mig bara att bryta ihop. Och det g\u00f6r jag i min ensamhet. Jag slutade tack och lov tidigare idag och s\u00e5 fort jag kommit hem s\u00e5 k\u00e4nns det b\u00e4ttre.<\/p>\n\n\n\n<p>Mannen hade k\u00f6pt rosor till mig. Han \u00e4r verkligen helt underbar. <\/p>\n\n\n\n<p>I m\u00e5ndags var det internationella kvinnodagen men han jobbade natt. S\u00e5 I tisdags bad han mig att g\u00e5 fr\u00e5n jobb s\u00e5 tidigt det bara gick. N\u00e4r jag kom hem s\u00e5 fick jag g\u00e5 p\u00e5 skattjakt &#x1f970;<\/p>\n\n\n\n<p>Han hade lagt ut lappar p\u00e5 lite olika st\u00e4llen d\u00e4r det stod fina ord och ledtr\u00e5d till n\u00e4sta lapp. Vi hamnade borta vid dammarna till sist och d\u00e4r v\u00e4ntade Liam och Emil med en filt och mat &#x2764;&#xfe0f;<\/p>\n\n\n\n<p>Vi hade v\u00e5r efterstr\u00e4vade picknick d\u00e4r och d\u00e5.  Dom hade k\u00f6pt pomac som vi sk\u00e5lade med. Glass till efterr\u00e4tt och s\u00e5 fick jag en ny Rituals upps\u00e4ttning &#x1f60d;<\/p>\n\n\n\n<p>Jag har verkligen v\u00e4rldens b\u00e4sta familj. <\/p>\n\n\n\n<p>Han g\u00f6r och har alltid gjort dessa fina sm\u00e5 och stor saker\/\u00f6verraskningarna lite titt som t\u00e4tt och jag \u00e4lskar det. Jag \u00e4lskar honom.<\/p>\n\n\n\n<p>Han f\u00f6rs\u00f6ker verkligen allt f\u00f6r att f\u00e5 mig p\u00e5 b\u00e4ttre hum\u00f6r. Ibland (oftast) lyckas han men ibland g\u00e5r det inte alls. <\/p>\n\n\n\n<p>Jag hoppas bara att den h\u00e4r remissen kommer att g\u00e5 snabbt. F\u00f6r jag vet inte om jag orkar med dessa dipparna l\u00e4nge till. <\/p>\n\n\n\n<p>Just nu vill jag bara f\u00f6rsvinna fr\u00e5n jordens yta. Samtidigt blir jag arg f\u00f6r att jag inte bara kan ta mig i kragen och sk\u00e4rpa mig. <\/p>\n\n\n\n<p>Imorgon \u00e4r det iaf fredag och det inneb\u00e4r att det snart \u00e4r helg och d\u00e5 kan jag krascha om jag fortfarande beh\u00f6ver det.<\/p>\n\n\n\n<p>N\u00e5gon som k\u00e4nner f\u00f6r att ta \u00f6ver detta? Bara en liten stund?<\/p>\n\n\n\n<figure class=\"wp-block-image size-large\"><img loading=\"lazy\" decoding=\"async\" width=\"236\" height=\"236\" src=\"https:\/\/mittsjukafriska.se\/wp-content\/uploads\/2021\/03\/b1b9469ec378d40625958deae4923299-deep-depression-quotes-relapse-depression.jpg\" alt=\"\" class=\"wp-image-2604\" srcset=\"https:\/\/mittsjukafriska.se\/wp-content\/uploads\/2021\/03\/b1b9469ec378d40625958deae4923299-deep-depression-quotes-relapse-depression.jpg 236w, https:\/\/mittsjukafriska.se\/wp-content\/uploads\/2021\/03\/b1b9469ec378d40625958deae4923299-deep-depression-quotes-relapse-depression-150x150.jpg 150w, https:\/\/mittsjukafriska.se\/wp-content\/uploads\/2021\/03\/b1b9469ec378d40625958deae4923299-deep-depression-quotes-relapse-depression-75x75.jpg 75w\" sizes=\"auto, (max-width: 236px) 100vw, 236px\" \/><\/figure>\n\n\n\n<figure class=\"wp-block-gallery columns-3 is-cropped wp-block-gallery-1 is-layout-flex wp-block-gallery-is-layout-flex\"><ul class=\"blocks-gallery-grid\"><li class=\"blocks-gallery-item\"><figure><img loading=\"lazy\" decoding=\"async\" width=\"236\" height=\"338\" src=\"https:\/\/mittsjukafriska.se\/wp-content\/uploads\/2021\/03\/a1667520a89346916164e38c30645470-strong-girl-quotes-bad-girl-quotes.jpg\" alt=\"\" data-id=\"2605\" data-link=\"https:\/\/mittsjukafriska.se\/?attachment_id=2605\" class=\"wp-image-2605\" srcset=\"https:\/\/mittsjukafriska.se\/wp-content\/uploads\/2021\/03\/a1667520a89346916164e38c30645470-strong-girl-quotes-bad-girl-quotes.jpg 236w, https:\/\/mittsjukafriska.se\/wp-content\/uploads\/2021\/03\/a1667520a89346916164e38c30645470-strong-girl-quotes-bad-girl-quotes-209x300.jpg 209w\" sizes=\"auto, (max-width: 236px) 100vw, 236px\" \/><\/figure><\/li><li class=\"blocks-gallery-item\"><figure><img loading=\"lazy\" decoding=\"async\" width=\"683\" height=\"1024\" src=\"https:\/\/mittsjukafriska.se\/wp-content\/uploads\/2021\/03\/7d20cd60aecbbb9d32066b01bc0633dc-683x1024.png\" alt=\"\" data-id=\"2607\" data-link=\"https:\/\/mittsjukafriska.se\/?attachment_id=2607\" class=\"wp-image-2607\" srcset=\"https:\/\/mittsjukafriska.se\/wp-content\/uploads\/2021\/03\/7d20cd60aecbbb9d32066b01bc0633dc-683x1024.png 683w, https:\/\/mittsjukafriska.se\/wp-content\/uploads\/2021\/03\/7d20cd60aecbbb9d32066b01bc0633dc-200x300.png 200w, https:\/\/mittsjukafriska.se\/wp-content\/uploads\/2021\/03\/7d20cd60aecbbb9d32066b01bc0633dc.png 735w\" sizes=\"auto, (max-width: 683px) 100vw, 683px\" \/><\/figure><\/li><li class=\"blocks-gallery-item\"><figure><img loading=\"lazy\" decoding=\"async\" width=\"584\" height=\"524\" src=\"https:\/\/mittsjukafriska.se\/wp-content\/uploads\/2021\/03\/74c8f2ddd56ea2b5c81f96cce530b2f7-1.png\" alt=\"\" data-id=\"2608\" data-full-url=\"https:\/\/mittsjukafriska.se\/wp-content\/uploads\/2021\/03\/74c8f2ddd56ea2b5c81f96cce530b2f7-1.png\" data-link=\"https:\/\/mittsjukafriska.se\/?attachment_id=2608\" class=\"wp-image-2608\" srcset=\"https:\/\/mittsjukafriska.se\/wp-content\/uploads\/2021\/03\/74c8f2ddd56ea2b5c81f96cce530b2f7-1.png 584w, https:\/\/mittsjukafriska.se\/wp-content\/uploads\/2021\/03\/74c8f2ddd56ea2b5c81f96cce530b2f7-1-300x269.png 300w\" sizes=\"auto, (max-width: 584px) 100vw, 584px\" \/><\/figure><\/li><\/ul><\/figure>\n","protected":false},"excerpt":{"rendered":"<p>Idag \u00e4r det definitivt inte en bra dag. \u00c5ngesten g\u00f6r sig p\u00e5mind hela j\u00e4vla tiden och jag har problem att f\u00e5 bort mina tankar.Tankar som jag jobbat s\u00e5 h\u00e5rt med att f\u00e5 bort. Tankar som s\u00e4ger att jag inte duger. Jag \u00e4r f\u00f6r mycket. Jag \u00e4r jobbig osv osv.Jag fullkomligt hatar att m\u00e5 s\u00e5 h\u00e4r.Jag m\u00e5ste g\u00e5 iv\u00e4g och ta hand om den mellan varven h\u00e4r p\u00e5 jobb. Jag har f\u00f6rvarnat om att det \u00e4r en d\u00e5lig dag. Men egentligen k\u00e4nner jag bara f\u00f6r att g\u00e5 hem och l\u00e4gga mig och sova bort den h\u00e4r skiten.Jag som m\u00e5dde s\u00e5 bra. Jag som var p\u00e5 v\u00e4g upp och s\u00e5 kommer det h\u00e4r som en j\u00e4vla k\u00e4ftsm\u00e4ll och bara ser till att f\u00e5 mig att sitta ner i b\u00e5ten igen!Men det g\u00e5r ju \u00f6ver det g\u00f6r det alltid och kanske redan imorgon \u00e4r jag mitt glada jag igen. Vem vet.Jag tycker inte om att vara s\u00e5 h\u00e4r p\u00e5 jobbet. Det \u00e4r v\u00e4ldigt sv\u00e5rt att h\u00e5lla fasaden uppe h\u00e4r och jag vill inte ha massa empati f\u00f6r det f\u00e5r mig bara att bryta ihop. Och det g\u00f6r jag i min ensamhet. Jag slutade tack och lov tidigare idag och s\u00e5 fort jag kommit hem s\u00e5 k\u00e4nns det b\u00e4ttre. Mannen hade k\u00f6pt rosor till mig. Han \u00e4r verkligen helt underbar. I m\u00e5ndags var det internationella kvinnodagen men han jobbade natt. S\u00e5 I tisdags bad han mig att g\u00e5 fr\u00e5n jobb s\u00e5 tidigt det bara gick. N\u00e4r jag kom hem s\u00e5 fick jag g\u00e5 p\u00e5 skattjakt &#x1f970; Han hade lagt ut lappar p\u00e5 lite olika st\u00e4llen d\u00e4r det stod fina ord och ledtr\u00e5d till n\u00e4sta lapp. Vi hamnade borta vid dammarna till sist och d\u00e4r v\u00e4ntade Liam och Emil med en filt och mat &#x2764;&#xfe0f; Vi hade v\u00e5r efterstr\u00e4vade picknick d\u00e4r och d\u00e5. Dom hade k\u00f6pt pomac som vi sk\u00e5lade med. Glass till efterr\u00e4tt och s\u00e5 fick jag en ny Rituals upps\u00e4ttning &#x1f60d; Jag har verkligen v\u00e4rldens b\u00e4sta familj. Han g\u00f6r och har alltid gjort dessa fina sm\u00e5 och stor saker\/\u00f6verraskningarna lite titt som t\u00e4tt och jag \u00e4lskar det. Jag \u00e4lskar honom. Han f\u00f6rs\u00f6ker verkligen allt f\u00f6r att f\u00e5 mig p\u00e5 b\u00e4ttre hum\u00f6r. Ibland (oftast) lyckas han men ibland g\u00e5r det inte alls. Jag hoppas bara att den h\u00e4r remissen kommer att g\u00e5 snabbt. F\u00f6r jag vet inte om jag orkar med dessa dipparna l\u00e4nge till. Just nu vill jag bara f\u00f6rsvinna fr\u00e5n jordens yta. Samtidigt blir jag arg f\u00f6r att jag inte bara kan ta mig i kragen och sk\u00e4rpa mig. Imorgon \u00e4r det iaf fredag och det inneb\u00e4r att det snart \u00e4r helg och d\u00e5 kan jag krascha om jag fortfarande beh\u00f6ver det. N\u00e5gon som k\u00e4nner f\u00f6r att ta \u00f6ver detta? Bara en liten stund?<\/p>\n","protected":false},"author":3,"featured_media":0,"comment_status":"open","ping_status":"open","sticky":false,"template":"","format":"standard","meta":{"_jetpack_memberships_contains_paid_content":false,"footnotes":""},"categories":[1],"tags":[],"class_list":["post-2602","post","type-post","status-publish","format-standard","hentry","category-personligt"],"jetpack_featured_media_url":"","jetpack_sharing_enabled":true,"_links":{"self":[{"href":"https:\/\/mittsjukafriska.se\/index.php?rest_route=\/wp\/v2\/posts\/2602","targetHints":{"allow":["GET"]}}],"collection":[{"href":"https:\/\/mittsjukafriska.se\/index.php?rest_route=\/wp\/v2\/posts"}],"about":[{"href":"https:\/\/mittsjukafriska.se\/index.php?rest_route=\/wp\/v2\/types\/post"}],"author":[{"embeddable":true,"href":"https:\/\/mittsjukafriska.se\/index.php?rest_route=\/wp\/v2\/users\/3"}],"replies":[{"embeddable":true,"href":"https:\/\/mittsjukafriska.se\/index.php?rest_route=%2Fwp%2Fv2%2Fcomments&post=2602"}],"version-history":[{"count":2,"href":"https:\/\/mittsjukafriska.se\/index.php?rest_route=\/wp\/v2\/posts\/2602\/revisions"}],"predecessor-version":[{"id":2609,"href":"https:\/\/mittsjukafriska.se\/index.php?rest_route=\/wp\/v2\/posts\/2602\/revisions\/2609"}],"wp:attachment":[{"href":"https:\/\/mittsjukafriska.se\/index.php?rest_route=%2Fwp%2Fv2%2Fmedia&parent=2602"}],"wp:term":[{"taxonomy":"category","embeddable":true,"href":"https:\/\/mittsjukafriska.se\/index.php?rest_route=%2Fwp%2Fv2%2Fcategories&post=2602"},{"taxonomy":"post_tag","embeddable":true,"href":"https:\/\/mittsjukafriska.se\/index.php?rest_route=%2Fwp%2Fv2%2Ftags&post=2602"}],"curies":[{"name":"wp","href":"https:\/\/api.w.org\/{rel}","templated":true}]}}