{"id":2613,"date":"2021-03-17T15:51:30","date_gmt":"2021-03-17T14:51:30","guid":{"rendered":"https:\/\/mittsjukafriska.se\/?p=2613"},"modified":"2021-03-17T15:51:43","modified_gmt":"2021-03-17T14:51:43","slug":"balansen-borjar-infinna-sig","status":"publish","type":"post","link":"https:\/\/mittsjukafriska.se\/?p=2613","title":{"rendered":"Balansen b\u00f6rjar infinna sig."},"content":{"rendered":"\n<p>Den d\u00e4r lilla balansrubbningen b\u00f6rjar f\u00f6rsvinna. \u00c4ntligen. V\u00e5ra planer f\u00f6r helgen sprack tack vare v\u00e4dret men det var \u00e4nd\u00e5 helt okej.<\/p>\n\n\n\n<p>Min l\u00f6rdag spenderades mer eller mindre helt och h\u00e5llet i soffan framf\u00f6r Netflix. Jag har fastnat f\u00f6r serien The Crown. Jag gillar ju historia och kultur. Och jag fullkomligt \u00e4lskar den \u00e4ldre kulturen som fanns f\u00f6rr. Sen att detta har v\u00e4ldigt mycket verklighetsf\u00f6rankring g\u00f6r det hela s\u00e5 mycket b\u00e4ttre.<\/p>\n\n\n\n<p>Men som sagt. L\u00f6rdag blev d\u00e4r inte m\u00e5nga knop gjorda. P\u00e5 s\u00f6ndagen s\u00e5 tog vi en v\u00e4lbeh\u00f6vlig promenad. Emil fick f\u00f6lja med p\u00e5 halva sen fick han vika av p\u00e5 grusv\u00e4gen och g\u00e5 hem den lilla biten f\u00f6r han varken orkade eller ville f\u00f6lja med p\u00e5 n\u00e4sta runda &#x1f602;<\/p>\n\n\n\n<p>P\u00e5 eftermiddagen var det dags f\u00f6r kalas. &#x1f382;<\/p>\n\n\n\n<p>Vi styrde bilen mot HBG och intog R\u00e5\u00e5dalen. Stackars de \u00f6vriga bes\u00f6karna. Det \u00e4r inte helt l\u00e4tt n\u00e4r Familjen Taikon \u00e4r i n\u00e4rheten &#x1f602; &#x1f609;<\/p>\n\n\n\n<p>T\u00e4nk att min lilla skruttunge (systerson) redan blivit 19(!!!)<\/p>\n\n\n\n<p>Det inneb\u00e4r att MIN son ocks\u00e5 fyller 19 i \u00e5r &#x1f631;&#x1f602;<\/p>\n\n\n\n<p>Usch och fy. N\u00e5ja jag \u00e4r och f\u00f6rblir 27 i n\u00e5gra \u00e5r till&#8230;.. &#x1f602;<\/p>\n\n\n\n<p>P\u00e5 jobbet flyter det p\u00e5. V\u00e4dret g\u00f6r sig p\u00e5mint tyv\u00e4rr. Vi s\u00e5g fram emot att v\u00e5ren var p\u00e5 v\u00e4g. Meeeen s\u00e5 var det nog inte riktigt. Aja den kommer ju f\u00f6rr eller senare.<\/p>\n\n\n\n<p>I kv\u00e4ll ska vi h\u00e4mta en ny s\u00e4ng till Emil &#x1f483;&#x1f3fb;<\/p>\n\n\n\n<p>Och i helgen ska vi h\u00e4mta, ytterligare, ett v\u00e4xthus &#x1f601;&#x1f601;&#x1f601;<\/p>\n\n\n\n<p>Ska bli kul att b\u00f6rja anv\u00e4nda det s\u00e5 sm\u00e5ningom.<\/p>\n\n\n\n<p>Det \u00e4r tur att mannen har \u00f6gonen med sig och fyndar s\u00e5 att frugan f\u00e5r roa sig &#x1f602;<\/p>\n\n\n\n<p>Annars \u00e4r det bra med alla? <\/p>\n","protected":false},"excerpt":{"rendered":"<p>Den d\u00e4r lilla balansrubbningen b\u00f6rjar f\u00f6rsvinna. \u00c4ntligen. V\u00e5ra planer f\u00f6r helgen sprack tack vare v\u00e4dret men det var \u00e4nd\u00e5 helt okej. Min l\u00f6rdag spenderades mer eller mindre helt och h\u00e5llet i soffan framf\u00f6r Netflix. Jag har fastnat f\u00f6r serien The Crown. Jag gillar ju historia och kultur. Och jag fullkomligt \u00e4lskar den \u00e4ldre kulturen som fanns f\u00f6rr. Sen att detta har v\u00e4ldigt mycket verklighetsf\u00f6rankring g\u00f6r det hela s\u00e5 mycket b\u00e4ttre. Men som sagt. L\u00f6rdag blev d\u00e4r inte m\u00e5nga knop gjorda. P\u00e5 s\u00f6ndagen s\u00e5 tog vi en v\u00e4lbeh\u00f6vlig promenad. Emil fick f\u00f6lja med p\u00e5 halva sen fick han vika av p\u00e5 grusv\u00e4gen och g\u00e5 hem den lilla biten f\u00f6r han varken orkade eller ville f\u00f6lja med p\u00e5 n\u00e4sta runda &#x1f602; P\u00e5 eftermiddagen var det dags f\u00f6r kalas. &#x1f382; Vi styrde bilen mot HBG och intog R\u00e5\u00e5dalen. Stackars de \u00f6vriga bes\u00f6karna. Det \u00e4r inte helt l\u00e4tt n\u00e4r Familjen Taikon \u00e4r i n\u00e4rheten &#x1f602; &#x1f609; T\u00e4nk att min lilla skruttunge (systerson) redan blivit 19(!!!) Det inneb\u00e4r att MIN son ocks\u00e5 fyller 19 i \u00e5r &#x1f631;&#x1f602; Usch och fy. N\u00e5ja jag \u00e4r och f\u00f6rblir 27 i n\u00e5gra \u00e5r till&#8230;.. &#x1f602; P\u00e5 jobbet flyter det p\u00e5. V\u00e4dret g\u00f6r sig p\u00e5mint tyv\u00e4rr. Vi s\u00e5g fram emot att v\u00e5ren var p\u00e5 v\u00e4g. Meeeen s\u00e5 var det nog inte riktigt. Aja den kommer ju f\u00f6rr eller senare. I kv\u00e4ll ska vi h\u00e4mta en ny s\u00e4ng till Emil &#x1f483;&#x1f3fb; Och i helgen ska vi h\u00e4mta, ytterligare, ett v\u00e4xthus &#x1f601;&#x1f601;&#x1f601; Ska bli kul att b\u00f6rja anv\u00e4nda det s\u00e5 sm\u00e5ningom. Det \u00e4r tur att mannen har \u00f6gonen med sig och fyndar s\u00e5 att frugan f\u00e5r roa sig &#x1f602; Annars \u00e4r det bra med alla?<\/p>\n","protected":false},"author":3,"featured_media":0,"comment_status":"open","ping_status":"open","sticky":false,"template":"","format":"standard","meta":{"_jetpack_memberships_contains_paid_content":false,"footnotes":""},"categories":[1],"tags":[],"class_list":["post-2613","post","type-post","status-publish","format-standard","hentry","category-personligt"],"jetpack_featured_media_url":"","jetpack_sharing_enabled":true,"_links":{"self":[{"href":"https:\/\/mittsjukafriska.se\/index.php?rest_route=\/wp\/v2\/posts\/2613","targetHints":{"allow":["GET"]}}],"collection":[{"href":"https:\/\/mittsjukafriska.se\/index.php?rest_route=\/wp\/v2\/posts"}],"about":[{"href":"https:\/\/mittsjukafriska.se\/index.php?rest_route=\/wp\/v2\/types\/post"}],"author":[{"embeddable":true,"href":"https:\/\/mittsjukafriska.se\/index.php?rest_route=\/wp\/v2\/users\/3"}],"replies":[{"embeddable":true,"href":"https:\/\/mittsjukafriska.se\/index.php?rest_route=%2Fwp%2Fv2%2Fcomments&post=2613"}],"version-history":[{"count":1,"href":"https:\/\/mittsjukafriska.se\/index.php?rest_route=\/wp\/v2\/posts\/2613\/revisions"}],"predecessor-version":[{"id":2614,"href":"https:\/\/mittsjukafriska.se\/index.php?rest_route=\/wp\/v2\/posts\/2613\/revisions\/2614"}],"wp:attachment":[{"href":"https:\/\/mittsjukafriska.se\/index.php?rest_route=%2Fwp%2Fv2%2Fmedia&parent=2613"}],"wp:term":[{"taxonomy":"category","embeddable":true,"href":"https:\/\/mittsjukafriska.se\/index.php?rest_route=%2Fwp%2Fv2%2Fcategories&post=2613"},{"taxonomy":"post_tag","embeddable":true,"href":"https:\/\/mittsjukafriska.se\/index.php?rest_route=%2Fwp%2Fv2%2Ftags&post=2613"}],"curies":[{"name":"wp","href":"https:\/\/api.w.org\/{rel}","templated":true}]}}