{"id":2616,"date":"2021-03-21T21:47:34","date_gmt":"2021-03-21T20:47:34","guid":{"rendered":"https:\/\/mittsjukafriska.se\/?p=2616"},"modified":"2021-03-21T21:47:40","modified_gmt":"2021-03-21T20:47:40","slug":"aldrig-i-mitt-liv","status":"publish","type":"post","link":"https:\/\/mittsjukafriska.se\/?p=2616","title":{"rendered":"Aldrig i mitt liv&#8230;."},"content":{"rendered":"\n<p>Skulle jag n\u00e5gonsin kunnat t\u00e4nka tanken att jag skulle bli lycklig av att mensen kommer!<\/p>\n\n\n\n<p>Och inte fan \u00e4r det f\u00f6r att jag \u00e4r orolig \u00f6ver att vara gravid. Den produktionen \u00e4r st\u00e4ng och igenbommad! Fabrik \u00e4r fortfarande ig\u00e5ng men icke produktionen. Jag \u00f6verl\u00e5ter befolknings\u00f6kningen till n\u00e5gon annan. Jag har gjort min del &#x1f602;<\/p>\n\n\n\n<p>Iaf. Varje g\u00e5ng den kommer s\u00e5 blir jag \u00f6verlycklig f\u00f6r det inneb\u00e4r att jag bara \u00e4r n\u00e5gra f\u00e5 timmar ifr\u00e5n att bli mig sj\u00e4lv igen &#x1f64f;&#x2764;&#xfe0f;<\/p>\n\n\n\n<p>Veckan har varit som de flesta veckor. Jobb, skola, mat, umg\u00e5s, tr\u00e4na, sova och repetera&#8230;. &#x1f602;<\/p>\n\n\n\n<p>I tisdags var vi dock och h\u00e4mtade en &#8221;ny&#8221; s\u00e4ng till Emil. Och I torsdags s\u00e5 byggde vi ihop den. S\u00e5 himla bra det blev och s\u00e5 mycket mer plats han fick. Framf\u00f6rallt s\u00e5 blev han super n\u00f6jd. <\/p>\n\n\n\n<p>I helgen har vi f\u00e5tt gjort en del. Vi var och h\u00e4mtade ett &#8221;nytt&#8221; v\u00e4xthus till mig. S\u00e5 nu har jag tv\u00e5 &#x1f970;&#x1f648;&#x1f602;<\/p>\n\n\n\n<p>Jag har ingen aning om vad jag ska ha dom till men jag kommer nog p\u00e5 n\u00e5got &#x1f937;&#x1f3fc;&#x200d;&#x2640;&#xfe0f;&#x1f648;&#x1f602;<\/p>\n\n\n\n<p>Det blev iaf att gr\u00e4va en ram och s\u00e4nka ner det i marken f\u00f6r att sen gjuta det med betong. H\u00e5ll f\u00f6r fan tummarna f\u00f6r att det stannar d\u00e4r det n\u00e4r det v\u00e4l b\u00f6rjar bl\u00e5sa.<\/p>\n\n\n\n<p>Idag fick vi Forts\u00e4tta med gjutningen f\u00f6r vi k\u00f6pte f\u00f6r lite och d\u00e5 hade dom st\u00e4ngt.<\/p>\n\n\n\n<p>Plus att det b\u00f6rjade regna mer och mer. Men idag var v\u00e4dret helt underbart. Jag tog mig en lite avkoppling i sl\u00e4nten och nj\u00f6t av v\u00e4rmen fr\u00e5n solen och hur den bl\u00e4nkte mot vattenytan.<\/p>\n\n\n\n<p>Det \u00e4r dagar som dessa som jag fullkomligt \u00e4lskar livet och d\u00e4r vi bor. Jag hoppas att vi alltid kommer att bo lika fritt som vi g\u00f6r nu. Vi har inga planer p\u00e5 att flytta. Men vi vet om att vi en dag kommer att beh\u00f6va g\u00f6ra det. Huset kommer att vara alldeles f\u00f6r stort f\u00f6r oss och p\u00e5 s\u00e5 viss \u00e4ven f\u00f6r dyrt. Men det \u00e4r inte aktuellt p\u00e5 ett bra tag.<\/p>\n\n\n\n<p>N\u00e4r jag lapat i mig sol s\u00e5 var det dags att utfodra odjuren. Idag blev det banne mig pannkakor och vi hade \u00e5rets f\u00f6rsta m\u00e5ltid utomhus. Lovely &#x1f970;<\/p>\n\n\n\n<p>Sv\u00e4rfar kom ocks\u00e5 p\u00e5 bes\u00f6k och tog en kopp kaffe i det underbara v\u00e4dret.<\/p>\n\n\n\n<p>Vi var ute in i det sista. Fram\u00e5t kv\u00e4llen, efter mat och dusch osv f\u00f6r mini s\u00e5 fick han spela medan jag och mannen tog en promenad\/l\u00f6prunda innan solen gick ner helt.<\/p>\n\n\n\n<p>Jag funderar p\u00e5 om jag ska g\u00e5 upp tidigt imorgon och b\u00f6rja med mina morgonpromenader igen. Vi f\u00e5r se om jag orkar &#x1f602; &#x1f92a;<\/p>\n\n\n\n<p>Imorgon \u00e4r det m\u00e5ndag igen och \u00e4nnu en ny or\u00f6rd vecka tar sin b\u00f6rjan. P\u00e5 onsdag ska jag till syrran f\u00f6r att \u00e5ter igen f\u00e5 lite f\u00e4rg p\u00e5 kroppen &#x1f970;<\/p>\n\n\n\n<p>Nu kallar dock s\u00e4ngen.<\/p>\n\n\n\n<p>Ha det underbart och ta vara p\u00e5 livet.<\/p>\n\n\n\n<figure class=\"wp-block-gallery columns-3 is-cropped wp-block-gallery-1 is-layout-flex wp-block-gallery-is-layout-flex\"><ul class=\"blocks-gallery-grid\"><li class=\"blocks-gallery-item\"><figure><img loading=\"lazy\" decoding=\"async\" width=\"768\" height=\"1024\" src=\"https:\/\/mittsjukafriska.se\/wp-content\/uploads\/2021\/03\/IMG_20210321_140137-768x1024.jpg\" alt=\"\" data-id=\"2617\" data-full-url=\"https:\/\/mittsjukafriska.se\/wp-content\/uploads\/2021\/03\/IMG_20210321_140137-scaled.jpg\" data-link=\"https:\/\/mittsjukafriska.se\/?attachment_id=2617\" class=\"wp-image-2617\" srcset=\"https:\/\/mittsjukafriska.se\/wp-content\/uploads\/2021\/03\/IMG_20210321_140137-768x1024.jpg 768w, https:\/\/mittsjukafriska.se\/wp-content\/uploads\/2021\/03\/IMG_20210321_140137-225x300.jpg 225w, https:\/\/mittsjukafriska.se\/wp-content\/uploads\/2021\/03\/IMG_20210321_140137-1152x1536.jpg 1152w, https:\/\/mittsjukafriska.se\/wp-content\/uploads\/2021\/03\/IMG_20210321_140137-1536x2048.jpg 1536w, https:\/\/mittsjukafriska.se\/wp-content\/uploads\/2021\/03\/IMG_20210321_140137-1140x1520.jpg 1140w, https:\/\/mittsjukafriska.se\/wp-content\/uploads\/2021\/03\/IMG_20210321_140137-scaled.jpg 1920w\" sizes=\"auto, (max-width: 768px) 100vw, 768px\" \/><\/figure><\/li><li class=\"blocks-gallery-item\"><figure><img loading=\"lazy\" decoding=\"async\" width=\"768\" height=\"1024\" src=\"https:\/\/mittsjukafriska.se\/wp-content\/uploads\/2021\/03\/IMG_20210321_140026-768x1024.jpg\" alt=\"\" data-id=\"2618\" data-full-url=\"https:\/\/mittsjukafriska.se\/wp-content\/uploads\/2021\/03\/IMG_20210321_140026-scaled.jpg\" data-link=\"https:\/\/mittsjukafriska.se\/?attachment_id=2618\" class=\"wp-image-2618\" srcset=\"https:\/\/mittsjukafriska.se\/wp-content\/uploads\/2021\/03\/IMG_20210321_140026-768x1024.jpg 768w, https:\/\/mittsjukafriska.se\/wp-content\/uploads\/2021\/03\/IMG_20210321_140026-225x300.jpg 225w, https:\/\/mittsjukafriska.se\/wp-content\/uploads\/2021\/03\/IMG_20210321_140026-1152x1536.jpg 1152w, https:\/\/mittsjukafriska.se\/wp-content\/uploads\/2021\/03\/IMG_20210321_140026-1536x2048.jpg 1536w, https:\/\/mittsjukafriska.se\/wp-content\/uploads\/2021\/03\/IMG_20210321_140026-1140x1520.jpg 1140w, https:\/\/mittsjukafriska.se\/wp-content\/uploads\/2021\/03\/IMG_20210321_140026-scaled.jpg 1920w\" sizes=\"auto, (max-width: 768px) 100vw, 768px\" \/><\/figure><\/li><li class=\"blocks-gallery-item\"><figure><img loading=\"lazy\" decoding=\"async\" width=\"768\" height=\"1024\" src=\"https:\/\/mittsjukafriska.se\/wp-content\/uploads\/2021\/03\/IMG_20210321_135920-768x1024.jpg\" alt=\"\" data-id=\"2619\" data-full-url=\"https:\/\/mittsjukafriska.se\/wp-content\/uploads\/2021\/03\/IMG_20210321_135920-scaled.jpg\" data-link=\"https:\/\/mittsjukafriska.se\/?attachment_id=2619\" class=\"wp-image-2619\" srcset=\"https:\/\/mittsjukafriska.se\/wp-content\/uploads\/2021\/03\/IMG_20210321_135920-768x1024.jpg 768w, https:\/\/mittsjukafriska.se\/wp-content\/uploads\/2021\/03\/IMG_20210321_135920-225x300.jpg 225w, https:\/\/mittsjukafriska.se\/wp-content\/uploads\/2021\/03\/IMG_20210321_135920-1152x1536.jpg 1152w, https:\/\/mittsjukafriska.se\/wp-content\/uploads\/2021\/03\/IMG_20210321_135920-1536x2048.jpg 1536w, https:\/\/mittsjukafriska.se\/wp-content\/uploads\/2021\/03\/IMG_20210321_135920-1140x1520.jpg 1140w, https:\/\/mittsjukafriska.se\/wp-content\/uploads\/2021\/03\/IMG_20210321_135920-scaled.jpg 1920w\" sizes=\"auto, (max-width: 768px) 100vw, 768px\" \/><\/figure><\/li><li class=\"blocks-gallery-item\"><figure><img loading=\"lazy\" decoding=\"async\" width=\"768\" height=\"1024\" src=\"https:\/\/mittsjukafriska.se\/wp-content\/uploads\/2021\/03\/IMG_20210321_114656-768x1024.jpg\" alt=\"\" data-id=\"2620\" data-full-url=\"https:\/\/mittsjukafriska.se\/wp-content\/uploads\/2021\/03\/IMG_20210321_114656-scaled.jpg\" data-link=\"https:\/\/mittsjukafriska.se\/?attachment_id=2620\" class=\"wp-image-2620\" srcset=\"https:\/\/mittsjukafriska.se\/wp-content\/uploads\/2021\/03\/IMG_20210321_114656-768x1024.jpg 768w, https:\/\/mittsjukafriska.se\/wp-content\/uploads\/2021\/03\/IMG_20210321_114656-225x300.jpg 225w, https:\/\/mittsjukafriska.se\/wp-content\/uploads\/2021\/03\/IMG_20210321_114656-1152x1536.jpg 1152w, https:\/\/mittsjukafriska.se\/wp-content\/uploads\/2021\/03\/IMG_20210321_114656-1536x2048.jpg 1536w, https:\/\/mittsjukafriska.se\/wp-content\/uploads\/2021\/03\/IMG_20210321_114656-1140x1520.jpg 1140w, https:\/\/mittsjukafriska.se\/wp-content\/uploads\/2021\/03\/IMG_20210321_114656-scaled.jpg 1920w\" sizes=\"auto, (max-width: 768px) 100vw, 768px\" \/><\/figure><\/li><li class=\"blocks-gallery-item\"><figure><img loading=\"lazy\" decoding=\"async\" width=\"768\" height=\"1024\" src=\"https:\/\/mittsjukafriska.se\/wp-content\/uploads\/2021\/03\/IMG_20210321_114650-768x1024.jpg\" alt=\"\" data-id=\"2621\" data-full-url=\"https:\/\/mittsjukafriska.se\/wp-content\/uploads\/2021\/03\/IMG_20210321_114650-scaled.jpg\" data-link=\"https:\/\/mittsjukafriska.se\/?attachment_id=2621\" class=\"wp-image-2621\" srcset=\"https:\/\/mittsjukafriska.se\/wp-content\/uploads\/2021\/03\/IMG_20210321_114650-768x1024.jpg 768w, https:\/\/mittsjukafriska.se\/wp-content\/uploads\/2021\/03\/IMG_20210321_114650-225x300.jpg 225w, https:\/\/mittsjukafriska.se\/wp-content\/uploads\/2021\/03\/IMG_20210321_114650-1152x1536.jpg 1152w, https:\/\/mittsjukafriska.se\/wp-content\/uploads\/2021\/03\/IMG_20210321_114650-1536x2048.jpg 1536w, https:\/\/mittsjukafriska.se\/wp-content\/uploads\/2021\/03\/IMG_20210321_114650-1140x1520.jpg 1140w, https:\/\/mittsjukafriska.se\/wp-content\/uploads\/2021\/03\/IMG_20210321_114650-scaled.jpg 1920w\" sizes=\"auto, (max-width: 768px) 100vw, 768px\" \/><\/figure><\/li><li class=\"blocks-gallery-item\"><figure><img loading=\"lazy\" decoding=\"async\" width=\"768\" height=\"1024\" src=\"https:\/\/mittsjukafriska.se\/wp-content\/uploads\/2021\/03\/IMG_20210319_215821-768x1024.jpg\" alt=\"\" data-id=\"2622\" data-full-url=\"https:\/\/mittsjukafriska.se\/wp-content\/uploads\/2021\/03\/IMG_20210319_215821-scaled.jpg\" data-link=\"https:\/\/mittsjukafriska.se\/?attachment_id=2622\" class=\"wp-image-2622\" srcset=\"https:\/\/mittsjukafriska.se\/wp-content\/uploads\/2021\/03\/IMG_20210319_215821-768x1024.jpg 768w, https:\/\/mittsjukafriska.se\/wp-content\/uploads\/2021\/03\/IMG_20210319_215821-225x300.jpg 225w, https:\/\/mittsjukafriska.se\/wp-content\/uploads\/2021\/03\/IMG_20210319_215821-1152x1536.jpg 1152w, https:\/\/mittsjukafriska.se\/wp-content\/uploads\/2021\/03\/IMG_20210319_215821-1536x2048.jpg 1536w, https:\/\/mittsjukafriska.se\/wp-content\/uploads\/2021\/03\/IMG_20210319_215821-1140x1520.jpg 1140w, https:\/\/mittsjukafriska.se\/wp-content\/uploads\/2021\/03\/IMG_20210319_215821-scaled.jpg 1920w\" sizes=\"auto, (max-width: 768px) 100vw, 768px\" \/><\/figure><\/li><li class=\"blocks-gallery-item\"><figure><img loading=\"lazy\" decoding=\"async\" width=\"768\" height=\"1024\" src=\"https:\/\/mittsjukafriska.se\/wp-content\/uploads\/2021\/03\/IMG_20210319_215430-768x1024.jpg\" alt=\"\" data-id=\"2623\" data-full-url=\"https:\/\/mittsjukafriska.se\/wp-content\/uploads\/2021\/03\/IMG_20210319_215430-scaled.jpg\" data-link=\"https:\/\/mittsjukafriska.se\/?attachment_id=2623\" class=\"wp-image-2623\" srcset=\"https:\/\/mittsjukafriska.se\/wp-content\/uploads\/2021\/03\/IMG_20210319_215430-768x1024.jpg 768w, https:\/\/mittsjukafriska.se\/wp-content\/uploads\/2021\/03\/IMG_20210319_215430-225x300.jpg 225w, https:\/\/mittsjukafriska.se\/wp-content\/uploads\/2021\/03\/IMG_20210319_215430-1152x1536.jpg 1152w, https:\/\/mittsjukafriska.se\/wp-content\/uploads\/2021\/03\/IMG_20210319_215430-1536x2048.jpg 1536w, https:\/\/mittsjukafriska.se\/wp-content\/uploads\/2021\/03\/IMG_20210319_215430-1140x1520.jpg 1140w, https:\/\/mittsjukafriska.se\/wp-content\/uploads\/2021\/03\/IMG_20210319_215430-scaled.jpg 1920w\" sizes=\"auto, (max-width: 768px) 100vw, 768px\" \/><\/figure><\/li><\/ul><\/figure>\n","protected":false},"excerpt":{"rendered":"<p>Skulle jag n\u00e5gonsin kunnat t\u00e4nka tanken att jag skulle bli lycklig av att mensen kommer! Och inte fan \u00e4r det f\u00f6r att jag \u00e4r orolig \u00f6ver att vara gravid. Den produktionen \u00e4r st\u00e4ng och igenbommad! Fabrik \u00e4r fortfarande ig\u00e5ng men icke produktionen. Jag \u00f6verl\u00e5ter befolknings\u00f6kningen till n\u00e5gon annan. Jag har gjort min del &#x1f602; Iaf. Varje g\u00e5ng den kommer s\u00e5 blir jag \u00f6verlycklig f\u00f6r det inneb\u00e4r att jag bara \u00e4r n\u00e5gra f\u00e5 timmar ifr\u00e5n att bli mig sj\u00e4lv igen &#x1f64f;&#x2764;&#xfe0f; Veckan har varit som de flesta veckor. Jobb, skola, mat, umg\u00e5s, tr\u00e4na, sova och repetera&#8230;. &#x1f602; I tisdags var vi dock och h\u00e4mtade en &#8221;ny&#8221; s\u00e4ng till Emil. Och I torsdags s\u00e5 byggde vi ihop den. S\u00e5 himla bra det blev och s\u00e5 mycket mer plats han fick. Framf\u00f6rallt s\u00e5 blev han super n\u00f6jd. I helgen har vi f\u00e5tt gjort en del. Vi var och h\u00e4mtade ett &#8221;nytt&#8221; v\u00e4xthus till mig. S\u00e5 nu har jag tv\u00e5 &#x1f970;&#x1f648;&#x1f602; Jag har ingen aning om vad jag ska ha dom till men jag kommer nog p\u00e5 n\u00e5got &#x1f937;&#x1f3fc;&#x200d;&#x2640;&#xfe0f;&#x1f648;&#x1f602; Det blev iaf att gr\u00e4va en ram och s\u00e4nka ner det i marken f\u00f6r att sen gjuta det med betong. H\u00e5ll f\u00f6r fan tummarna f\u00f6r att det stannar d\u00e4r det n\u00e4r det v\u00e4l b\u00f6rjar bl\u00e5sa. Idag fick vi Forts\u00e4tta med gjutningen f\u00f6r vi k\u00f6pte f\u00f6r lite och d\u00e5 hade dom st\u00e4ngt. Plus att det b\u00f6rjade regna mer och mer. Men idag var v\u00e4dret helt underbart. Jag tog mig en lite avkoppling i sl\u00e4nten och nj\u00f6t av v\u00e4rmen fr\u00e5n solen och hur den bl\u00e4nkte mot vattenytan. Det \u00e4r dagar som dessa som jag fullkomligt \u00e4lskar livet och d\u00e4r vi bor. Jag hoppas att vi alltid kommer att bo lika fritt som vi g\u00f6r nu. Vi har inga planer p\u00e5 att flytta. Men vi vet om att vi en dag kommer att beh\u00f6va g\u00f6ra det. Huset kommer att vara alldeles f\u00f6r stort f\u00f6r oss och p\u00e5 s\u00e5 viss \u00e4ven f\u00f6r dyrt. Men det \u00e4r inte aktuellt p\u00e5 ett bra tag. N\u00e4r jag lapat i mig sol s\u00e5 var det dags att utfodra odjuren. Idag blev det banne mig pannkakor och vi hade \u00e5rets f\u00f6rsta m\u00e5ltid utomhus. Lovely &#x1f970; Sv\u00e4rfar kom ocks\u00e5 p\u00e5 bes\u00f6k och tog en kopp kaffe i det underbara v\u00e4dret. Vi var ute in i det sista. Fram\u00e5t kv\u00e4llen, efter mat och dusch osv f\u00f6r mini s\u00e5 fick han spela medan jag och mannen tog en promenad\/l\u00f6prunda innan solen gick ner helt. Jag funderar p\u00e5 om jag ska g\u00e5 upp tidigt imorgon och b\u00f6rja med mina morgonpromenader igen. Vi f\u00e5r se om jag orkar &#x1f602; &#x1f92a; Imorgon \u00e4r det m\u00e5ndag igen och \u00e4nnu en ny or\u00f6rd vecka tar sin b\u00f6rjan. P\u00e5 onsdag ska jag till syrran f\u00f6r att \u00e5ter igen f\u00e5 lite f\u00e4rg p\u00e5 kroppen &#x1f970; Nu kallar dock s\u00e4ngen. Ha det underbart och ta vara p\u00e5 livet.<\/p>\n","protected":false},"author":3,"featured_media":0,"comment_status":"open","ping_status":"open","sticky":false,"template":"","format":"standard","meta":{"_jetpack_memberships_contains_paid_content":false,"footnotes":""},"categories":[1],"tags":[],"class_list":["post-2616","post","type-post","status-publish","format-standard","hentry","category-personligt"],"jetpack_featured_media_url":"","jetpack_sharing_enabled":true,"_links":{"self":[{"href":"https:\/\/mittsjukafriska.se\/index.php?rest_route=\/wp\/v2\/posts\/2616","targetHints":{"allow":["GET"]}}],"collection":[{"href":"https:\/\/mittsjukafriska.se\/index.php?rest_route=\/wp\/v2\/posts"}],"about":[{"href":"https:\/\/mittsjukafriska.se\/index.php?rest_route=\/wp\/v2\/types\/post"}],"author":[{"embeddable":true,"href":"https:\/\/mittsjukafriska.se\/index.php?rest_route=\/wp\/v2\/users\/3"}],"replies":[{"embeddable":true,"href":"https:\/\/mittsjukafriska.se\/index.php?rest_route=%2Fwp%2Fv2%2Fcomments&post=2616"}],"version-history":[{"count":1,"href":"https:\/\/mittsjukafriska.se\/index.php?rest_route=\/wp\/v2\/posts\/2616\/revisions"}],"predecessor-version":[{"id":2624,"href":"https:\/\/mittsjukafriska.se\/index.php?rest_route=\/wp\/v2\/posts\/2616\/revisions\/2624"}],"wp:attachment":[{"href":"https:\/\/mittsjukafriska.se\/index.php?rest_route=%2Fwp%2Fv2%2Fmedia&parent=2616"}],"wp:term":[{"taxonomy":"category","embeddable":true,"href":"https:\/\/mittsjukafriska.se\/index.php?rest_route=%2Fwp%2Fv2%2Fcategories&post=2616"},{"taxonomy":"post_tag","embeddable":true,"href":"https:\/\/mittsjukafriska.se\/index.php?rest_route=%2Fwp%2Fv2%2Ftags&post=2616"}],"curies":[{"name":"wp","href":"https:\/\/api.w.org\/{rel}","templated":true}]}}