{"id":2629,"date":"2021-03-29T09:50:21","date_gmt":"2021-03-29T08:50:21","guid":{"rendered":"https:\/\/mittsjukafriska.se\/?p=2629"},"modified":"2021-03-29T09:50:31","modified_gmt":"2021-03-29T08:50:31","slug":"speedy-gonzalez","status":"publish","type":"post","link":"https:\/\/mittsjukafriska.se\/?p=2629","title":{"rendered":"Speedy Gonzalez"},"content":{"rendered":"\n<p>Just nu k\u00e4nner jag mig som honom. Jag h\u00e4nger inte alls med i mina egna sv\u00e4ngar.<br>Lite sm\u00e5tt jobbigt n\u00e4r man g\u00f6r saker man vet att man inte borde. Det \u00e4r d\u00e5 man \u00f6nskar att man hade den d\u00e4r fj\u00e4rrkontrollen fr\u00e5n filmen *Klick* D\u00e4r man kan spola tillbaka tiden de sekundrarna och l\u00e5ta hj\u00e4rnan f\u00e5 lov att g\u00e5 det d\u00e4r liiiiilla extra varvet innan man g\u00f6r&#8230;\u2026.<br>Gjort \u00e4r gjort och f\u00f6rhoppningsvis s\u00e5 \u00e4r d\u00e4r ingen st\u00f6rre skada skedd.<br>\u00c4ven om m\u00e5endet \u00e4r bra s\u00e5 \u00e4r jag inte i fas med mig sj\u00e4lv.<br>Jag har tappat bollen i mitt liv lite. Jag f\u00e5r inte riktigt in det jag vill i mina vakna timmar.<br>Orken finns inte d\u00e4r.<br>Jag vill springa men jag orkar inte. Jag vill styrketr\u00e4na men jag orkar inte. Jag vill umg\u00e5s mer med barnen men jag orkar inte och dessutom s\u00e5 vill dom aldrig g\u00f6ra det jag vill och jag vill definitivt inte g\u00f6ra det dom vill s\u00e5 det blir ett litet moment 22 d\u00e4r. Vi f\u00e5r v\u00e4l helt enkelt f\u00f6rlita oss p\u00e5 att v\u00e5ren kommer med sin v\u00e4rme snart s\u00e5 att vi kan vara ute mer utan att det klagas \u00f6ver att det \u00e4r kallt.<br>T\u00e4nk vad fort tiden g\u00e5r. Vi \u00e4r snart inne i april. Det \u00e4r ju helt sansl\u00f6st.<br>Det \u00e4r s\u00e5 att man f\u00e5r lite \u00e5ngest \u00f6ver det. Att tiden bara f\u00f6rsvinner iv\u00e4g och att man knappt hinner njuta av den.<br>Usch. <br>Mitt huvud just nu. <br>*ghhhaaa* Jag k\u00e4nner mig som Joker. <br>Ena sekunden s\u00e5 \u00e4r det bra andra s\u00e5 \u00e4r det skit. Som sagt jag hinner inte riktigt med i mina egna sv\u00e4ngar.<br>Men n\u00e4r det \u00e4r bra d\u00e5 \u00e4r det j\u00e4vligt bra. D\u00e5 \u00e4r det euforiskt och jag hade kunnat ta hela v\u00e4rlden med storm.<br>Jag beh\u00f6ver f\u00e5 in mina rutiner igen. Jag beh\u00f6ver komma ut p\u00e5 mina dagliga promenader och jag beh\u00f6ver ha mina styrketr\u00e4ningspass.<br>S\u00e5 from idag s\u00e5 ska det \u00e4ndras p\u00e5 det igen.<br>Det blir s\u00e5 h\u00e4r varje g\u00e5ng. Varje g\u00e5ng jag tappar bollen s\u00e5 blir det lite kaos i mitt liv.<br>Helgen har varit lugn. I l\u00f6rdags fick Emil \u00e5ka till kusinen f\u00f6r lite lek. Eller ja det blev en betydligt l\u00e4ngre stund \u00e4n planerat men dom hade tydligen haft kul.<br>S\u00e5 efter att ha handlat en del och fixat s\u00e5 placerade jag mig soffan d\u00e4r hemma och str\u00e4ckkollade p\u00e5 tv.<br>Kevin l\u00e5g och sov hela dagen. Det tar h\u00e5rt p\u00e5 krafterna att festa med grabbarna *hahah*<br>Och Liam gjorde det han brukar. Satt d\u00e4r uppe och kollade p\u00e5 sin platta och spelade mellan varven. <br>S\u00e5 med andra ord s\u00e5 s\u00e5g jag inte r\u00f6ken av n\u00e5gon av dom p\u00e5 hela dagen. Dom kr\u00f6p upp ur sina grottor f\u00f6r att fr\u00e5ga vad det blev till mat. Svaret dom var att jag inte t\u00e4nkte laga n\u00e5got s\u00e5 dom fick fixa n\u00e5got sj\u00e4lva *Hahahah*<br>Jag \u00e4lskar att ha stora barn ;-D<br>N\u00e4r jag hade h\u00e4mtat Emil s\u00e5 var det dags f\u00f6r s\u00e4ngen f\u00f6r hans del och jag \u00e5tergick till soffan.<br>Mannen kom hem p\u00e5 morgonen p\u00e5 s\u00f6ndag och efter frukosten och alla morgon bestyr s\u00e5 gick vi ut i tr\u00e4dg\u00e5rden.<br>Han tv\u00e4ttade mina v\u00e4xthus och jag rensade ogr\u00e4s bland mina b\u00e4rbuskar.<br>Emil hj\u00e4lpte till lite d\u00e5 och d\u00e5. Efter lunch s\u00e5 gick vi ut en runda f\u00f6r att hitta bj\u00f6rkris och andra kvistar s\u00e5 att vi kunde pynta lite.<br>Vi \u00e4r sis\u00e5d\u00e4r traditionella med s\u00e5nt d\u00e4r. Men barnen (Emil) gillar det. F\u00f6r honom \u00e4r varje h\u00f6gtid j\u00e4tte viktig just nu. Dom pratar mycket om de olika h\u00f6gtiderna i skolan s\u00e5 d\u00e5 blir det ju s\u00e5.<br>I torsdags var jag \u00e5ter hos syster och fick lite f\u00e4rg p\u00e5 kroppen. T\u00e4nk vad det kan g\u00f6ra med m\u00e5endet.  <br>Vips s\u00e5 blir man glad igen.<br>Och idag ska jag till VC och l\u00e4mna de obligatoriska drogtesterna inf\u00f6r utredningen.<br>Jag trodde inte att den skulle p\u00e5verka mig s\u00e5 mycket som den g\u00f6r.<br>Men jag har nog &#8221;r\u00e4ddare&#8221; \u00e4n vad jag trott \u00f6ver det.<br>Det kommer upp s\u00e5 mycket tankar i huvudet p\u00e5 en. Hur kommer det bli?<br>Kommer det g\u00f6ra n\u00e5gon skillnad?<br>Kommer jag att f\u00f6r\u00e4ndras?<br>Kommer det att g\u00f6ra n\u00e5gon nytta?<br>Kommer saker bli b\u00e4ttre\/s\u00e4mre?<br>Varf\u00f6r har jag inte gjort detta innan?<br>Varf\u00f6r har det inte tagits upp innan isf.<br>Det \u00e4r inte s\u00e5 att jag \u00e4r &#8221;ny&#8221; inom psykiatrin.<br>Ibland k\u00e4nns det som att jag, bokstavligen, h\u00e5ller p\u00e5 att bli galen.<br>Den mentala tr\u00f6ttheten g\u00f6r sig oftare p\u00e5mind \u00e4n f\u00f6rr.<br>Saker jag inte hade problem med att bara st\u00e4nga av innan maler p\u00e5.<br>Saker jag gjort p\u00e5 rutin \u00e4r jobbiga.<br>En simpel sak som att dammsuga eller st\u00e4da.<br>F\u00f6rr fanns det inte att jag kunde strunta i det. <br>Nu?! Nu ska jag vara glad om jag ens orkar tv\u00e4tta eller l\u00e4gga in mina kl\u00e4der. Jag bryr mig inte l\u00e4ngre.<br>DET \u00e4r nog det som \u00e4r jobbigast. Att jag k\u00e4nner att jag inte bryr mig. Spelar roll liksom.<br>Det \u00e4r inte jag. <br>Men vem \u00e4r jag?!<br>Som sagt. Ingen koll p\u00e5 tankarna alls f\u00f6r tillf\u00e4llet.<br>Ha en fortsatt bra vecka s\u00e5 h\u00f6rs vi av en annan dag &lt;3<br><br><br> <br><\/p>\n","protected":false},"excerpt":{"rendered":"<p>Just nu k\u00e4nner jag mig som honom. Jag h\u00e4nger inte alls med i mina egna sv\u00e4ngar.Lite sm\u00e5tt jobbigt n\u00e4r man g\u00f6r saker man vet att man inte borde. Det \u00e4r d\u00e5 man \u00f6nskar att man hade den d\u00e4r fj\u00e4rrkontrollen fr\u00e5n filmen *Klick* D\u00e4r man kan spola tillbaka tiden de sekundrarna och l\u00e5ta hj\u00e4rnan f\u00e5 lov att g\u00e5 det d\u00e4r liiiiilla extra varvet innan man g\u00f6r&#8230;\u2026.Gjort \u00e4r gjort och f\u00f6rhoppningsvis s\u00e5 \u00e4r d\u00e4r ingen st\u00f6rre skada skedd.\u00c4ven om m\u00e5endet \u00e4r bra s\u00e5 \u00e4r jag inte i fas med mig sj\u00e4lv.Jag har tappat bollen i mitt liv lite. Jag f\u00e5r inte riktigt in det jag vill i mina vakna timmar.Orken finns inte d\u00e4r.Jag vill springa men jag orkar inte. Jag vill styrketr\u00e4na men jag orkar inte. Jag vill umg\u00e5s mer med barnen men jag orkar inte och dessutom s\u00e5 vill dom aldrig g\u00f6ra det jag vill och jag vill definitivt inte g\u00f6ra det dom vill s\u00e5 det blir ett litet moment 22 d\u00e4r. Vi f\u00e5r v\u00e4l helt enkelt f\u00f6rlita oss p\u00e5 att v\u00e5ren kommer med sin v\u00e4rme snart s\u00e5 att vi kan vara ute mer utan att det klagas \u00f6ver att det \u00e4r kallt.T\u00e4nk vad fort tiden g\u00e5r. Vi \u00e4r snart inne i april. Det \u00e4r ju helt sansl\u00f6st.Det \u00e4r s\u00e5 att man f\u00e5r lite \u00e5ngest \u00f6ver det. Att tiden bara f\u00f6rsvinner iv\u00e4g och att man knappt hinner njuta av den.Usch. Mitt huvud just nu. *ghhhaaa* Jag k\u00e4nner mig som Joker. Ena sekunden s\u00e5 \u00e4r det bra andra s\u00e5 \u00e4r det skit. Som sagt jag hinner inte riktigt med i mina egna sv\u00e4ngar.Men n\u00e4r det \u00e4r bra d\u00e5 \u00e4r det j\u00e4vligt bra. D\u00e5 \u00e4r det euforiskt och jag hade kunnat ta hela v\u00e4rlden med storm.Jag beh\u00f6ver f\u00e5 in mina rutiner igen. Jag beh\u00f6ver komma ut p\u00e5 mina dagliga promenader och jag beh\u00f6ver ha mina styrketr\u00e4ningspass.S\u00e5 from idag s\u00e5 ska det \u00e4ndras p\u00e5 det igen.Det blir s\u00e5 h\u00e4r varje g\u00e5ng. Varje g\u00e5ng jag tappar bollen s\u00e5 blir det lite kaos i mitt liv.Helgen har varit lugn. I l\u00f6rdags fick Emil \u00e5ka till kusinen f\u00f6r lite lek. Eller ja det blev en betydligt l\u00e4ngre stund \u00e4n planerat men dom hade tydligen haft kul.S\u00e5 efter att ha handlat en del och fixat s\u00e5 placerade jag mig soffan d\u00e4r hemma och str\u00e4ckkollade p\u00e5 tv.Kevin l\u00e5g och sov hela dagen. Det tar h\u00e5rt p\u00e5 krafterna att festa med grabbarna *hahah*Och Liam gjorde det han brukar. Satt d\u00e4r uppe och kollade p\u00e5 sin platta och spelade mellan varven. S\u00e5 med andra ord s\u00e5 s\u00e5g jag inte r\u00f6ken av n\u00e5gon av dom p\u00e5 hela dagen. Dom kr\u00f6p upp ur sina grottor f\u00f6r att fr\u00e5ga vad det blev till mat. Svaret dom var att jag inte t\u00e4nkte laga n\u00e5got s\u00e5 dom fick fixa n\u00e5got sj\u00e4lva *Hahahah*Jag \u00e4lskar att ha stora barn ;-DN\u00e4r jag hade h\u00e4mtat Emil s\u00e5 var det dags f\u00f6r s\u00e4ngen f\u00f6r hans del och jag \u00e5tergick till soffan.Mannen kom hem p\u00e5 morgonen p\u00e5 s\u00f6ndag och efter frukosten och alla morgon bestyr s\u00e5 gick vi ut i tr\u00e4dg\u00e5rden.Han tv\u00e4ttade mina v\u00e4xthus och jag rensade ogr\u00e4s bland mina b\u00e4rbuskar.Emil hj\u00e4lpte till lite d\u00e5 och d\u00e5. Efter lunch s\u00e5 gick vi ut en runda f\u00f6r att hitta bj\u00f6rkris och andra kvistar s\u00e5 att vi kunde pynta lite.Vi \u00e4r sis\u00e5d\u00e4r traditionella med s\u00e5nt d\u00e4r. Men barnen (Emil) gillar det. F\u00f6r honom \u00e4r varje h\u00f6gtid j\u00e4tte viktig just nu. Dom pratar mycket om de olika h\u00f6gtiderna i skolan s\u00e5 d\u00e5 blir det ju s\u00e5.I torsdags var jag \u00e5ter hos syster och fick lite f\u00e4rg p\u00e5 kroppen. T\u00e4nk vad det kan g\u00f6ra med m\u00e5endet. Vips s\u00e5 blir man glad igen.Och idag ska jag till VC och l\u00e4mna de obligatoriska drogtesterna inf\u00f6r utredningen.Jag trodde inte att den skulle p\u00e5verka mig s\u00e5 mycket som den g\u00f6r.Men jag har nog &#8221;r\u00e4ddare&#8221; \u00e4n vad jag trott \u00f6ver det.Det kommer upp s\u00e5 mycket tankar i huvudet p\u00e5 en. Hur kommer det bli?Kommer det g\u00f6ra n\u00e5gon skillnad?Kommer jag att f\u00f6r\u00e4ndras?Kommer det att g\u00f6ra n\u00e5gon nytta?Kommer saker bli b\u00e4ttre\/s\u00e4mre?Varf\u00f6r har jag inte gjort detta innan?Varf\u00f6r har det inte tagits upp innan isf.Det \u00e4r inte s\u00e5 att jag \u00e4r &#8221;ny&#8221; inom psykiatrin.Ibland k\u00e4nns det som att jag, bokstavligen, h\u00e5ller p\u00e5 att bli galen.Den mentala tr\u00f6ttheten g\u00f6r sig oftare p\u00e5mind \u00e4n f\u00f6rr.Saker jag inte hade problem med att bara st\u00e4nga av innan maler p\u00e5.Saker jag gjort p\u00e5 rutin \u00e4r jobbiga.En simpel sak som att dammsuga eller st\u00e4da.F\u00f6rr fanns det inte att jag kunde strunta i det. Nu?! Nu ska jag vara glad om jag ens orkar tv\u00e4tta eller l\u00e4gga in mina kl\u00e4der. Jag bryr mig inte l\u00e4ngre.DET \u00e4r nog det som \u00e4r jobbigast. Att jag k\u00e4nner att jag inte bryr mig. Spelar roll liksom.Det \u00e4r inte jag. Men vem \u00e4r jag?!Som sagt. Ingen koll p\u00e5 tankarna alls f\u00f6r tillf\u00e4llet.Ha en fortsatt bra vecka s\u00e5 h\u00f6rs vi av en annan dag &lt;3<\/p>\n","protected":false},"author":3,"featured_media":0,"comment_status":"open","ping_status":"open","sticky":false,"template":"","format":"standard","meta":{"_jetpack_memberships_contains_paid_content":false,"footnotes":""},"categories":[1],"tags":[],"class_list":["post-2629","post","type-post","status-publish","format-standard","hentry","category-personligt"],"jetpack_featured_media_url":"","jetpack_sharing_enabled":true,"_links":{"self":[{"href":"https:\/\/mittsjukafriska.se\/index.php?rest_route=\/wp\/v2\/posts\/2629","targetHints":{"allow":["GET"]}}],"collection":[{"href":"https:\/\/mittsjukafriska.se\/index.php?rest_route=\/wp\/v2\/posts"}],"about":[{"href":"https:\/\/mittsjukafriska.se\/index.php?rest_route=\/wp\/v2\/types\/post"}],"author":[{"embeddable":true,"href":"https:\/\/mittsjukafriska.se\/index.php?rest_route=\/wp\/v2\/users\/3"}],"replies":[{"embeddable":true,"href":"https:\/\/mittsjukafriska.se\/index.php?rest_route=%2Fwp%2Fv2%2Fcomments&post=2629"}],"version-history":[{"count":2,"href":"https:\/\/mittsjukafriska.se\/index.php?rest_route=\/wp\/v2\/posts\/2629\/revisions"}],"predecessor-version":[{"id":2631,"href":"https:\/\/mittsjukafriska.se\/index.php?rest_route=\/wp\/v2\/posts\/2629\/revisions\/2631"}],"wp:attachment":[{"href":"https:\/\/mittsjukafriska.se\/index.php?rest_route=%2Fwp%2Fv2%2Fmedia&parent=2629"}],"wp:term":[{"taxonomy":"category","embeddable":true,"href":"https:\/\/mittsjukafriska.se\/index.php?rest_route=%2Fwp%2Fv2%2Fcategories&post=2629"},{"taxonomy":"post_tag","embeddable":true,"href":"https:\/\/mittsjukafriska.se\/index.php?rest_route=%2Fwp%2Fv2%2Ftags&post=2629"}],"curies":[{"name":"wp","href":"https:\/\/api.w.org\/{rel}","templated":true}]}}