{"id":2633,"date":"2021-03-30T18:44:09","date_gmt":"2021-03-30T17:44:09","guid":{"rendered":"https:\/\/mittsjukafriska.se\/?p=2633"},"modified":"2021-03-30T18:44:15","modified_gmt":"2021-03-30T17:44:15","slug":"vet-ni","status":"publish","type":"post","link":"https:\/\/mittsjukafriska.se\/?p=2633","title":{"rendered":"Vet ni&#8230;.."},"content":{"rendered":"\n<p>I morse n\u00e4r jag k\u00f6rde till jobbet s\u00e5 tog jag beslutet om att det fick vara nog med den h\u00e4r dystra sidan. Jag \u00e4r s\u00e5 himla tr\u00f6tt p\u00e5 att ha dom d\u00e4r d\u00e5liga tankarna om mig sj\u00e4lv hela tiden. Det har funkar relativt bra hela dagen. D\u00e4r har varit lite dippar fr\u00e5n och till men inte alls i den ut str\u00e4ckningen som det brukar vara.<\/p>\n\n\n\n<p>Idag har jag kunnat skratta med gl\u00e4dje igen och det \u00e4r s\u00e5\u00e5\u00e5\u00e5 himla sk\u00f6nt.<\/p>\n\n\n\n<p>Ig\u00e5r blev det styrketr\u00e4ning och PW. Att k\u00f6ra ben, rumpa och mage innan man ska ut och g\u00e5 \u00e4r inte att f\u00f6redra. Mest s\u00e5 ni vet &#x1f602;&#x1f602;<\/p>\n\n\n\n<p>Kevin f\u00f6ljde ocks\u00e5 med. Eller ja. Det blev ett liiiitet tv\u00e5ng. Men han hade inte f\u00f6ljt med om han verkligen inte hade velat. Det blev en trevlig stund iaf &#x2764;&#xfe0f;<\/p>\n\n\n\n<p>Jag fick ett litet bryt ig\u00e5r efter tr\u00e4ningen. F\u00f6r n\u00e4r jag fick f\u00f6rbi spegeln i tr\u00e4ningsrummet s\u00e5 var det <strong>inte <\/strong>n\u00e5got jag gillade att se. Men efter en stunds prat med mannen s\u00e5 kom det logiska t\u00e4nkandet tillbaka igen. Tanken \u00e4r inte f\u00f6rbi men den drar inte ner mer p\u00e5 samma s\u00e4tt.<\/p>\n\n\n\n<p>Varf\u00f6r \u00e4r vi kvinnor (m\u00e5nga) programmerade med denna skeva bild av oss sj\u00e4lva? Varf\u00f6r kan man inte bara g\u00f6ra n\u00e5got \u00e5t saken <strong>utan <\/strong>att sparka p\u00e5 sig sj\u00e4lv?<\/p>\n\n\n\n<p>Det \u00e4r enbart jag som kan \u00e4ndra p\u00e5 saker och ting. Och det \u00e4r enbart jag som kan \u00e4ndra hur jag ser p\u00e5 mig sj\u00e4lv.<\/p>\n\n\n\n<p>Vi jobbar p\u00e5 det d\u00e4r &#x1f602;<\/p>\n\n\n\n<p>Idag har det verkligen varit helt underbart v\u00e4der. Vilken v\u00e4rme vi fick.<\/p>\n\n\n\n<p>Det blev en promenad ner till dammarna med radarparet. (vi passade Amber) Vi har f\u00e5tt ett svanpar d\u00e4r borta &#x1f970;<\/p>\n\n\n\n<p>Ska bli kul att se n\u00e4r ungarna kl\u00e4cks.<\/p>\n\n\n\n<p>Har jag sagt att jag \u00e4lskar d\u00e4r vi bor? &#x1f609;&#x1f970;<\/p>\n\n\n\n<p>Imorgon \u00e5ker Emil till moster med kusinerna. Dom ska hj\u00e4lpa syrran i stallet. Han ska \u00e4ven sova \u00f6ver. Jag kan inte mer \u00e4n l\u00e4ngta dit. Mina \u00f6ron och nerver beh\u00f6ver en liiiiten paus &#x1f602;<\/p>\n\n\n\n<p>Har man tr\u00e4ffat Emil s\u00e5 f\u00f6rst\u00e5r man &#x1f605;&#x1f648;<\/p>\n\n\n\n<p>Ikv\u00e4ll blir det iaf \u00e4nnu ett avsnitt Peaky Blinders med maken. Kan inte riktigt bli \u00f6verens med mig sj\u00e4lv om den \u00e4r bra eller inte &#x1f928;<\/p>\n\n\n\n<p>Men vi forts\u00e4tter att titta s\u00e5 f\u00e5r vi helt enkelt se.<\/p>\n\n\n\n<p>Imorgon vankas det jobb igen. S\u00e5 \u00e4ven p\u00e5 torsdag och sen \u00e4r vi lediga i hela 4 dagar. Denna ledigheten <strong>ska <\/strong>vi f\u00e5 till en tripp till Skrylle. Jag m\u00e5ste ut i skogen och andas in luften d\u00e4r.<\/p>\n\n\n\n<p>Hade det inte varit f\u00f6r dom satans myggen s\u00e5 hade jag l\u00e4tt sovit ute &#x1f605;&#x1f970;<\/p>\n\n\n\n<p>Dom \u00e4lskar mig. Och jag kan meddela att k\u00e4nslan <strong>inte <\/strong>\u00e4r \u00f6msesidig. Bara p\u00e5 v\u00e5r lilla promenix idag s\u00e5 blev det 3 stick p\u00e5 mindre \u00e4n 2 minuter.<\/p>\n\n\n\n<p>Det \u00e4r v\u00e4l det enda jag verkligen hatar med att det blir varmare mygg, knott och f\u00e4stingar. Resten kan man leva med.<\/p>\n\n\n\n<p>Ha en underbar kv\u00e4ll.<\/p>\n\n\n\n<figure class=\"wp-block-gallery columns-2 is-cropped wp-block-gallery-1 is-layout-flex wp-block-gallery-is-layout-flex\"><ul class=\"blocks-gallery-grid\"><li class=\"blocks-gallery-item\"><figure><img loading=\"lazy\" decoding=\"async\" width=\"768\" height=\"1024\" src=\"https:\/\/mittsjukafriska.se\/wp-content\/uploads\/2021\/03\/IMG_20210330_183347-768x1024.jpg\" alt=\"\" data-id=\"2634\" data-full-url=\"https:\/\/mittsjukafriska.se\/wp-content\/uploads\/2021\/03\/IMG_20210330_183347-scaled.jpg\" data-link=\"https:\/\/mittsjukafriska.se\/?attachment_id=2634\" class=\"wp-image-2634\" srcset=\"https:\/\/mittsjukafriska.se\/wp-content\/uploads\/2021\/03\/IMG_20210330_183347-768x1024.jpg 768w, https:\/\/mittsjukafriska.se\/wp-content\/uploads\/2021\/03\/IMG_20210330_183347-225x300.jpg 225w, https:\/\/mittsjukafriska.se\/wp-content\/uploads\/2021\/03\/IMG_20210330_183347-1152x1536.jpg 1152w, https:\/\/mittsjukafriska.se\/wp-content\/uploads\/2021\/03\/IMG_20210330_183347-1536x2048.jpg 1536w, https:\/\/mittsjukafriska.se\/wp-content\/uploads\/2021\/03\/IMG_20210330_183347-1140x1520.jpg 1140w, https:\/\/mittsjukafriska.se\/wp-content\/uploads\/2021\/03\/IMG_20210330_183347-scaled.jpg 1920w\" sizes=\"auto, (max-width: 768px) 100vw, 768px\" \/><\/figure><\/li><li class=\"blocks-gallery-item\"><figure><img loading=\"lazy\" decoding=\"async\" width=\"768\" height=\"1024\" src=\"https:\/\/mittsjukafriska.se\/wp-content\/uploads\/2021\/03\/IMG_20210330_183011-768x1024.jpg\" alt=\"\" data-id=\"2636\" data-full-url=\"https:\/\/mittsjukafriska.se\/wp-content\/uploads\/2021\/03\/IMG_20210330_183011-scaled.jpg\" data-link=\"https:\/\/mittsjukafriska.se\/?attachment_id=2636\" class=\"wp-image-2636\" srcset=\"https:\/\/mittsjukafriska.se\/wp-content\/uploads\/2021\/03\/IMG_20210330_183011-768x1024.jpg 768w, https:\/\/mittsjukafriska.se\/wp-content\/uploads\/2021\/03\/IMG_20210330_183011-225x300.jpg 225w, https:\/\/mittsjukafriska.se\/wp-content\/uploads\/2021\/03\/IMG_20210330_183011-1152x1536.jpg 1152w, https:\/\/mittsjukafriska.se\/wp-content\/uploads\/2021\/03\/IMG_20210330_183011-1536x2048.jpg 1536w, https:\/\/mittsjukafriska.se\/wp-content\/uploads\/2021\/03\/IMG_20210330_183011-1140x1520.jpg 1140w, https:\/\/mittsjukafriska.se\/wp-content\/uploads\/2021\/03\/IMG_20210330_183011-scaled.jpg 1920w\" sizes=\"auto, (max-width: 768px) 100vw, 768px\" \/><\/figure><\/li><\/ul><\/figure>\n\n\n\n<figure class=\"wp-block-image size-large\"><img loading=\"lazy\" decoding=\"async\" width=\"642\" height=\"1024\" src=\"https:\/\/mittsjukafriska.se\/wp-content\/uploads\/2021\/03\/received_3755845834469950-642x1024.jpeg\" alt=\"\" class=\"wp-image-2635\" srcset=\"https:\/\/mittsjukafriska.se\/wp-content\/uploads\/2021\/03\/received_3755845834469950-642x1024.jpeg 642w, https:\/\/mittsjukafriska.se\/wp-content\/uploads\/2021\/03\/received_3755845834469950-188x300.jpeg 188w, https:\/\/mittsjukafriska.se\/wp-content\/uploads\/2021\/03\/received_3755845834469950-768x1224.jpeg 768w, https:\/\/mittsjukafriska.se\/wp-content\/uploads\/2021\/03\/received_3755845834469950-964x1536.jpeg 964w, https:\/\/mittsjukafriska.se\/wp-content\/uploads\/2021\/03\/received_3755845834469950.jpeg 1128w\" sizes=\"auto, (max-width: 642px) 100vw, 642px\" \/><\/figure>\n\n\n\n<figure class=\"wp-block-image size-large\"><img loading=\"lazy\" decoding=\"async\" width=\"451\" height=\"1024\" src=\"https:\/\/mittsjukafriska.se\/wp-content\/uploads\/2021\/03\/received_2900547570273118-451x1024.jpeg\" alt=\"\" class=\"wp-image-2637\" srcset=\"https:\/\/mittsjukafriska.se\/wp-content\/uploads\/2021\/03\/received_2900547570273118-451x1024.jpeg 451w, https:\/\/mittsjukafriska.se\/wp-content\/uploads\/2021\/03\/received_2900547570273118-132x300.jpeg 132w, https:\/\/mittsjukafriska.se\/wp-content\/uploads\/2021\/03\/received_2900547570273118-677x1536.jpeg 677w, https:\/\/mittsjukafriska.se\/wp-content\/uploads\/2021\/03\/received_2900547570273118.jpeg 742w\" sizes=\"auto, (max-width: 451px) 100vw, 451px\" \/><\/figure>\n\n\n\n<figure class=\"wp-block-gallery columns-2 is-cropped wp-block-gallery-2 is-layout-flex wp-block-gallery-is-layout-flex\"><ul class=\"blocks-gallery-grid\"><li class=\"blocks-gallery-item\"><figure><img loading=\"lazy\" decoding=\"async\" width=\"768\" height=\"1024\" src=\"https:\/\/mittsjukafriska.se\/wp-content\/uploads\/2021\/03\/IMG_20210330_182533-768x1024.jpg\" alt=\"\" data-id=\"2639\" data-full-url=\"https:\/\/mittsjukafriska.se\/wp-content\/uploads\/2021\/03\/IMG_20210330_182533-scaled.jpg\" data-link=\"https:\/\/mittsjukafriska.se\/?attachment_id=2639\" class=\"wp-image-2639\" srcset=\"https:\/\/mittsjukafriska.se\/wp-content\/uploads\/2021\/03\/IMG_20210330_182533-768x1024.jpg 768w, https:\/\/mittsjukafriska.se\/wp-content\/uploads\/2021\/03\/IMG_20210330_182533-225x300.jpg 225w, https:\/\/mittsjukafriska.se\/wp-content\/uploads\/2021\/03\/IMG_20210330_182533-1152x1536.jpg 1152w, https:\/\/mittsjukafriska.se\/wp-content\/uploads\/2021\/03\/IMG_20210330_182533-1536x2048.jpg 1536w, https:\/\/mittsjukafriska.se\/wp-content\/uploads\/2021\/03\/IMG_20210330_182533-1140x1520.jpg 1140w, https:\/\/mittsjukafriska.se\/wp-content\/uploads\/2021\/03\/IMG_20210330_182533-scaled.jpg 1920w\" sizes=\"auto, (max-width: 768px) 100vw, 768px\" \/><\/figure><\/li><li class=\"blocks-gallery-item\"><figure><img loading=\"lazy\" decoding=\"async\" width=\"768\" height=\"1024\" src=\"https:\/\/mittsjukafriska.se\/wp-content\/uploads\/2021\/03\/IMG_20210330_182114-768x1024.jpg\" alt=\"\" data-id=\"2640\" data-full-url=\"https:\/\/mittsjukafriska.se\/wp-content\/uploads\/2021\/03\/IMG_20210330_182114-scaled.jpg\" data-link=\"https:\/\/mittsjukafriska.se\/?attachment_id=2640\" class=\"wp-image-2640\" srcset=\"https:\/\/mittsjukafriska.se\/wp-content\/uploads\/2021\/03\/IMG_20210330_182114-768x1024.jpg 768w, https:\/\/mittsjukafriska.se\/wp-content\/uploads\/2021\/03\/IMG_20210330_182114-225x300.jpg 225w, https:\/\/mittsjukafriska.se\/wp-content\/uploads\/2021\/03\/IMG_20210330_182114-1152x1536.jpg 1152w, https:\/\/mittsjukafriska.se\/wp-content\/uploads\/2021\/03\/IMG_20210330_182114-1536x2048.jpg 1536w, https:\/\/mittsjukafriska.se\/wp-content\/uploads\/2021\/03\/IMG_20210330_182114-1140x1520.jpg 1140w, https:\/\/mittsjukafriska.se\/wp-content\/uploads\/2021\/03\/IMG_20210330_182114-scaled.jpg 1920w\" sizes=\"auto, (max-width: 768px) 100vw, 768px\" \/><\/figure><\/li><\/ul><\/figure>\n\n\n\n<figure class=\"wp-block-image size-large\"><img loading=\"lazy\" decoding=\"async\" width=\"768\" height=\"1024\" src=\"https:\/\/mittsjukafriska.se\/wp-content\/uploads\/2021\/03\/IMG_20210330_180146-768x1024.jpg\" alt=\"\" class=\"wp-image-2638\" srcset=\"https:\/\/mittsjukafriska.se\/wp-content\/uploads\/2021\/03\/IMG_20210330_180146-768x1024.jpg 768w, https:\/\/mittsjukafriska.se\/wp-content\/uploads\/2021\/03\/IMG_20210330_180146-225x300.jpg 225w, https:\/\/mittsjukafriska.se\/wp-content\/uploads\/2021\/03\/IMG_20210330_180146-1152x1536.jpg 1152w, https:\/\/mittsjukafriska.se\/wp-content\/uploads\/2021\/03\/IMG_20210330_180146-1536x2048.jpg 1536w, https:\/\/mittsjukafriska.se\/wp-content\/uploads\/2021\/03\/IMG_20210330_180146-1140x1520.jpg 1140w, https:\/\/mittsjukafriska.se\/wp-content\/uploads\/2021\/03\/IMG_20210330_180146-scaled.jpg 1920w\" sizes=\"auto, (max-width: 768px) 100vw, 768px\" \/><\/figure>\n","protected":false},"excerpt":{"rendered":"<p>I morse n\u00e4r jag k\u00f6rde till jobbet s\u00e5 tog jag beslutet om att det fick vara nog med den h\u00e4r dystra sidan. Jag \u00e4r s\u00e5 himla tr\u00f6tt p\u00e5 att ha dom d\u00e4r d\u00e5liga tankarna om mig sj\u00e4lv hela tiden. Det har funkar relativt bra hela dagen. D\u00e4r har varit lite dippar fr\u00e5n och till men inte alls i den ut str\u00e4ckningen som det brukar vara. Idag har jag kunnat skratta med gl\u00e4dje igen och det \u00e4r s\u00e5\u00e5\u00e5\u00e5 himla sk\u00f6nt. Ig\u00e5r blev det styrketr\u00e4ning och PW. Att k\u00f6ra ben, rumpa och mage innan man ska ut och g\u00e5 \u00e4r inte att f\u00f6redra. Mest s\u00e5 ni vet &#x1f602;&#x1f602; Kevin f\u00f6ljde ocks\u00e5 med. Eller ja. Det blev ett liiiitet tv\u00e5ng. Men han hade inte f\u00f6ljt med om han verkligen inte hade velat. Det blev en trevlig stund iaf &#x2764;&#xfe0f; Jag fick ett litet bryt ig\u00e5r efter tr\u00e4ningen. F\u00f6r n\u00e4r jag fick f\u00f6rbi spegeln i tr\u00e4ningsrummet s\u00e5 var det inte n\u00e5got jag gillade att se. Men efter en stunds prat med mannen s\u00e5 kom det logiska t\u00e4nkandet tillbaka igen. Tanken \u00e4r inte f\u00f6rbi men den drar inte ner mer p\u00e5 samma s\u00e4tt. Varf\u00f6r \u00e4r vi kvinnor (m\u00e5nga) programmerade med denna skeva bild av oss sj\u00e4lva? Varf\u00f6r kan man inte bara g\u00f6ra n\u00e5got \u00e5t saken utan att sparka p\u00e5 sig sj\u00e4lv? Det \u00e4r enbart jag som kan \u00e4ndra p\u00e5 saker och ting. Och det \u00e4r enbart jag som kan \u00e4ndra hur jag ser p\u00e5 mig sj\u00e4lv. Vi jobbar p\u00e5 det d\u00e4r &#x1f602; Idag har det verkligen varit helt underbart v\u00e4der. Vilken v\u00e4rme vi fick. Det blev en promenad ner till dammarna med radarparet. (vi passade Amber) Vi har f\u00e5tt ett svanpar d\u00e4r borta &#x1f970; Ska bli kul att se n\u00e4r ungarna kl\u00e4cks. Har jag sagt att jag \u00e4lskar d\u00e4r vi bor? &#x1f609;&#x1f970; Imorgon \u00e5ker Emil till moster med kusinerna. Dom ska hj\u00e4lpa syrran i stallet. Han ska \u00e4ven sova \u00f6ver. Jag kan inte mer \u00e4n l\u00e4ngta dit. Mina \u00f6ron och nerver beh\u00f6ver en liiiiten paus &#x1f602; Har man tr\u00e4ffat Emil s\u00e5 f\u00f6rst\u00e5r man &#x1f605;&#x1f648; Ikv\u00e4ll blir det iaf \u00e4nnu ett avsnitt Peaky Blinders med maken. Kan inte riktigt bli \u00f6verens med mig sj\u00e4lv om den \u00e4r bra eller inte &#x1f928; Men vi forts\u00e4tter att titta s\u00e5 f\u00e5r vi helt enkelt se. Imorgon vankas det jobb igen. S\u00e5 \u00e4ven p\u00e5 torsdag och sen \u00e4r vi lediga i hela 4 dagar. Denna ledigheten ska vi f\u00e5 till en tripp till Skrylle. Jag m\u00e5ste ut i skogen och andas in luften d\u00e4r. Hade det inte varit f\u00f6r dom satans myggen s\u00e5 hade jag l\u00e4tt sovit ute &#x1f605;&#x1f970; Dom \u00e4lskar mig. Och jag kan meddela att k\u00e4nslan inte \u00e4r \u00f6msesidig. Bara p\u00e5 v\u00e5r lilla promenix idag s\u00e5 blev det 3 stick p\u00e5 mindre \u00e4n 2 minuter. Det \u00e4r v\u00e4l det enda jag verkligen hatar med att det blir varmare mygg, knott och f\u00e4stingar. Resten kan man leva med. Ha en underbar kv\u00e4ll.<\/p>\n","protected":false},"author":3,"featured_media":0,"comment_status":"open","ping_status":"open","sticky":false,"template":"","format":"standard","meta":{"_jetpack_memberships_contains_paid_content":false,"footnotes":""},"categories":[1],"tags":[],"class_list":["post-2633","post","type-post","status-publish","format-standard","hentry","category-personligt"],"jetpack_featured_media_url":"","jetpack_sharing_enabled":true,"_links":{"self":[{"href":"https:\/\/mittsjukafriska.se\/index.php?rest_route=\/wp\/v2\/posts\/2633","targetHints":{"allow":["GET"]}}],"collection":[{"href":"https:\/\/mittsjukafriska.se\/index.php?rest_route=\/wp\/v2\/posts"}],"about":[{"href":"https:\/\/mittsjukafriska.se\/index.php?rest_route=\/wp\/v2\/types\/post"}],"author":[{"embeddable":true,"href":"https:\/\/mittsjukafriska.se\/index.php?rest_route=\/wp\/v2\/users\/3"}],"replies":[{"embeddable":true,"href":"https:\/\/mittsjukafriska.se\/index.php?rest_route=%2Fwp%2Fv2%2Fcomments&post=2633"}],"version-history":[{"count":1,"href":"https:\/\/mittsjukafriska.se\/index.php?rest_route=\/wp\/v2\/posts\/2633\/revisions"}],"predecessor-version":[{"id":2641,"href":"https:\/\/mittsjukafriska.se\/index.php?rest_route=\/wp\/v2\/posts\/2633\/revisions\/2641"}],"wp:attachment":[{"href":"https:\/\/mittsjukafriska.se\/index.php?rest_route=%2Fwp%2Fv2%2Fmedia&parent=2633"}],"wp:term":[{"taxonomy":"category","embeddable":true,"href":"https:\/\/mittsjukafriska.se\/index.php?rest_route=%2Fwp%2Fv2%2Fcategories&post=2633"},{"taxonomy":"post_tag","embeddable":true,"href":"https:\/\/mittsjukafriska.se\/index.php?rest_route=%2Fwp%2Fv2%2Ftags&post=2633"}],"curies":[{"name":"wp","href":"https:\/\/api.w.org\/{rel}","templated":true}]}}