{"id":2747,"date":"2021-05-19T19:50:00","date_gmt":"2021-05-19T18:50:00","guid":{"rendered":"https:\/\/mittsjukafriska.se\/?p=2747"},"modified":"2021-05-20T20:03:06","modified_gmt":"2021-05-20T19:03:06","slug":"det-ar-synd-att-saga","status":"publish","type":"post","link":"https:\/\/mittsjukafriska.se\/?p=2747","title":{"rendered":"Det \u00e4r synd att s\u00e4ga&#8230;.."},"content":{"rendered":"\n<p>att det blev mycket till s\u00f6mn s\u00f6ndag till m\u00e5ndag. 2 sammanlagda timmar blev det och \u00e4nd\u00e5 var jag inte tr\u00f6tt. N\u00e5ja det \u00e4r v\u00e4l en s\u00e5n period just nu eller n\u00e5tt.<br>I \u00f6vrigt har veckan varit hur bra som helst. Promenaderna har minsann blivit av varje dag hitintills och det g\u00f6r verkligen sitt.<br>Min h\u00f6ft\/b\u00e4cken har b\u00f6rjat v\u00e4rka mer. Jag har testat akupunktur med det ville sig inte denna g\u00e5ngen. Det blev snarare v\u00e4rre. S\u00e5 vi avbr\u00f6t den behandlingen och b\u00f6rjar med tens ist\u00e4llet. Jag \u00e4r dock inte helt s\u00e5ld p\u00e5 att det skulle vara muskul\u00e4rt. Det k\u00e4nns inte s\u00e5. F\u00f6r det blir inte b\u00e4ttre. Antingen \u00e4r det samma eller s\u00e5 \u00e4r det v\u00e4rre. <br>Det enda som &#8221;hj\u00e4lper&#8221; \u00e4r sm\u00e4rtstillande. Men det tar jag enbart till natten f\u00f6r att kunna f\u00e5 sova. Vilket iofs \u00e4r v\u00e4ldigt v\u00e4lkommet. Har inte f\u00e5tt sova m\u00e5nga fulla n\u00e4tter p\u00e5 ett bra tag. Men jag \u00e4r som jag \u00e4r och hatar allt som har med tabletter att g\u00f6ra. Det \u00e4r ett under om jag kan komma ih\u00e5g dom jag <strong>ska <\/strong>ta varje dag.<br>N\u00e5ja. N\u00e4sta vecka ska jag till rygg och idrottsh\u00e4lsan h\u00e4r i stan. F\u00e5r se vad Mick s\u00e4ger.<br>Det enda som hj\u00e4lper \u00e4r att r\u00f6ra p\u00e5 mig. Det finns ju bara s\u00e5 pass mycket en m\u00e4nniska kan g\u00e5 varje dag.<br>I snitt ligger jag \u00e4nd\u00e5 p\u00e5 18-19000 steg\/dag.<br>Ja ja det blev ett fasligt klagande h\u00e4r. Men nu har jag gjort det iaf.<br>Idag fick min lilla Betta nya d\u00e4ck. S\u00e5 nu g\u00e5r hon fint och smidigt igen. F\u00e5 se om hon kan ta lite h\u00f6gre hastigheter nu utan att skaka *hahaha*<br>Tr\u00e4dg\u00e5rden b\u00f6rjar ta sig. Det poppar upp gr\u00f6na blad lite h\u00e4r och d\u00e4r.<br>I m\u00e5ndags planterade vi det sista ocks\u00e5. S\u00e5 nu \u00e4r det bara till att v\u00e4nta p\u00e5 att sakerna ska fart.<br>Tomaterna och paprikan \u00e5kte ut i v\u00e4xthuset i morse ocks\u00e5.<br>J\u00f6sses vad det ska bli h\u00e4rligt att ha allt samlat p\u00e5 samma st\u00e4lle. L\u00e4ngtar tills v\u00e4rmen kommer s\u00e5 man kan sitta d\u00e4r och njuta.<br>P\u00e5 tal om att njuta. Syrenerna har <strong>\u00e4ntligen<\/strong> b\u00f6rjat blomma och det luktar helt underbart i tr\u00e4dg\u00e5rden just nu.<br>Japp jag \u00e4r lite n\u00f6rdig n\u00e4r det kommer till det d\u00e4r. Men s\u00e5 \u00e4r det. I love it!<br>Denna veckan har vi haft lite sjukdom bland Uskorna.<br>Stackars Pernilla. Hon har visserligen varit hemma i n\u00e5gra veckor nu. Hennes &#8221;okomplicerade&#8221; operation har st\u00e4llt till det lite f\u00f6r henne efter\u00e5t och hon har beh\u00f6vt vara hemma i 5 veckor nu.<br>Men det verkar som att hon b\u00f6rjar bli b\u00e4ttre. Hon jobbade sin f\u00f6rsta vecka nu. Visserligen bara 50% men \u00e4nd\u00e5. Det \u00e4r kul att ha henne tillbaka.<br>Tillr\u00e5ga p\u00e5 det s\u00e5 g\u00e5r Pia och str\u00e4cker ryggen och har beh\u00f6vt vara hemma denna veckan. <br>Mina stackars t\u00f6ser. Det \u00e4r inte kul n\u00e4r andra m\u00e5r d\u00e5ligt av diverse anledningar.<br>Det har iaf gjort att det varit lite hektiskt p\u00e5 jobbet.<br>Men vi har l\u00f6st det fint jag och Theresa den tiden som det bara varit vi tv\u00e5.<br>Det funkar n\u00e5gon enstaka dag men det tar ut sig i slut\u00e4ndan.<br>Men imorgon kommer iaf Ihab in och st\u00f6ttar upp.<br>Och snart \u00e4r det helg igen s\u00e5 d\u00e5 kan vi l\u00e4gga denna veckan bakom oss. <br>Mannen ska visserligen jobba men det k\u00e4nns \u00e4nd\u00e5 helt okej denna g\u00e5ngen.<br><\/p>\n","protected":false},"excerpt":{"rendered":"<p>att det blev mycket till s\u00f6mn s\u00f6ndag till m\u00e5ndag. 2 sammanlagda timmar blev det och \u00e4nd\u00e5 var jag inte tr\u00f6tt. N\u00e5ja det \u00e4r v\u00e4l en s\u00e5n period just nu eller n\u00e5tt.I \u00f6vrigt har veckan varit hur bra som helst. Promenaderna har minsann blivit av varje dag hitintills och det g\u00f6r verkligen sitt.Min h\u00f6ft\/b\u00e4cken har b\u00f6rjat v\u00e4rka mer. Jag har testat akupunktur med det ville sig inte denna g\u00e5ngen. Det blev snarare v\u00e4rre. S\u00e5 vi avbr\u00f6t den behandlingen och b\u00f6rjar med tens ist\u00e4llet. Jag \u00e4r dock inte helt s\u00e5ld p\u00e5 att det skulle vara muskul\u00e4rt. Det k\u00e4nns inte s\u00e5. F\u00f6r det blir inte b\u00e4ttre. Antingen \u00e4r det samma eller s\u00e5 \u00e4r det v\u00e4rre. Det enda som &#8221;hj\u00e4lper&#8221; \u00e4r sm\u00e4rtstillande. Men det tar jag enbart till natten f\u00f6r att kunna f\u00e5 sova. Vilket iofs \u00e4r v\u00e4ldigt v\u00e4lkommet. Har inte f\u00e5tt sova m\u00e5nga fulla n\u00e4tter p\u00e5 ett bra tag. Men jag \u00e4r som jag \u00e4r och hatar allt som har med tabletter att g\u00f6ra. Det \u00e4r ett under om jag kan komma ih\u00e5g dom jag ska ta varje dag.N\u00e5ja. N\u00e4sta vecka ska jag till rygg och idrottsh\u00e4lsan h\u00e4r i stan. F\u00e5r se vad Mick s\u00e4ger.Det enda som hj\u00e4lper \u00e4r att r\u00f6ra p\u00e5 mig. Det finns ju bara s\u00e5 pass mycket en m\u00e4nniska kan g\u00e5 varje dag.I snitt ligger jag \u00e4nd\u00e5 p\u00e5 18-19000 steg\/dag.Ja ja det blev ett fasligt klagande h\u00e4r. Men nu har jag gjort det iaf.Idag fick min lilla Betta nya d\u00e4ck. S\u00e5 nu g\u00e5r hon fint och smidigt igen. F\u00e5 se om hon kan ta lite h\u00f6gre hastigheter nu utan att skaka *hahaha*Tr\u00e4dg\u00e5rden b\u00f6rjar ta sig. Det poppar upp gr\u00f6na blad lite h\u00e4r och d\u00e4r.I m\u00e5ndags planterade vi det sista ocks\u00e5. S\u00e5 nu \u00e4r det bara till att v\u00e4nta p\u00e5 att sakerna ska fart.Tomaterna och paprikan \u00e5kte ut i v\u00e4xthuset i morse ocks\u00e5.J\u00f6sses vad det ska bli h\u00e4rligt att ha allt samlat p\u00e5 samma st\u00e4lle. L\u00e4ngtar tills v\u00e4rmen kommer s\u00e5 man kan sitta d\u00e4r och njuta.P\u00e5 tal om att njuta. Syrenerna har \u00e4ntligen b\u00f6rjat blomma och det luktar helt underbart i tr\u00e4dg\u00e5rden just nu.Japp jag \u00e4r lite n\u00f6rdig n\u00e4r det kommer till det d\u00e4r. Men s\u00e5 \u00e4r det. I love it!Denna veckan har vi haft lite sjukdom bland Uskorna.Stackars Pernilla. Hon har visserligen varit hemma i n\u00e5gra veckor nu. Hennes &#8221;okomplicerade&#8221; operation har st\u00e4llt till det lite f\u00f6r henne efter\u00e5t och hon har beh\u00f6vt vara hemma i 5 veckor nu.Men det verkar som att hon b\u00f6rjar bli b\u00e4ttre. Hon jobbade sin f\u00f6rsta vecka nu. Visserligen bara 50% men \u00e4nd\u00e5. Det \u00e4r kul att ha henne tillbaka.Tillr\u00e5ga p\u00e5 det s\u00e5 g\u00e5r Pia och str\u00e4cker ryggen och har beh\u00f6vt vara hemma denna veckan. Mina stackars t\u00f6ser. Det \u00e4r inte kul n\u00e4r andra m\u00e5r d\u00e5ligt av diverse anledningar.Det har iaf gjort att det varit lite hektiskt p\u00e5 jobbet.Men vi har l\u00f6st det fint jag och Theresa den tiden som det bara varit vi tv\u00e5.Det funkar n\u00e5gon enstaka dag men det tar ut sig i slut\u00e4ndan.Men imorgon kommer iaf Ihab in och st\u00f6ttar upp.Och snart \u00e4r det helg igen s\u00e5 d\u00e5 kan vi l\u00e4gga denna veckan bakom oss. Mannen ska visserligen jobba men det k\u00e4nns \u00e4nd\u00e5 helt okej denna g\u00e5ngen.<\/p>\n","protected":false},"author":3,"featured_media":0,"comment_status":"open","ping_status":"open","sticky":false,"template":"","format":"standard","meta":{"_jetpack_memberships_contains_paid_content":false,"footnotes":""},"categories":[1],"tags":[],"class_list":["post-2747","post","type-post","status-publish","format-standard","hentry","category-personligt"],"jetpack_featured_media_url":"","jetpack_sharing_enabled":true,"_links":{"self":[{"href":"https:\/\/mittsjukafriska.se\/index.php?rest_route=\/wp\/v2\/posts\/2747","targetHints":{"allow":["GET"]}}],"collection":[{"href":"https:\/\/mittsjukafriska.se\/index.php?rest_route=\/wp\/v2\/posts"}],"about":[{"href":"https:\/\/mittsjukafriska.se\/index.php?rest_route=\/wp\/v2\/types\/post"}],"author":[{"embeddable":true,"href":"https:\/\/mittsjukafriska.se\/index.php?rest_route=\/wp\/v2\/users\/3"}],"replies":[{"embeddable":true,"href":"https:\/\/mittsjukafriska.se\/index.php?rest_route=%2Fwp%2Fv2%2Fcomments&post=2747"}],"version-history":[{"count":2,"href":"https:\/\/mittsjukafriska.se\/index.php?rest_route=\/wp\/v2\/posts\/2747\/revisions"}],"predecessor-version":[{"id":2749,"href":"https:\/\/mittsjukafriska.se\/index.php?rest_route=\/wp\/v2\/posts\/2747\/revisions\/2749"}],"wp:attachment":[{"href":"https:\/\/mittsjukafriska.se\/index.php?rest_route=%2Fwp%2Fv2%2Fmedia&parent=2747"}],"wp:term":[{"taxonomy":"category","embeddable":true,"href":"https:\/\/mittsjukafriska.se\/index.php?rest_route=%2Fwp%2Fv2%2Fcategories&post=2747"},{"taxonomy":"post_tag","embeddable":true,"href":"https:\/\/mittsjukafriska.se\/index.php?rest_route=%2Fwp%2Fv2%2Ftags&post=2747"}],"curies":[{"name":"wp","href":"https:\/\/api.w.org\/{rel}","templated":true}]}}