{"id":2750,"date":"2021-05-20T20:18:53","date_gmt":"2021-05-20T19:18:53","guid":{"rendered":"https:\/\/mittsjukafriska.se\/?p=2750"},"modified":"2021-05-20T20:18:59","modified_gmt":"2021-05-20T19:18:59","slug":"att-man-ska-behova","status":"publish","type":"post","link":"https:\/\/mittsjukafriska.se\/?p=2750","title":{"rendered":"Att man ska beh\u00f6va&#8230;."},"content":{"rendered":"\n<p>&#8230;.Kriga f\u00f6r Liam fortfarande!<br>F\u00f6r 2 m\u00e5nader sedan fick vi betygsrapporten fr\u00e5n skola. Kan ju s\u00e4ga att det inte var n\u00e5gra &#8221;bra&#8221; betyg han hade.<br>Jag mailar rektorn om att detta inte \u00e4r acceptabelt. N\u00e4r en elev har F i 80% av alla \u00e4mnen s\u00e5 f\u00e5r dom se till att \u00e4ndra p\u00e5 n\u00e5got! Och att vi vill ha en elevassistent till Liam f\u00f6r att han ska ha hj\u00e4lp med att bibeh\u00e5lla koncentrationen.<br>Iaf tiden gick och jag fick inget svar. S\u00e5 jag skickar samma mail igen, inget svar.<br>F\u00e5r dock ett f\u00f6rslagsunderlag av hans specialpedagog om hur Liams koncentration hela tiden brister under lektionstid osv.<br>Fortfarande inget svar fr\u00e5n rektorn.<br>Och dum som jag \u00e4r s\u00e5 vill jag ju inte vara jobbig utan skickar samma mail IGEN.<br>Fortfarande inget svar.<br>Vi fick dock ett mail fr\u00e5n ytterligare en annan pedagog om att dom skulle g\u00f6r \u00e4ndringar i klassen f\u00f6r att hj\u00e4lpa Liam.<br> I m\u00e5ndags fick jag nog och skickar ett mail d\u00e4r jag ifr\u00e5gas\u00e4tter om hon inte f\u00e5tt mina mail.<br>Och D\u00c5 kommer d\u00e4r ett svar.<br>Jod\u00e5 det hade hon och hon hade bett specialpedagogen att ta kontakt. Men inte en enda g\u00e5ng har S n\u00e4mnt att det \u00e4r p\u00e5 rektorns r\u00e4kning som hon h\u00f6r av sig.<br>Fic fr\u00e5gan om det var s\u00e5 att jag ville ha ett m\u00f6te med samtliga inblandade?<br>\u00c4hhh JA tack det vill jag!<br>Idag \u00e4gde detta m\u00f6tet rum!<br>Tack o lov s\u00e5 satt Totte med och satte press p\u00e5 rektorn s\u00e5 det stod h\u00e4rliga till.<br>Jag hann inte ens \u00f6ppna munnen f\u00f6rens han var ig\u00e5ng.<br>D\u00e4r hon s\u00e4ger att Liams &#8221;problem&#8221; inte \u00e4r s\u00e5 pass allvarliga att han ska ha en elevassistent.<br>&#8211; Urs\u00e4kta? Hur kan du sitta och s\u00e4ga att Liams problem inte \u00e4r tillr\u00e4ckligt allvarliga n\u00e4r grabben ligger p\u00e5 F i mer eller mindre ALLA \u00e4mnen!?<br>&#8211; Jo det \u00e4r allvarligt men inte s\u00e5 pass. <br>Ja ja samtalet gick iaf helt okej till.<br>Vi satte iaf som krav att om deras plan inte fungerade dessa 3 veckorna som \u00e4r kvar s\u00e5 <strong>ska <\/strong>d\u00e4r finnas en fullt utvecklad plan f\u00f6r Liam innan han b\u00f6rjar nian p\u00e5 hur dom ska f\u00e5 honom att klara sina \u00e4mnen.<br>Jag f\u00f6rst\u00e5r att det \u00e4r sv\u00e5rt att motivera en kille som Liam som \u00e4r s\u00e5 extremt kravk\u00e4nslig som han \u00e4r.<br>Men det \u00e4r deras f\u00f6rbannade skyldighet att se till att han f\u00e5r den hj\u00e4lpen han ska ha f\u00f6r <strong>att <\/strong> lyckas.<br>Sen f\u00e5r vi forts\u00e4tta att jobba med hans bristande engagemang h\u00e4r hemma.<br><br>I \u00f6vrigt har det varit en helt ljuvlig dag. Jobbet har flutit p\u00e5. Mannen kom p\u00e5 bes\u00f6k en snabb runda.<br>Jag tyckte att han kunde komma och pussas med mig lite och lydig som han \u00e4r s\u00e5 kom han utan att blinka \ud83d\ude09<br>N\u00e4r jag kom hem stod kaffet p\u00e5 bordet och solen l\u00f6s s\u00e5 det blev kaffe ute innan m\u00f6tet drog ig\u00e5ng.<br>Efter det var det mat och sen drog jag och mannen till CS f\u00f6r att inf\u00f6rskaffa en ny lur till Liam. Hans batteri hade tydligen b\u00f6rjat sv\u00e4lla. S\u00e5 det var bara till att l\u00f6sa det.<br>Som tur var s\u00e5 var det bara till att k\u00f6ra in och h\u00e4mta ut en ny.<br>Och nu p\u00e5 kv\u00e4llen har vi tagit v\u00e5r promenad och snart ska jag sl\u00e4nga mig i soffan.<br>Imorgon \u00e4r det <strong>fredag!<\/strong><br>Ha en underbar kv\u00e4ll.<br>Kyss och kram<br> <\/p>\n","protected":false},"excerpt":{"rendered":"<p>&#8230;.Kriga f\u00f6r Liam fortfarande!F\u00f6r 2 m\u00e5nader sedan fick vi betygsrapporten fr\u00e5n skola. Kan ju s\u00e4ga att det inte var n\u00e5gra &#8221;bra&#8221; betyg han hade.Jag mailar rektorn om att detta inte \u00e4r acceptabelt. N\u00e4r en elev har F i 80% av alla \u00e4mnen s\u00e5 f\u00e5r dom se till att \u00e4ndra p\u00e5 n\u00e5got! Och att vi vill ha en elevassistent till Liam f\u00f6r att han ska ha hj\u00e4lp med att bibeh\u00e5lla koncentrationen.Iaf tiden gick och jag fick inget svar. S\u00e5 jag skickar samma mail igen, inget svar.F\u00e5r dock ett f\u00f6rslagsunderlag av hans specialpedagog om hur Liams koncentration hela tiden brister under lektionstid osv.Fortfarande inget svar fr\u00e5n rektorn.Och dum som jag \u00e4r s\u00e5 vill jag ju inte vara jobbig utan skickar samma mail IGEN.Fortfarande inget svar.Vi fick dock ett mail fr\u00e5n ytterligare en annan pedagog om att dom skulle g\u00f6r \u00e4ndringar i klassen f\u00f6r att hj\u00e4lpa Liam. I m\u00e5ndags fick jag nog och skickar ett mail d\u00e4r jag ifr\u00e5gas\u00e4tter om hon inte f\u00e5tt mina mail.Och D\u00c5 kommer d\u00e4r ett svar.Jod\u00e5 det hade hon och hon hade bett specialpedagogen att ta kontakt. Men inte en enda g\u00e5ng har S n\u00e4mnt att det \u00e4r p\u00e5 rektorns r\u00e4kning som hon h\u00f6r av sig.Fic fr\u00e5gan om det var s\u00e5 att jag ville ha ett m\u00f6te med samtliga inblandade?\u00c4hhh JA tack det vill jag!Idag \u00e4gde detta m\u00f6tet rum!Tack o lov s\u00e5 satt Totte med och satte press p\u00e5 rektorn s\u00e5 det stod h\u00e4rliga till.Jag hann inte ens \u00f6ppna munnen f\u00f6rens han var ig\u00e5ng.D\u00e4r hon s\u00e4ger att Liams &#8221;problem&#8221; inte \u00e4r s\u00e5 pass allvarliga att han ska ha en elevassistent.&#8211; Urs\u00e4kta? Hur kan du sitta och s\u00e4ga att Liams problem inte \u00e4r tillr\u00e4ckligt allvarliga n\u00e4r grabben ligger p\u00e5 F i mer eller mindre ALLA \u00e4mnen!?&#8211; Jo det \u00e4r allvarligt men inte s\u00e5 pass. Ja ja samtalet gick iaf helt okej till.Vi satte iaf som krav att om deras plan inte fungerade dessa 3 veckorna som \u00e4r kvar s\u00e5 ska d\u00e4r finnas en fullt utvecklad plan f\u00f6r Liam innan han b\u00f6rjar nian p\u00e5 hur dom ska f\u00e5 honom att klara sina \u00e4mnen.Jag f\u00f6rst\u00e5r att det \u00e4r sv\u00e5rt att motivera en kille som Liam som \u00e4r s\u00e5 extremt kravk\u00e4nslig som han \u00e4r.Men det \u00e4r deras f\u00f6rbannade skyldighet att se till att han f\u00e5r den hj\u00e4lpen han ska ha f\u00f6r att lyckas.Sen f\u00e5r vi forts\u00e4tta att jobba med hans bristande engagemang h\u00e4r hemma. I \u00f6vrigt har det varit en helt ljuvlig dag. Jobbet har flutit p\u00e5. Mannen kom p\u00e5 bes\u00f6k en snabb runda.Jag tyckte att han kunde komma och pussas med mig lite och lydig som han \u00e4r s\u00e5 kom han utan att blinka \ud83d\ude09N\u00e4r jag kom hem stod kaffet p\u00e5 bordet och solen l\u00f6s s\u00e5 det blev kaffe ute innan m\u00f6tet drog ig\u00e5ng.Efter det var det mat och sen drog jag och mannen till CS f\u00f6r att inf\u00f6rskaffa en ny lur till Liam. Hans batteri hade tydligen b\u00f6rjat sv\u00e4lla. S\u00e5 det var bara till att l\u00f6sa det.Som tur var s\u00e5 var det bara till att k\u00f6ra in och h\u00e4mta ut en ny.Och nu p\u00e5 kv\u00e4llen har vi tagit v\u00e5r promenad och snart ska jag sl\u00e4nga mig i soffan.Imorgon \u00e4r det fredag!Ha en underbar kv\u00e4ll.Kyss och kram<\/p>\n","protected":false},"author":3,"featured_media":0,"comment_status":"open","ping_status":"open","sticky":false,"template":"","format":"standard","meta":{"_jetpack_memberships_contains_paid_content":false,"footnotes":""},"categories":[1],"tags":[],"class_list":["post-2750","post","type-post","status-publish","format-standard","hentry","category-personligt"],"jetpack_featured_media_url":"","jetpack_sharing_enabled":true,"_links":{"self":[{"href":"https:\/\/mittsjukafriska.se\/index.php?rest_route=\/wp\/v2\/posts\/2750","targetHints":{"allow":["GET"]}}],"collection":[{"href":"https:\/\/mittsjukafriska.se\/index.php?rest_route=\/wp\/v2\/posts"}],"about":[{"href":"https:\/\/mittsjukafriska.se\/index.php?rest_route=\/wp\/v2\/types\/post"}],"author":[{"embeddable":true,"href":"https:\/\/mittsjukafriska.se\/index.php?rest_route=\/wp\/v2\/users\/3"}],"replies":[{"embeddable":true,"href":"https:\/\/mittsjukafriska.se\/index.php?rest_route=%2Fwp%2Fv2%2Fcomments&post=2750"}],"version-history":[{"count":1,"href":"https:\/\/mittsjukafriska.se\/index.php?rest_route=\/wp\/v2\/posts\/2750\/revisions"}],"predecessor-version":[{"id":2751,"href":"https:\/\/mittsjukafriska.se\/index.php?rest_route=\/wp\/v2\/posts\/2750\/revisions\/2751"}],"wp:attachment":[{"href":"https:\/\/mittsjukafriska.se\/index.php?rest_route=%2Fwp%2Fv2%2Fmedia&parent=2750"}],"wp:term":[{"taxonomy":"category","embeddable":true,"href":"https:\/\/mittsjukafriska.se\/index.php?rest_route=%2Fwp%2Fv2%2Fcategories&post=2750"},{"taxonomy":"post_tag","embeddable":true,"href":"https:\/\/mittsjukafriska.se\/index.php?rest_route=%2Fwp%2Fv2%2Ftags&post=2750"}],"curies":[{"name":"wp","href":"https:\/\/api.w.org\/{rel}","templated":true}]}}