{"id":2814,"date":"2021-06-04T20:20:10","date_gmt":"2021-06-04T19:20:10","guid":{"rendered":"https:\/\/mittsjukafriska.se\/?p=2814"},"modified":"2021-06-04T20:30:48","modified_gmt":"2021-06-04T19:30:48","slug":"han-klarade-det","status":"publish","type":"post","link":"https:\/\/mittsjukafriska.se\/?p=2814","title":{"rendered":"Han klarade det"},"content":{"rendered":"<p>Kevin klarade sitt YKB prov, uppskrivning\u00a0<strong>och\u00a0<\/strong>uppk\u00f6rning i veckan! Han har allts\u00e5 nu \u00e4ntligen f\u00e5tt sitt efterl\u00e4ngtade lastbilsk\u00f6rkort!<br \/>\nDet f\u00f6rsta han s\u00e4ger n\u00e4r han ber\u00e4ttade att han klarade det \u00e4r<br \/>\n-Nu j\u00e4vlar t\u00e4nker jag inte s\u00e4tt min fot p\u00e5 den skolan igen f\u00f6rens studenten &#x1f602; Jag tror att han \u00e4r tr\u00f6tt p\u00e5 skolan nu &#x1f92f;&#x1f602;<br \/>\nDet \u00e4r en stor sten som l\u00e4ttat fr\u00e5n hans axlar. Det var ju med n\u00f6d och n\u00e4ppe som dom skulle bli klara med allt i tid i och med att dom inte kunnat vara i skolan och p\u00e5 s\u00e5 s\u00e4tt inte kunnat k\u00f6ra.<br \/>\nMen han klarade det och vi \u00e4r s\u00e5 grymt stolta \u00f6ver honom!<br \/>\nNu b\u00f6rjar allvaret p\u00e5 riktigt!<br \/>\nHan \u00e4r inte riktigt p\u00e5 det klara med vad det \u00e4r att vara vuxen. Men det kommer \ud83d\ude09<\/p>\n<p>Liam \u00e4r det lite sis\u00e5d\u00e4r med. Vi f\u00e5r helt enkelt hoppas p\u00e5 att han v\u00e4xer upp lite nu \u00f6ver sommaren och faktiskt l\u00e4gger i en h\u00f6gre v\u00e4xel n\u00e4sta termin.<br \/>\nJust nu \u00e4r jag s\u00e5 tr\u00f6tt p\u00e5 b\u00e5de honom och p\u00e5 Emil att jag helst hade sett att dom \u00e5kte iv\u00e4g en vecka eller tv\u00e5.<br \/>\nI helgen ska jag dock g\u00f6ra n\u00e5got jag\u00a0<strong>aldrig <\/strong>gjort innan. Emil ska \u00e5ka till moster l\u00f6rdag-s\u00f6ndag och jag ska inte g\u00f6ra ett enda dugg!<br \/>\nJag funderar p\u00e5 att dra till stranden och bara ligga d\u00e4r och inte g\u00f6ra ett skit!<br \/>\nVi f\u00e5r se vad jag kommer p\u00e5 att jag ska g\u00f6ra. Jag ska i alla fall <strong>inte<\/strong> vara i n\u00e4rheten av mina barn. Mannen jobbar s\u00e5 honom beh\u00f6ver jag inte undvika.<br \/>\nDet har varit s\u00e5 himla mycket bry och jobb den senaste tiden. Det har kr\u00e4vts extremt mycket av min energi. Hemma, p\u00e5 jobb och med mitt eget.<br \/>\nJag \u00e4r p\u00e5 gr\u00e4nsen till att spy p\u00e5 allt. D\u00e4rf\u00f6r v\u00e4ljer jag att g\u00f6ra det h\u00e4r.<br \/>\nLiam har satt sig sj\u00e4lv i klistret rej\u00e4lt denna g\u00e5ngen s\u00e5 han kommer att spendera 90% av sin helg inne p\u00e5 sitt rum utan vare sig telefon eller platta. Vi ska v\u00e4l se om <strong>detta <\/strong>kan f\u00e5 ungen att fatta att vi menar allvar n\u00e4r vi s\u00e4ger att man ska l\u00e5t bli vissa saker!<br \/>\nJag \u00e4r som sagt s\u00e5 himla matt p\u00e5 allt just nu.<br \/>\nInte hj\u00e4lper det att jag \u00e4r p\u00e5 v\u00e4g in i min PMS heller! *grrr*<br \/>\nJag har nog varit en st\u00f6rre bitch \u00e4n vanligt p\u00e5 jobbet denna veckan. Men jag har l\u00e5g\/noll tolerans f\u00f6r dumma bortf\u00f6rklaringar och urs\u00e4kter!<br \/>\nJag tror att jag fick fram det. Om inte s\u00e5 &#x1f937;&#x1f3fc;&#x200d;&#x2640;&#xfe0f;<\/p>\n<p>Emil \u00e4r just nu bara s\u00e5\u00e5\u00e5 himla energikr\u00e4vande s\u00e5 det \u00e4r sjukt. Det \u00e4r verkligen aldrig en lugn stund eller tyst om han inte f\u00e5r sitta vid plattan. Och jag \u00e4r, som jag n\u00e4mnt tidigare, allergisk mot att l\u00e5ta dom sitta framf\u00f6r en sk\u00e4rm hela dagarna. Det leder till br\u00e5k, surande, tjatande osv<br \/>\nI vanliga fall brukar jag ha t\u00e5lamod till att hantera det. Men\u00a0<strong>nu<\/strong> \u00e4r energin slut och allt irriterar mig.<\/p>\n<p>En gl\u00e4djande nyhet \u00e4r att min fru\u00a0<strong>\u00e4ntligen <\/strong>ska flytta tillbaka till Esl\u00f6v. Jag hoppas att det kommer att g\u00f6ra att vi tr\u00e4ffas oftare. Livet har alltid en tendens att komma mellan. Men det blir v\u00e4l vad man g\u00f6r det till s\u00e4ger dom.<\/p>\n<p>Jag br\u00e5kar v\u00e4ldigt mycket med det h\u00e4r med att Kevin inte vill ha en studentdag.<br \/>\nHan vill ju s\u00e5 klart g\u00e5 ut skolan och s\u00e5.<br \/>\nMen han skulle inte ha en m\u00f6ssa, han skulle inte ha n\u00e5got plakat, han skulle inte ha n\u00e5gon fest. Allts\u00e5 nada!<br \/>\nMitt lilla OCD huvud kan inte riktigt greppa detta och det ger min lite panik emellan\u00e5t.<br \/>\nMen jag f\u00f6rs\u00f6ker att respektera det han s\u00e4ger. Jag hoppas bara att han \u00e4nd\u00e5 kommer att minnas denna dagen!<br \/>\nVi \u00e4r allt annat \u00e4n en familj som f\u00f6ljer &#8221;normen&#8221; men detta \u00e4r lite jobbigt faktiskt ;-P<br \/>\nMen nu \u00e4r allt det f\u00f6rsent att fixa \u00e4nd\u00e5.<\/p>\n<p>PMSen har som sagt b\u00f6rjat visa sitt fula j\u00e4vla tryne.<br \/>\n\u00c4ven om jag ser det p\u00e5 kl\u00e4derna och k\u00e4nner det s\u00e5 kan jag inte\u00a0<strong>se\u00a0<\/strong>att jag g\u00e5tt ner ett skit i vikt!<br \/>\nN\u00e4r jag kollar bilder fr\u00e5n i vintras s\u00e5 tycker jag att det ser exakt likadant ut!<br \/>\n\u00c4ven om folk s\u00e4ger att det inte \u00e4r s\u00e5 s\u00e5 g\u00e5r det inte f\u00f6rbi PMS idioten som s\u00e4ger att jag \u00e4r lika fet som jag var f\u00f6rr.<br \/>\nStackars mannen som f\u00f6rg\u00e4ves f\u00f6rs\u00f6ker f\u00e5 mig att se att det inte \u00e4r s\u00e5.<br \/>\nJag f\u00e5r helt enkelt l\u00e4gga till en \u00e4nnu h\u00f6gre v\u00e4xel kanske om jag ska hinna g\u00e5 ner mina 10 kilo till h\u00f6sten.<\/p>\n<p>Jag g\u00e5r fortfarande till kiropraktorn men nu \u00e4r det en g\u00e5ng i vecka ist\u00e4llet f\u00f6r 2.<br \/>\nHan f\u00e5r fortfarande inte upp l\u00e5sningen mellan skuldrorna och i tisdags trodde jag tamejfan att jag skulle g\u00e5 av p\u00e5 mitten.<br \/>\nHelvete vad ont det gjorde och jag hade sv\u00e5rt f\u00f6r att ta ett djupt andetag en bra stund efter.<br \/>\nMen det har lossat lite, det k\u00e4nns. S\u00e5 f\u00f6rhoppningsvis s\u00e5 kan han f\u00e5 loss det n\u00e4sta g\u00e5ng.<br \/>\nJag f\u00e5r inte styrketr\u00e4na s\u00e5 l\u00e4nge det \u00e4r s\u00e5 h\u00e4r. Och jag vill komma ig\u00e5ng med den igen.<\/p>\n<p>Nu \u00e4r det i alla fall helg och underbart v\u00e4der. \u00c4ven om jag inte riktigt gillar helgerna s\u00e5 ska jag \u00e4nd\u00e5 f\u00f6rs\u00f6ka njuta av denna.<br \/>\nV\u00e4dret har varit s\u00e5 underbart och jag har beh\u00f6vt min egen tid att jag de senaste dagarna har tagit en filt och lagt mig i gr\u00e4set utanf\u00f6r jobbet och haft min lunch d\u00e4r. Ljuvligt!<\/p>\n<p>Nu f\u00e5r jag v\u00e4l ta och avsluta h\u00e4r.<br \/>\nJag hade kunnat skriva hur mycket mer som helst idag.<br \/>\nHa en underbar helg!<\/p>\n<p>&nbsp;<\/p>\n<p>&nbsp;<\/p>\n<p><img loading=\"lazy\" decoding=\"async\" class=\"alignnone size-medium wp-image-2818\" src=\"https:\/\/mittsjukafriska.se\/wp-content\/uploads\/2021\/06\/IMG_20210604_181636-225x300.jpg\" alt=\"\" width=\"225\" height=\"300\" srcset=\"https:\/\/mittsjukafriska.se\/wp-content\/uploads\/2021\/06\/IMG_20210604_181636-225x300.jpg 225w, https:\/\/mittsjukafriska.se\/wp-content\/uploads\/2021\/06\/IMG_20210604_181636-768x1024.jpg 768w, https:\/\/mittsjukafriska.se\/wp-content\/uploads\/2021\/06\/IMG_20210604_181636-1152x1536.jpg 1152w, https:\/\/mittsjukafriska.se\/wp-content\/uploads\/2021\/06\/IMG_20210604_181636-1536x2048.jpg 1536w, https:\/\/mittsjukafriska.se\/wp-content\/uploads\/2021\/06\/IMG_20210604_181636-1140x1520.jpg 1140w, https:\/\/mittsjukafriska.se\/wp-content\/uploads\/2021\/06\/IMG_20210604_181636-scaled.jpg 1920w\" sizes=\"auto, (max-width: 225px) 100vw, 225px\" \/><\/p>\n<p>&nbsp;<\/p>\n","protected":false},"excerpt":{"rendered":"<p>Kevin klarade sitt YKB prov, uppskrivning\u00a0och\u00a0uppk\u00f6rning i veckan! Han har allts\u00e5 nu \u00e4ntligen f\u00e5tt sitt efterl\u00e4ngtade lastbilsk\u00f6rkort! Det f\u00f6rsta han s\u00e4ger n\u00e4r han ber\u00e4ttade att han klarade det \u00e4r -Nu j\u00e4vlar t\u00e4nker jag inte s\u00e4tt min fot p\u00e5 den skolan igen f\u00f6rens studenten &#x1f602; Jag tror att han \u00e4r tr\u00f6tt p\u00e5 skolan nu &#x1f92f;&#x1f602; Det \u00e4r en stor sten som l\u00e4ttat fr\u00e5n hans axlar. Det var ju med n\u00f6d och n\u00e4ppe som dom skulle bli klara med allt i tid i och med att dom inte kunnat vara i skolan och p\u00e5 s\u00e5 s\u00e4tt inte kunnat k\u00f6ra. Men han klarade det och vi \u00e4r s\u00e5 grymt stolta \u00f6ver honom! Nu b\u00f6rjar allvaret p\u00e5 riktigt! Han \u00e4r inte riktigt p\u00e5 det klara med vad det \u00e4r att vara vuxen. Men det kommer \ud83d\ude09 Liam \u00e4r det lite sis\u00e5d\u00e4r med. Vi f\u00e5r helt enkelt hoppas p\u00e5 att han v\u00e4xer upp lite nu \u00f6ver sommaren och faktiskt l\u00e4gger i en h\u00f6gre v\u00e4xel n\u00e4sta termin. Just nu \u00e4r jag s\u00e5 tr\u00f6tt p\u00e5 b\u00e5de honom och p\u00e5 Emil att jag helst hade sett att dom \u00e5kte iv\u00e4g en vecka eller tv\u00e5. I helgen ska jag dock g\u00f6ra n\u00e5got jag\u00a0aldrig gjort innan. Emil ska \u00e5ka till moster l\u00f6rdag-s\u00f6ndag och jag ska inte g\u00f6ra ett enda dugg! Jag funderar p\u00e5 att dra till stranden och bara ligga d\u00e4r och inte g\u00f6ra ett skit! Vi f\u00e5r se vad jag kommer p\u00e5 att jag ska g\u00f6ra. Jag ska i alla fall inte vara i n\u00e4rheten av mina barn. Mannen jobbar s\u00e5 honom beh\u00f6ver jag inte undvika. Det har varit s\u00e5 himla mycket bry och jobb den senaste tiden. Det har kr\u00e4vts extremt mycket av min energi. Hemma, p\u00e5 jobb och med mitt eget. Jag \u00e4r p\u00e5 gr\u00e4nsen till att spy p\u00e5 allt. D\u00e4rf\u00f6r v\u00e4ljer jag att g\u00f6ra det h\u00e4r. Liam har satt sig sj\u00e4lv i klistret rej\u00e4lt denna g\u00e5ngen s\u00e5 han kommer att spendera 90% av sin helg inne p\u00e5 sitt rum utan vare sig telefon eller platta. Vi ska v\u00e4l se om detta kan f\u00e5 ungen att fatta att vi menar allvar n\u00e4r vi s\u00e4ger att man ska l\u00e5t bli vissa saker! Jag \u00e4r som sagt s\u00e5 himla matt p\u00e5 allt just nu. Inte hj\u00e4lper det att jag \u00e4r p\u00e5 v\u00e4g in i min PMS heller! *grrr* Jag har nog varit en st\u00f6rre bitch \u00e4n vanligt p\u00e5 jobbet denna veckan. Men jag har l\u00e5g\/noll tolerans f\u00f6r dumma bortf\u00f6rklaringar och urs\u00e4kter! Jag tror att jag fick fram det. Om inte s\u00e5 &#x1f937;&#x1f3fc;&#x200d;&#x2640;&#xfe0f; Emil \u00e4r just nu bara s\u00e5\u00e5\u00e5 himla energikr\u00e4vande s\u00e5 det \u00e4r sjukt. Det \u00e4r verkligen aldrig en lugn stund eller tyst om han inte f\u00e5r sitta vid plattan. Och jag \u00e4r, som jag n\u00e4mnt tidigare, allergisk mot att l\u00e5ta dom sitta framf\u00f6r en sk\u00e4rm hela dagarna. Det leder till br\u00e5k, surande, tjatande osv I vanliga fall brukar jag ha t\u00e5lamod till att hantera det. Men\u00a0nu \u00e4r energin slut och allt irriterar mig. En gl\u00e4djande nyhet \u00e4r att min fru\u00a0\u00e4ntligen ska flytta tillbaka till Esl\u00f6v. Jag hoppas att det kommer att g\u00f6ra att vi tr\u00e4ffas oftare. Livet har alltid en tendens att komma mellan. Men det blir v\u00e4l vad man g\u00f6r det till s\u00e4ger dom. Jag br\u00e5kar v\u00e4ldigt mycket med det h\u00e4r med att Kevin inte vill ha en studentdag. Han vill ju s\u00e5 klart g\u00e5 ut skolan och s\u00e5. Men han skulle inte ha en m\u00f6ssa, han skulle inte ha n\u00e5got plakat, han skulle inte ha n\u00e5gon fest. Allts\u00e5 nada! Mitt lilla OCD huvud kan inte riktigt greppa detta och det ger min lite panik emellan\u00e5t. Men jag f\u00f6rs\u00f6ker att respektera det han s\u00e4ger. Jag hoppas bara att han \u00e4nd\u00e5 kommer att minnas denna dagen! Vi \u00e4r allt annat \u00e4n en familj som f\u00f6ljer &#8221;normen&#8221; men detta \u00e4r lite jobbigt faktiskt ;-P Men nu \u00e4r allt det f\u00f6rsent att fixa \u00e4nd\u00e5. PMSen har som sagt b\u00f6rjat visa sitt fula j\u00e4vla tryne. \u00c4ven om jag ser det p\u00e5 kl\u00e4derna och k\u00e4nner det s\u00e5 kan jag inte\u00a0se\u00a0att jag g\u00e5tt ner ett skit i vikt! N\u00e4r jag kollar bilder fr\u00e5n i vintras s\u00e5 tycker jag att det ser exakt likadant ut! \u00c4ven om folk s\u00e4ger att det inte \u00e4r s\u00e5 s\u00e5 g\u00e5r det inte f\u00f6rbi PMS idioten som s\u00e4ger att jag \u00e4r lika fet som jag var f\u00f6rr. Stackars mannen som f\u00f6rg\u00e4ves f\u00f6rs\u00f6ker f\u00e5 mig att se att det inte \u00e4r s\u00e5. Jag f\u00e5r helt enkelt l\u00e4gga till en \u00e4nnu h\u00f6gre v\u00e4xel kanske om jag ska hinna g\u00e5 ner mina 10 kilo till h\u00f6sten. Jag g\u00e5r fortfarande till kiropraktorn men nu \u00e4r det en g\u00e5ng i vecka ist\u00e4llet f\u00f6r 2. Han f\u00e5r fortfarande inte upp l\u00e5sningen mellan skuldrorna och i tisdags trodde jag tamejfan att jag skulle g\u00e5 av p\u00e5 mitten. Helvete vad ont det gjorde och jag hade sv\u00e5rt f\u00f6r att ta ett djupt andetag en bra stund efter. Men det har lossat lite, det k\u00e4nns. S\u00e5 f\u00f6rhoppningsvis s\u00e5 kan han f\u00e5 loss det n\u00e4sta g\u00e5ng. Jag f\u00e5r inte styrketr\u00e4na s\u00e5 l\u00e4nge det \u00e4r s\u00e5 h\u00e4r. Och jag vill komma ig\u00e5ng med den igen. Nu \u00e4r det i alla fall helg och underbart v\u00e4der. \u00c4ven om jag inte riktigt gillar helgerna s\u00e5 ska jag \u00e4nd\u00e5 f\u00f6rs\u00f6ka njuta av denna. V\u00e4dret har varit s\u00e5 underbart och jag har beh\u00f6vt min egen tid att jag de senaste dagarna har tagit en filt och lagt mig i gr\u00e4set utanf\u00f6r jobbet och haft min lunch d\u00e4r. Ljuvligt! Nu f\u00e5r jag v\u00e4l ta och avsluta h\u00e4r. Jag hade kunnat skriva hur mycket mer som helst idag. Ha en underbar helg! &nbsp; &nbsp; &nbsp;<\/p>\n","protected":false},"author":3,"featured_media":0,"comment_status":"open","ping_status":"open","sticky":false,"template":"","format":"standard","meta":{"_jetpack_memberships_contains_paid_content":false,"footnotes":""},"categories":[1],"tags":[],"class_list":["post-2814","post","type-post","status-publish","format-standard","hentry","category-personligt"],"jetpack_featured_media_url":"","jetpack_sharing_enabled":true,"_links":{"self":[{"href":"https:\/\/mittsjukafriska.se\/index.php?rest_route=\/wp\/v2\/posts\/2814","targetHints":{"allow":["GET"]}}],"collection":[{"href":"https:\/\/mittsjukafriska.se\/index.php?rest_route=\/wp\/v2\/posts"}],"about":[{"href":"https:\/\/mittsjukafriska.se\/index.php?rest_route=\/wp\/v2\/types\/post"}],"author":[{"embeddable":true,"href":"https:\/\/mittsjukafriska.se\/index.php?rest_route=\/wp\/v2\/users\/3"}],"replies":[{"embeddable":true,"href":"https:\/\/mittsjukafriska.se\/index.php?rest_route=%2Fwp%2Fv2%2Fcomments&post=2814"}],"version-history":[{"count":3,"href":"https:\/\/mittsjukafriska.se\/index.php?rest_route=\/wp\/v2\/posts\/2814\/revisions"}],"predecessor-version":[{"id":2819,"href":"https:\/\/mittsjukafriska.se\/index.php?rest_route=\/wp\/v2\/posts\/2814\/revisions\/2819"}],"wp:attachment":[{"href":"https:\/\/mittsjukafriska.se\/index.php?rest_route=%2Fwp%2Fv2%2Fmedia&parent=2814"}],"wp:term":[{"taxonomy":"category","embeddable":true,"href":"https:\/\/mittsjukafriska.se\/index.php?rest_route=%2Fwp%2Fv2%2Fcategories&post=2814"},{"taxonomy":"post_tag","embeddable":true,"href":"https:\/\/mittsjukafriska.se\/index.php?rest_route=%2Fwp%2Fv2%2Ftags&post=2814"}],"curies":[{"name":"wp","href":"https:\/\/api.w.org\/{rel}","templated":true}]}}