{"id":2859,"date":"2021-06-24T19:42:15","date_gmt":"2021-06-24T18:42:15","guid":{"rendered":"https:\/\/mittsjukafriska.se\/?p=2859"},"modified":"2021-06-24T19:42:22","modified_gmt":"2021-06-24T18:42:22","slug":"varmeslag","status":"publish","type":"post","link":"https:\/\/mittsjukafriska.se\/?p=2859","title":{"rendered":"V\u00e4rmeslag."},"content":{"rendered":"\n<p>I l\u00f6rdags var det dags f\u00f6r sv\u00e4rmor att t\u00f6mma huset. Hon och Per hade redan k\u00f6rt upp med en hel del.<\/p>\n\n\n\n<p>Men d\u00e4r var \u00e4nd\u00e5 s\u00e5 att vi fick fylla 3 sl\u00e4p och p\u00e5 s\u00e5 s\u00e4tt k\u00f6ra 2 v\u00e4ndor.<\/p>\n\n\n\n<p>6 timmar i en bil (utslaget p\u00e5 hela dagen visserligen) + lastning och avlastning i 35 graders v\u00e4rme! Fy faaaan s\u00e4ger jag bara &#x1f616;&#x1f625;<\/p>\n\n\n\n<p>Men j\u00f6sses vad vackert dom bor!<\/p>\n\n\n\n<p>I s\u00f6ndags \u00e5kte vi till CS. Dels f\u00f6r att Totte skulle ha en skjorta till br\u00f6llopet och jag f\u00f6r att byta in klockan. Det blev en Huawei ist\u00e4llet. Riktigt stilren och snygg.<\/p>\n\n\n\n<p>Emil fick sin efterl\u00e4ngtade Portugal tr\u00f6ja. &#x1f970;.  Den h\u00e4r k\u00e4rleken f\u00f6r Ronaldo blir bara st\u00f6rre och st\u00f6rre. Det var en \u00f6verlycklig 6 \u00e5ring som tittade p\u00e5 matchen mellan Portugal och Ungern. Vi \u00e4r inga fotbollsfans i denna familjen. Jag tror att mina uppv\u00e4xt\u00e5r har satt sin sp\u00e5r &#x1f602;    <\/p>\n\n\n\n<p>Men fy fan om jag tittar p\u00e5 en match d\u00e5 t\u00e4nder det till &#x1f602; Ni skulle varit h\u00e4r hemma under Sverige &#8211; Polen matchen. Jag blev n\u00e4stan hes &#x1f602;<\/p>\n\n\n\n<p>Ja ja inlevelsen \u00e4r d\u00e4r iaf inget fel p\u00e5.<\/p>\n\n\n\n<p>Idag gick b\u00e5de jag och maken p\u00e5 3 veckors semester &#x1f970;<\/p>\n\n\n\n<p>Jag har inte riktigt landat i det \u00e4n. Det blev liiite f\u00f6r tidigt f\u00f6r mitt tycke. Men d\u00e4r \u00e4r inget att be f\u00f6r. N\u00e4sta \u00e5r blir det en senare semester.<\/p>\n\n\n\n<p>Jag ska iaf f\u00f6rs\u00f6ka landa i att vara ledig och ta vara p\u00e5 dessa dagarna med familjen.<\/p>\n\n\n\n<p>Ikv\u00e4ll \u00e5kte visserligen Liam till Tilda igen. Dom har nog v\u00e4ldigt tr\u00e5kigt h\u00e4r &#x1f602;<\/p>\n\n\n\n<p>Det blev enbart Emil hemma imorgon ist\u00e4llet. S\u00e5 vi f\u00e5r v\u00e4l se vad denna midsommar bjuder p\u00e5.<\/p>\n\n\n\n<p>Vi kanske drar till stranden och bara njuter d\u00e4r.<\/p>\n\n\n\n<p>Ha det nu underbart.<\/p>\n\n\n\n<p><\/p>\n\n\n\n<p>Vi ses n\u00e4r vi ses.<\/p>\n\n\n\n<figure class=\"wp-block-gallery columns-3 is-cropped wp-block-gallery-1 is-layout-flex wp-block-gallery-is-layout-flex\"><ul class=\"blocks-gallery-grid\"><li class=\"blocks-gallery-item\"><figure><img loading=\"lazy\" decoding=\"async\" width=\"1024\" height=\"1024\" src=\"https:\/\/mittsjukafriska.se\/wp-content\/uploads\/2021\/06\/IMG_20210623_181431_084-1024x1024.jpg\" alt=\"\" data-id=\"2861\" data-link=\"https:\/\/mittsjukafriska.se\/?attachment_id=2861\" class=\"wp-image-2861\" srcset=\"https:\/\/mittsjukafriska.se\/wp-content\/uploads\/2021\/06\/IMG_20210623_181431_084-1024x1024.jpg 1024w, https:\/\/mittsjukafriska.se\/wp-content\/uploads\/2021\/06\/IMG_20210623_181431_084-300x300.jpg 300w, https:\/\/mittsjukafriska.se\/wp-content\/uploads\/2021\/06\/IMG_20210623_181431_084-150x150.jpg 150w, https:\/\/mittsjukafriska.se\/wp-content\/uploads\/2021\/06\/IMG_20210623_181431_084-768x768.jpg 768w, https:\/\/mittsjukafriska.se\/wp-content\/uploads\/2021\/06\/IMG_20210623_181431_084-1536x1536.jpg 1536w, https:\/\/mittsjukafriska.se\/wp-content\/uploads\/2021\/06\/IMG_20210623_181431_084-1140x1140.jpg 1140w, https:\/\/mittsjukafriska.se\/wp-content\/uploads\/2021\/06\/IMG_20210623_181431_084-75x75.jpg 75w, https:\/\/mittsjukafriska.se\/wp-content\/uploads\/2021\/06\/IMG_20210623_181431_084.jpg 1680w\" sizes=\"auto, (max-width: 1024px) 100vw, 1024px\" \/><\/figure><\/li><li class=\"blocks-gallery-item\"><figure><img loading=\"lazy\" decoding=\"async\" width=\"472\" height=\"1024\" src=\"https:\/\/mittsjukafriska.se\/wp-content\/uploads\/2021\/06\/IMG_20210620_113307-1-472x1024.jpg\" alt=\"\" data-id=\"2864\" data-full-url=\"https:\/\/mittsjukafriska.se\/wp-content\/uploads\/2021\/06\/IMG_20210620_113307-1-scaled.jpg\" data-link=\"https:\/\/mittsjukafriska.se\/?attachment_id=2864\" class=\"wp-image-2864\" srcset=\"https:\/\/mittsjukafriska.se\/wp-content\/uploads\/2021\/06\/IMG_20210620_113307-1-472x1024.jpg 472w, https:\/\/mittsjukafriska.se\/wp-content\/uploads\/2021\/06\/IMG_20210620_113307-1-138x300.jpg 138w, https:\/\/mittsjukafriska.se\/wp-content\/uploads\/2021\/06\/IMG_20210620_113307-1-768x1668.jpg 768w, https:\/\/mittsjukafriska.se\/wp-content\/uploads\/2021\/06\/IMG_20210620_113307-1-707x1536.jpg 707w, https:\/\/mittsjukafriska.se\/wp-content\/uploads\/2021\/06\/IMG_20210620_113307-1-943x2048.jpg 943w, https:\/\/mittsjukafriska.se\/wp-content\/uploads\/2021\/06\/IMG_20210620_113307-1-1140x2475.jpg 1140w, https:\/\/mittsjukafriska.se\/wp-content\/uploads\/2021\/06\/IMG_20210620_113307-1-scaled.jpg 1179w\" sizes=\"auto, (max-width: 472px) 100vw, 472px\" \/><\/figure><\/li><li class=\"blocks-gallery-item\"><figure><img loading=\"lazy\" decoding=\"async\" width=\"819\" height=\"1024\" src=\"https:\/\/mittsjukafriska.se\/wp-content\/uploads\/2021\/06\/IMG_20210624_174845_861-1-819x1024.jpg\" alt=\"\" data-id=\"2863\" data-link=\"https:\/\/mittsjukafriska.se\/?attachment_id=2863\" class=\"wp-image-2863\" srcset=\"https:\/\/mittsjukafriska.se\/wp-content\/uploads\/2021\/06\/IMG_20210624_174845_861-1-819x1024.jpg 819w, https:\/\/mittsjukafriska.se\/wp-content\/uploads\/2021\/06\/IMG_20210624_174845_861-1-240x300.jpg 240w, https:\/\/mittsjukafriska.se\/wp-content\/uploads\/2021\/06\/IMG_20210624_174845_861-1-768x960.jpg 768w, https:\/\/mittsjukafriska.se\/wp-content\/uploads\/2021\/06\/IMG_20210624_174845_861-1-1229x1536.jpg 1229w, https:\/\/mittsjukafriska.se\/wp-content\/uploads\/2021\/06\/IMG_20210624_174845_861-1-1638x2048.jpg 1638w, https:\/\/mittsjukafriska.se\/wp-content\/uploads\/2021\/06\/IMG_20210624_174845_861-1-1140x1425.jpg 1140w, https:\/\/mittsjukafriska.se\/wp-content\/uploads\/2021\/06\/IMG_20210624_174845_861-1-scaled.jpg 2048w\" sizes=\"auto, (max-width: 819px) 100vw, 819px\" \/><\/figure><\/li><\/ul><\/figure>\n","protected":false},"excerpt":{"rendered":"<p>I l\u00f6rdags var det dags f\u00f6r sv\u00e4rmor att t\u00f6mma huset. Hon och Per hade redan k\u00f6rt upp med en hel del. Men d\u00e4r var \u00e4nd\u00e5 s\u00e5 att vi fick fylla 3 sl\u00e4p och p\u00e5 s\u00e5 s\u00e4tt k\u00f6ra 2 v\u00e4ndor. 6 timmar i en bil (utslaget p\u00e5 hela dagen visserligen) + lastning och avlastning i 35 graders v\u00e4rme! Fy faaaan s\u00e4ger jag bara &#x1f616;&#x1f625; Men j\u00f6sses vad vackert dom bor! I s\u00f6ndags \u00e5kte vi till CS. Dels f\u00f6r att Totte skulle ha en skjorta till br\u00f6llopet och jag f\u00f6r att byta in klockan. Det blev en Huawei ist\u00e4llet. Riktigt stilren och snygg. Emil fick sin efterl\u00e4ngtade Portugal tr\u00f6ja. &#x1f970;. Den h\u00e4r k\u00e4rleken f\u00f6r Ronaldo blir bara st\u00f6rre och st\u00f6rre. Det var en \u00f6verlycklig 6 \u00e5ring som tittade p\u00e5 matchen mellan Portugal och Ungern. Vi \u00e4r inga fotbollsfans i denna familjen. Jag tror att mina uppv\u00e4xt\u00e5r har satt sin sp\u00e5r &#x1f602; Men fy fan om jag tittar p\u00e5 en match d\u00e5 t\u00e4nder det till &#x1f602; Ni skulle varit h\u00e4r hemma under Sverige &#8211; Polen matchen. Jag blev n\u00e4stan hes &#x1f602; Ja ja inlevelsen \u00e4r d\u00e4r iaf inget fel p\u00e5. Idag gick b\u00e5de jag och maken p\u00e5 3 veckors semester &#x1f970; Jag har inte riktigt landat i det \u00e4n. Det blev liiite f\u00f6r tidigt f\u00f6r mitt tycke. Men d\u00e4r \u00e4r inget att be f\u00f6r. N\u00e4sta \u00e5r blir det en senare semester. Jag ska iaf f\u00f6rs\u00f6ka landa i att vara ledig och ta vara p\u00e5 dessa dagarna med familjen. Ikv\u00e4ll \u00e5kte visserligen Liam till Tilda igen. Dom har nog v\u00e4ldigt tr\u00e5kigt h\u00e4r &#x1f602; Det blev enbart Emil hemma imorgon ist\u00e4llet. S\u00e5 vi f\u00e5r v\u00e4l se vad denna midsommar bjuder p\u00e5. Vi kanske drar till stranden och bara njuter d\u00e4r. Ha det nu underbart. Vi ses n\u00e4r vi ses.<\/p>\n","protected":false},"author":3,"featured_media":0,"comment_status":"open","ping_status":"open","sticky":false,"template":"","format":"standard","meta":{"_jetpack_memberships_contains_paid_content":false,"footnotes":""},"categories":[1],"tags":[],"class_list":["post-2859","post","type-post","status-publish","format-standard","hentry","category-personligt"],"jetpack_featured_media_url":"","jetpack_sharing_enabled":true,"_links":{"self":[{"href":"https:\/\/mittsjukafriska.se\/index.php?rest_route=\/wp\/v2\/posts\/2859","targetHints":{"allow":["GET"]}}],"collection":[{"href":"https:\/\/mittsjukafriska.se\/index.php?rest_route=\/wp\/v2\/posts"}],"about":[{"href":"https:\/\/mittsjukafriska.se\/index.php?rest_route=\/wp\/v2\/types\/post"}],"author":[{"embeddable":true,"href":"https:\/\/mittsjukafriska.se\/index.php?rest_route=\/wp\/v2\/users\/3"}],"replies":[{"embeddable":true,"href":"https:\/\/mittsjukafriska.se\/index.php?rest_route=%2Fwp%2Fv2%2Fcomments&post=2859"}],"version-history":[{"count":1,"href":"https:\/\/mittsjukafriska.se\/index.php?rest_route=\/wp\/v2\/posts\/2859\/revisions"}],"predecessor-version":[{"id":2865,"href":"https:\/\/mittsjukafriska.se\/index.php?rest_route=\/wp\/v2\/posts\/2859\/revisions\/2865"}],"wp:attachment":[{"href":"https:\/\/mittsjukafriska.se\/index.php?rest_route=%2Fwp%2Fv2%2Fmedia&parent=2859"}],"wp:term":[{"taxonomy":"category","embeddable":true,"href":"https:\/\/mittsjukafriska.se\/index.php?rest_route=%2Fwp%2Fv2%2Fcategories&post=2859"},{"taxonomy":"post_tag","embeddable":true,"href":"https:\/\/mittsjukafriska.se\/index.php?rest_route=%2Fwp%2Fv2%2Ftags&post=2859"}],"curies":[{"name":"wp","href":"https:\/\/api.w.org\/{rel}","templated":true}]}}