{"id":2869,"date":"2021-06-30T17:40:13","date_gmt":"2021-06-30T16:40:13","guid":{"rendered":"https:\/\/mittsjukafriska.se\/?p=2869"},"modified":"2021-06-30T17:40:20","modified_gmt":"2021-06-30T16:40:20","slug":"3-dagar-in","status":"publish","type":"post","link":"https:\/\/mittsjukafriska.se\/?p=2869","title":{"rendered":"3 dagar in&#8230;."},"content":{"rendered":"\n<p>I semestern och jag \u00e4r redan redo f\u00f6r att \u00e5terg\u00e5 till jobbet.<\/p>\n\n\n\n<p>Jag hatar att inte ha n\u00e5got att g\u00f6ra. Eller r\u00e4ttare sagt, jag hatar att beh\u00f6va t\u00e4nka ut saker att g\u00f6ra. Det funkar inte riktigt f\u00f6r mig. Idag hade jag planerat att st\u00e4da huset. Klockan \u00e4r 18:30 och det \u00e4r fortfarande inte ens p\u00e5b\u00f6rjat och kommer troligtvis inte att bli heller.<\/p>\n\n\n\n<p>Jag vet att man ibland beh\u00f6ver ta det lugnt men det \u00e4r fan stressigt att inte g\u00f6ra n\u00e5got &#x1f602;<\/p>\n\n\n\n<p>Jag har f\u00e5tt min tid f\u00f6r den p\u00e5b\u00f6rjade utredningen. \u00c4ntligen! I augusti \u00e4r det dags &#x1f918;<\/p>\n\n\n\n<p>Midsommar firade jag tillsammans med maken och minstingen. Dom andra var iv\u00e4g p\u00e5 sina h\u00e5ll. Emil hade nog en v\u00e4ldigt tr\u00e5kig midsommar om ni fr\u00e5gar honom. Han ville \u00e5ka ner till Trollsj\u00f6n och fira med sina kompisar men det var ju inst\u00e4llt s\u00e5 han fick n\u00f6ja sig med oss tv\u00e5.<\/p>\n\n\n\n<p>Men den b\u00e4sta dagen var \u00e4nd\u00e5 midsommar dagen! F\u00f6r d\u00e5 kom v\u00e5ra \u00e4lskade v\u00e4nner p\u00e5 bes\u00f6k. Vi har inte setts p\u00e5 1 \u00e5r! Kan ni fatta det!? Vi har inte tr\u00e4ffat dom p\u00e5 1 helt \u00e5r! <\/p>\n\n\n\n<p>Kan s\u00e4ga att jag gr\u00e4t mellan skratten n\u00e4r vi planerade att dom skulle komma &#x1f970;<\/p>\n\n\n\n<p>Emil blev helt exalterad och kunde inte l\u00e5ta n\u00e5gon av dom vara. &#x1f602;<\/p>\n\n\n\n<p>Jag f\u00f6rs\u00f6kte tom l\u00e5na ut ungen till dom 1 vecka men det k\u00f6ptes inte riktigt &#x1f602;<\/p>\n\n\n\n<p>Det har h\u00e4nt massor i v\u00e5rt liv. Men det hade tagit alldeles f\u00f6r mycket tid att ens f\u00f6rs\u00f6ka f\u00e5 ner det i print s\u00e5 det f\u00e5r vara s\u00e5.<\/p>\n\n\n\n<p>I tr\u00e4dg\u00e5rden h\u00e4nder det grejer. Vi gr\u00e4vde upp egen potatis till midsommar. S\u00e5 himla god var den.<\/p>\n\n\n\n<p>Och det b\u00f6rjar mogna mer och mer saker efterhand. Detta \u00e5ret har dock det mesta inom odlingen blivit lite sis\u00e5d\u00e4r. Jag tappade planeringen och i och med det s\u00e5 fick det bli som det blir.<\/p>\n\n\n\n<p>Majsen l\u00e4r vi inte se r\u00f6ken av detta \u00e5ret dock f\u00f6r den har inte ens b\u00f6rjat titta upp.<\/p>\n\n\n\n<p>N\u00e5ja. Som sagt det blir som det.<\/p>\n\n\n\n<p>Det h\u00e4r med att jag \u00e4r rastl\u00f6s blir lite farligt. Jag \u00e4r redan ig\u00e5ng med att vi m\u00e5ste m\u00f6blera om, f\u00f6rnya osv. <\/p>\n\n\n\n<p>Jag tror best\u00e4mt att jag ska ringa chefen och h\u00e4va min semester &#x1f926;&#x200d;&#x2640;&#xfe0f;&#x1f609;&#x1f92f;<\/p>\n\n\n\n<p>Idag har vi Philip h\u00e4r som ska sova \u00f6ver. Wish us luck &#x1f602;<\/p>\n\n\n\n<p>Idag har jag s\u00e4kert g\u00e5tt upp 2 kilo genom att bara slappa i soffan. Jag hatar att slappa f\u00f6r jag g\u00e5r bara och sm\u00e5 \u00e4ter d\u00e5 hela tiden.<\/p>\n\n\n\n<p>Och soffan stinker hund men jag orkar inte dra av kl\u00e4dseln och tv\u00e4tta den. Jag beh\u00f6ver ha miljoner. S\u00e5 jag kan anst\u00e4lla folk att g\u00f6ra dessa extremt tr\u00e5kiga saker. T\u00e4nk. D\u00e5 hade jag kunnat g\u00f6ra annat medan n\u00e5gon annan g\u00f6ra &#8221;mina&#8221; sysslor.<\/p>\n\n\n\n<p>N\u00e4. Nu ska jag g\u00e5 och reka sk\u00e5pen igen. D\u00e4r kan ju ha tillkommit n\u00e5got denna g\u00e5ngen&#8230;.<\/p>\n\n\n\n<figure class=\"wp-block-gallery columns-3 is-cropped wp-block-gallery-1 is-layout-flex wp-block-gallery-is-layout-flex\"><ul class=\"blocks-gallery-grid\"><li class=\"blocks-gallery-item\"><figure><img loading=\"lazy\" decoding=\"async\" width=\"472\" height=\"1024\" src=\"https:\/\/mittsjukafriska.se\/wp-content\/uploads\/2021\/06\/IMG_20210626_222916-472x1024.jpg\" alt=\"\" data-id=\"2870\" data-full-url=\"https:\/\/mittsjukafriska.se\/wp-content\/uploads\/2021\/06\/IMG_20210626_222916-scaled.jpg\" data-link=\"https:\/\/mittsjukafriska.se\/?attachment_id=2870\" class=\"wp-image-2870\" srcset=\"https:\/\/mittsjukafriska.se\/wp-content\/uploads\/2021\/06\/IMG_20210626_222916-472x1024.jpg 472w, https:\/\/mittsjukafriska.se\/wp-content\/uploads\/2021\/06\/IMG_20210626_222916-138x300.jpg 138w, https:\/\/mittsjukafriska.se\/wp-content\/uploads\/2021\/06\/IMG_20210626_222916-768x1668.jpg 768w, https:\/\/mittsjukafriska.se\/wp-content\/uploads\/2021\/06\/IMG_20210626_222916-707x1536.jpg 707w, https:\/\/mittsjukafriska.se\/wp-content\/uploads\/2021\/06\/IMG_20210626_222916-943x2048.jpg 943w, https:\/\/mittsjukafriska.se\/wp-content\/uploads\/2021\/06\/IMG_20210626_222916-1140x2475.jpg 1140w, https:\/\/mittsjukafriska.se\/wp-content\/uploads\/2021\/06\/IMG_20210626_222916-scaled.jpg 1179w\" sizes=\"auto, (max-width: 472px) 100vw, 472px\" \/><\/figure><\/li><li class=\"blocks-gallery-item\"><figure><img loading=\"lazy\" decoding=\"async\" width=\"960\" height=\"444\" src=\"https:\/\/mittsjukafriska.se\/wp-content\/uploads\/2021\/06\/received_995625267852880.jpeg\" alt=\"\" data-id=\"2871\" data-full-url=\"https:\/\/mittsjukafriska.se\/wp-content\/uploads\/2021\/06\/received_995625267852880.jpeg\" data-link=\"https:\/\/mittsjukafriska.se\/?attachment_id=2871\" class=\"wp-image-2871\" srcset=\"https:\/\/mittsjukafriska.se\/wp-content\/uploads\/2021\/06\/received_995625267852880.jpeg 960w, https:\/\/mittsjukafriska.se\/wp-content\/uploads\/2021\/06\/received_995625267852880-300x139.jpeg 300w, https:\/\/mittsjukafriska.se\/wp-content\/uploads\/2021\/06\/received_995625267852880-768x355.jpeg 768w\" sizes=\"auto, (max-width: 960px) 100vw, 960px\" \/><\/figure><\/li><li class=\"blocks-gallery-item\"><figure><img loading=\"lazy\" decoding=\"async\" width=\"912\" height=\"420\" src=\"https:\/\/mittsjukafriska.se\/wp-content\/uploads\/2021\/06\/received_358474748954781.jpeg\" alt=\"\" data-id=\"2872\" data-full-url=\"https:\/\/mittsjukafriska.se\/wp-content\/uploads\/2021\/06\/received_358474748954781.jpeg\" data-link=\"https:\/\/mittsjukafriska.se\/?attachment_id=2872\" class=\"wp-image-2872\" srcset=\"https:\/\/mittsjukafriska.se\/wp-content\/uploads\/2021\/06\/received_358474748954781.jpeg 912w, https:\/\/mittsjukafriska.se\/wp-content\/uploads\/2021\/06\/received_358474748954781-300x138.jpeg 300w, https:\/\/mittsjukafriska.se\/wp-content\/uploads\/2021\/06\/received_358474748954781-768x354.jpeg 768w\" sizes=\"auto, (max-width: 912px) 100vw, 912px\" \/><\/figure><\/li><li class=\"blocks-gallery-item\"><figure><img loading=\"lazy\" decoding=\"async\" width=\"472\" height=\"1024\" src=\"https:\/\/mittsjukafriska.se\/wp-content\/uploads\/2021\/06\/IMG_20210625_180820-472x1024.jpg\" alt=\"\" data-id=\"2873\" data-full-url=\"https:\/\/mittsjukafriska.se\/wp-content\/uploads\/2021\/06\/IMG_20210625_180820-scaled.jpg\" data-link=\"https:\/\/mittsjukafriska.se\/?attachment_id=2873\" class=\"wp-image-2873\" srcset=\"https:\/\/mittsjukafriska.se\/wp-content\/uploads\/2021\/06\/IMG_20210625_180820-472x1024.jpg 472w, https:\/\/mittsjukafriska.se\/wp-content\/uploads\/2021\/06\/IMG_20210625_180820-138x300.jpg 138w, https:\/\/mittsjukafriska.se\/wp-content\/uploads\/2021\/06\/IMG_20210625_180820-768x1668.jpg 768w, https:\/\/mittsjukafriska.se\/wp-content\/uploads\/2021\/06\/IMG_20210625_180820-707x1536.jpg 707w, https:\/\/mittsjukafriska.se\/wp-content\/uploads\/2021\/06\/IMG_20210625_180820-943x2048.jpg 943w, https:\/\/mittsjukafriska.se\/wp-content\/uploads\/2021\/06\/IMG_20210625_180820-1140x2475.jpg 1140w, https:\/\/mittsjukafriska.se\/wp-content\/uploads\/2021\/06\/IMG_20210625_180820-scaled.jpg 1179w\" sizes=\"auto, (max-width: 472px) 100vw, 472px\" \/><\/figure><\/li><li class=\"blocks-gallery-item\"><figure><img loading=\"lazy\" decoding=\"async\" width=\"472\" height=\"1024\" src=\"https:\/\/mittsjukafriska.se\/wp-content\/uploads\/2021\/06\/IMG_20210625_154327-472x1024.jpg\" alt=\"\" data-id=\"2874\" data-full-url=\"https:\/\/mittsjukafriska.se\/wp-content\/uploads\/2021\/06\/IMG_20210625_154327-scaled.jpg\" data-link=\"https:\/\/mittsjukafriska.se\/?attachment_id=2874\" class=\"wp-image-2874\" srcset=\"https:\/\/mittsjukafriska.se\/wp-content\/uploads\/2021\/06\/IMG_20210625_154327-472x1024.jpg 472w, https:\/\/mittsjukafriska.se\/wp-content\/uploads\/2021\/06\/IMG_20210625_154327-138x300.jpg 138w, https:\/\/mittsjukafriska.se\/wp-content\/uploads\/2021\/06\/IMG_20210625_154327-768x1668.jpg 768w, https:\/\/mittsjukafriska.se\/wp-content\/uploads\/2021\/06\/IMG_20210625_154327-707x1536.jpg 707w, https:\/\/mittsjukafriska.se\/wp-content\/uploads\/2021\/06\/IMG_20210625_154327-943x2048.jpg 943w, https:\/\/mittsjukafriska.se\/wp-content\/uploads\/2021\/06\/IMG_20210625_154327-1140x2475.jpg 1140w, https:\/\/mittsjukafriska.se\/wp-content\/uploads\/2021\/06\/IMG_20210625_154327-scaled.jpg 1179w\" sizes=\"auto, (max-width: 472px) 100vw, 472px\" \/><\/figure><\/li><\/ul><\/figure>\n\n\n\n<p><\/p>\n","protected":false},"excerpt":{"rendered":"<p>I semestern och jag \u00e4r redan redo f\u00f6r att \u00e5terg\u00e5 till jobbet. Jag hatar att inte ha n\u00e5got att g\u00f6ra. Eller r\u00e4ttare sagt, jag hatar att beh\u00f6va t\u00e4nka ut saker att g\u00f6ra. Det funkar inte riktigt f\u00f6r mig. Idag hade jag planerat att st\u00e4da huset. Klockan \u00e4r 18:30 och det \u00e4r fortfarande inte ens p\u00e5b\u00f6rjat och kommer troligtvis inte att bli heller. Jag vet att man ibland beh\u00f6ver ta det lugnt men det \u00e4r fan stressigt att inte g\u00f6ra n\u00e5got &#x1f602; Jag har f\u00e5tt min tid f\u00f6r den p\u00e5b\u00f6rjade utredningen. \u00c4ntligen! I augusti \u00e4r det dags &#x1f918; Midsommar firade jag tillsammans med maken och minstingen. Dom andra var iv\u00e4g p\u00e5 sina h\u00e5ll. Emil hade nog en v\u00e4ldigt tr\u00e5kig midsommar om ni fr\u00e5gar honom. Han ville \u00e5ka ner till Trollsj\u00f6n och fira med sina kompisar men det var ju inst\u00e4llt s\u00e5 han fick n\u00f6ja sig med oss tv\u00e5. Men den b\u00e4sta dagen var \u00e4nd\u00e5 midsommar dagen! F\u00f6r d\u00e5 kom v\u00e5ra \u00e4lskade v\u00e4nner p\u00e5 bes\u00f6k. Vi har inte setts p\u00e5 1 \u00e5r! Kan ni fatta det!? Vi har inte tr\u00e4ffat dom p\u00e5 1 helt \u00e5r! Kan s\u00e4ga att jag gr\u00e4t mellan skratten n\u00e4r vi planerade att dom skulle komma &#x1f970; Emil blev helt exalterad och kunde inte l\u00e5ta n\u00e5gon av dom vara. &#x1f602; Jag f\u00f6rs\u00f6kte tom l\u00e5na ut ungen till dom 1 vecka men det k\u00f6ptes inte riktigt &#x1f602; Det har h\u00e4nt massor i v\u00e5rt liv. Men det hade tagit alldeles f\u00f6r mycket tid att ens f\u00f6rs\u00f6ka f\u00e5 ner det i print s\u00e5 det f\u00e5r vara s\u00e5. I tr\u00e4dg\u00e5rden h\u00e4nder det grejer. Vi gr\u00e4vde upp egen potatis till midsommar. S\u00e5 himla god var den. Och det b\u00f6rjar mogna mer och mer saker efterhand. Detta \u00e5ret har dock det mesta inom odlingen blivit lite sis\u00e5d\u00e4r. Jag tappade planeringen och i och med det s\u00e5 fick det bli som det blir. Majsen l\u00e4r vi inte se r\u00f6ken av detta \u00e5ret dock f\u00f6r den har inte ens b\u00f6rjat titta upp. N\u00e5ja. Som sagt det blir som det. Det h\u00e4r med att jag \u00e4r rastl\u00f6s blir lite farligt. Jag \u00e4r redan ig\u00e5ng med att vi m\u00e5ste m\u00f6blera om, f\u00f6rnya osv. Jag tror best\u00e4mt att jag ska ringa chefen och h\u00e4va min semester &#x1f926;&#x200d;&#x2640;&#xfe0f;&#x1f609;&#x1f92f; Idag har vi Philip h\u00e4r som ska sova \u00f6ver. Wish us luck &#x1f602; Idag har jag s\u00e4kert g\u00e5tt upp 2 kilo genom att bara slappa i soffan. Jag hatar att slappa f\u00f6r jag g\u00e5r bara och sm\u00e5 \u00e4ter d\u00e5 hela tiden. Och soffan stinker hund men jag orkar inte dra av kl\u00e4dseln och tv\u00e4tta den. Jag beh\u00f6ver ha miljoner. S\u00e5 jag kan anst\u00e4lla folk att g\u00f6ra dessa extremt tr\u00e5kiga saker. T\u00e4nk. D\u00e5 hade jag kunnat g\u00f6ra annat medan n\u00e5gon annan g\u00f6ra &#8221;mina&#8221; sysslor. N\u00e4. Nu ska jag g\u00e5 och reka sk\u00e5pen igen. D\u00e4r kan ju ha tillkommit n\u00e5got denna g\u00e5ngen&#8230;.<\/p>\n","protected":false},"author":3,"featured_media":0,"comment_status":"open","ping_status":"open","sticky":false,"template":"","format":"standard","meta":{"_jetpack_memberships_contains_paid_content":false,"footnotes":""},"categories":[1],"tags":[],"class_list":["post-2869","post","type-post","status-publish","format-standard","hentry","category-personligt"],"jetpack_featured_media_url":"","jetpack_sharing_enabled":true,"_links":{"self":[{"href":"https:\/\/mittsjukafriska.se\/index.php?rest_route=\/wp\/v2\/posts\/2869","targetHints":{"allow":["GET"]}}],"collection":[{"href":"https:\/\/mittsjukafriska.se\/index.php?rest_route=\/wp\/v2\/posts"}],"about":[{"href":"https:\/\/mittsjukafriska.se\/index.php?rest_route=\/wp\/v2\/types\/post"}],"author":[{"embeddable":true,"href":"https:\/\/mittsjukafriska.se\/index.php?rest_route=\/wp\/v2\/users\/3"}],"replies":[{"embeddable":true,"href":"https:\/\/mittsjukafriska.se\/index.php?rest_route=%2Fwp%2Fv2%2Fcomments&post=2869"}],"version-history":[{"count":1,"href":"https:\/\/mittsjukafriska.se\/index.php?rest_route=\/wp\/v2\/posts\/2869\/revisions"}],"predecessor-version":[{"id":2875,"href":"https:\/\/mittsjukafriska.se\/index.php?rest_route=\/wp\/v2\/posts\/2869\/revisions\/2875"}],"wp:attachment":[{"href":"https:\/\/mittsjukafriska.se\/index.php?rest_route=%2Fwp%2Fv2%2Fmedia&parent=2869"}],"wp:term":[{"taxonomy":"category","embeddable":true,"href":"https:\/\/mittsjukafriska.se\/index.php?rest_route=%2Fwp%2Fv2%2Fcategories&post=2869"},{"taxonomy":"post_tag","embeddable":true,"href":"https:\/\/mittsjukafriska.se\/index.php?rest_route=%2Fwp%2Fv2%2Ftags&post=2869"}],"curies":[{"name":"wp","href":"https:\/\/api.w.org\/{rel}","templated":true}]}}