{"id":2878,"date":"2021-07-07T13:51:42","date_gmt":"2021-07-07T12:51:42","guid":{"rendered":"https:\/\/mittsjukafriska.se\/?p=2878"},"modified":"2021-07-07T14:07:02","modified_gmt":"2021-07-07T13:07:02","slug":"in-the-name-of-love","status":"publish","type":"post","link":"https:\/\/mittsjukafriska.se\/?p=2878","title":{"rendered":"In the name of love"},"content":{"rendered":"\n<p>I torsdags beh\u00f6vde jag st\u00e4lla klockan f\u00f6r f\u00f6rsta g\u00e5ngen p\u00e5 semestern. <\/p>\n\n\n\n<p>Jag skulle till Marieholm f\u00f6r att bygga naglar till det stundande br\u00f6llopet. &lt;3<br>N\u00e4r jag kom hem sen s\u00e5 fick jag ytterligare ett bevis p\u00e5 varf\u00f6r jag gifte mig med den mannen. <br>Han var i full g\u00e5ng med att tv\u00e4tta soff\u00f6verdagen &lt;3<br>Bara f\u00f6r att jag ville ha det gjort med inte sj\u00e4lv orkade. Han \u00e4r verkligen ett exemplar f\u00f6r sig sj\u00e4lv och jag har haft en extrem tur att f\u00e5 ha honom i mitt liv.<br>I fredags skulle Emil \u00e5ka till moster igen. Men denna g\u00e5ngen skulle ha stanna hela 2 n\u00e4tter! Det  \u00e4r inte illa f\u00f6r att vara Emil. F\u00f6rr var det en v\u00e4ldans massa gr\u00e5t och panik \u00f6ver att inte vara med oss s\u00e5 detta kom som en h\u00e4rlig \u00f6verraskning n\u00e4r han sj\u00e4lv valde att sova d\u00e4r.<br>Liam fick \u00e4ran att \u00e5ka t\u00e5g med Emil. Liam fick ett sommarkort i f\u00f6rtidig f\u00f6delsedagspresent s\u00e5 d\u00e5 passade det utm\u00e4rkt att han tog t\u00e5get med lillebror. Och b\u00e5da var riktigt stolta \u00f6ver att f\u00e5 denna uppgift.<br>Jag och mannen passade p\u00e5 att njuta lite extra av lugnet s\u00e5 vi k\u00f6rde ner till stan, gick inom systemet och sen gick vi p\u00e5 kinabuff\u00e9. *nom nom*<br>P\u00e5 l\u00f6rdagen var det \u00e5ter dags att st\u00e4lla klockan. Men d\u00e5 var det br\u00f6llopsdags \ud83d\ude00<br>S\u00e5 vi packade ihop v\u00e5ra saker och begav oss till Marieholm igen.<br>D\u00e4r blev det fix och dricka inf\u00f6r dagens \u00e4rofyllda mening.<br>Det var varmt och kvavt och liiiite stressigt d\u00e5 vissa saker kunde varit gjorda dagen innan.<br>Men oavsett vilket s\u00e5 skulle br\u00f6llopet \u00e4nd\u00e5 bli av och det blev det.<br>Alex och Emelie \u00e4r nu \u00e4ven dom en fullbordad Meilstrup familj.<br>Vilket inneb\u00e4r att klanen blir st\u00f6rre och st\u00f6rre och i oktober kommer d\u00e4r \u00e4nnu en liten medlem in i sl\u00e4kten.<br>Det var ett v\u00e4ldigt fint och avslappnat br\u00f6llop och vi var hemma p\u00e5 eftermiddagen och kunde bara d\u00f6 i soffan resten av kv\u00e4llen sen.<br>I s\u00f6ndags var det <strong>v\u00e5r<\/strong> dag! 6 \u00e5r som man &amp; fru! Det firades med att k\u00f6pa hem sushi till mannen och kinamat till mig.<br>Jag smakade visserligen n\u00e5gon sushi bit och jag m\u00e5ste s\u00e4ga att denna g\u00e5ngen var det helt okej. Man kanske skulle ge det en chans n\u00e5gon g\u00e5ng.<br>Det var bara vi hemma s\u00e5 vi passade p\u00e5 att bara vara.<br>Eller ja. Jag tyckte inte att vi beh\u00f6vde g\u00f6ra n\u00e5got speciellt under dagen s\u00e5 jag b\u00f6rjade rensa i tr\u00e4dg\u00e5rden.<br>Min make var inte av samma tanke och det blev en liten konflikt mellan oss. <br>Men det l\u00f6ste ju sig till sist. <br>Ibland undrar jag var jag har tappat mitt sinne f\u00f6r romantik. Jag har verkligen inget!<br>Det \u00e4r Totte som sk\u00f6ter allt det romantiska i denna familjen. Och han g\u00f6r det med bravur. D\u00e4r \u00e4r ingen som kan sl\u00e5 honom i uppvaktning och romantiska id\u00e9er.<br>Jag kan bli lite irriterad \u00f6ver det ibland. Jag kan f\u00e5 id\u00e9er men oftast \u00e4r dom spontana och inte genomf\u00f6rbara vid det tillf\u00e4llet.<br>Men det h\u00e4r med att planera \u00e4r inte min starka sida.<br>Har aldrig varit! <br>Jag kan minnas att min mamma alltid blev s\u00e5 besviken n\u00e4r det var typ morsdag eller hennes f\u00f6delsedag eller liknande och jag inte hade k\u00f6pt n\u00e5got eller ens t\u00e4nkt p\u00e5 det. Hon menade p\u00e5 att det inte borde komma som n\u00e5gon \u00f6verraskning. Det \u00e4r samma datum <strong>varje \u00e5r!<\/strong><br>Men \u00e4nd\u00e5 s\u00e5 kom jag tomh\u00e4nt.<br>Min syster d\u00e4remot! Hon var den som kunde planera in saker och ting in i minsta detalj. <br>Det fanns inga luckor i hennes planeringar. Dom klaffade alltid.<br>Skulle vi p\u00e5 utflykt s\u00e5 hade hon hela dagen planerad. Hon hade mats\u00e4ck och allt fixad redan dagen innan.<br>Det \u00e4r n\u00e5got jag alltid avundats henne. Jag hade ocks\u00e5 velat ha den f\u00f6rm\u00e5gan. <br>Nu \u00e4r hon tyv\u00e4rr inte den m\u00e4nniskan l\u00e4ngre. Hennes utmattning har tyv\u00e4rr gjort att hon inte klarar av alla dom bollarna l\u00e4ngre.<br>Men \u00e4ven nu f\u00e5r hon saker och ting att h\u00e4nda.<br>Jag f\u00e5r v\u00e4l helt enkelt acceptera att det inte meningen att jag ska g\u00f6ra dom sakerna.<br>Jag fasar f\u00f6r om vi n\u00e5gonsin ska \u00e5ka p\u00e5 utlandssemester! *J\u00f6sses* Ha foton redo s\u00e5 ni kan s\u00f6ka upp oss n\u00e4r vi v\u00e4l hamnar i ett helt annat land \ud83d\ude09<br>Iaf. Emil kom hem p\u00e5 s\u00f6ndagskv\u00e4llen och som vi hade saknat honom! I typ 10 minuter. F\u00f6r n\u00e4r hans f\u00f6tter v\u00e4l steg ut ur bilen s\u00e5 b\u00f6rjade munnen. Den ungen kan snacka. Men det \u00e4r inte s\u00e5 att d\u00e4r \u00e4r n\u00e5gon r\u00f6dtr\u00e5d! N\u00e4 han tappar ju vad han pratar om och en ny sak tas upp hela tiden!<br>Jag hoppas verkligen att skolan startar en utredning p\u00e5 honom nu i 1:an s han kanske kan f\u00e5 den hj\u00e4lpen han beh\u00f6ver f\u00f6r att f\u00e5 tyst p\u00e5 huvudet lite. Hans huvud \u00e4r aldrig stilla.<br>Jo n\u00e4r han sitter p\u00e5 med plattan men d\u00e5 st\u00e4nger den av helt och han blir korkad ist\u00e4llet. Och det \u00e4r inte en bra kombo n\u00e4r man \u00e4r s\u00e5 smart som Emil \u00e4r.<br>Vi f\u00e5r v\u00e4l helt enkelt se vad framtiden kommer med.<br>I m\u00e5ndags hade jag en helt underbar dag!<br>Mannen och Emil spenderade hela dagen med att sk\u00e4mma bort mig, eller som Emil s\u00e4ger. Sk\u00e4mma ut mig ;-D<br>Jag fick ansiktsmask, bad i spaet, vanligt bad med bubbel att dricka, massage, fotv\u00e5rd och fotmassage. Jag blev helt enkelt ompysslad hela dagen. Jag beh\u00f6vde\/fick inte lyfta ett finger. Helt underbart. <br>Jag blev lite rastl\u00f6s fram\u00e5t kv\u00e4llen bara men det fick jag k\u00e4mpa mig genom.<br>Som sagt, han kan han.<br>Ig\u00e5r (tisdag) s\u00e5 tyckte jag att det fick r\u00e4cka med att ta det lugnt och satte mig och gick genom lite olika st\u00e4llen och aktiviteter som vi kunde hitta p\u00e5 med under resten av semestern. S\u00e5 ig\u00e5r blev det att vi \u00e5kte till S\u00f6der\u00e5sen\/Sk\u00e4ralid.<br>Emil ville ha Avalon med sig och som tur var s\u00e5 gick det.<br>Det r\u00e5kade bli en liiiite l\u00e4ngre str\u00e4cka \u00e4n vad det var planerat fr\u00e5n b\u00f6rjan. Jag tror att vi gick 1,5mil. I kuperadterr\u00e4ng!<br>Grabbarna var riktigt duktiga. Det blev lite motigt vid n\u00e5gra enstaka tillf\u00e4llen men s\u00e5 d\u00e4r i efterhand s\u00e5 kan man f\u00f6rst\u00e5 det. Efter en 3 timmars vandring s\u00e5 var det riktigt sk\u00f6nt att s\u00e4tta sig i bilen.<br>Vi stannade till p\u00e5 Emmaus p\u00e5 v\u00e4gen hem. Jag fyndade en ny skinnjacka och ett par short (med flamingos p\u00e5) Mannen hittade dom.<br>Idag blir det en hemma dag.<br>Jag f\u00e5r ta tag i mitt tr\u00e4dg\u00e5rdsland som jag f\u00f6rsummat ett tag.<br>Det \u00e4r ju perfekt v\u00e4der om inget annat \ud83d\ude09<br>Ha det nu b\u00e4st tills vi h\u00f6rs igen!<br><\/p>\n\n\n\n<figure class=\"wp-block-gallery columns-3 is-cropped wp-block-gallery-1 is-layout-flex wp-block-gallery-is-layout-flex\"><ul class=\"blocks-gallery-grid\"><li class=\"blocks-gallery-item\"><figure><img loading=\"lazy\" decoding=\"async\" width=\"819\" height=\"1024\" src=\"https:\/\/mittsjukafriska.se\/wp-content\/uploads\/2021\/07\/IMG_20210706_191726_603-819x1024.jpg\" alt=\"\" data-id=\"2882\" data-full-url=\"https:\/\/mittsjukafriska.se\/wp-content\/uploads\/2021\/07\/IMG_20210706_191726_603.jpg\" data-link=\"https:\/\/mittsjukafriska.se\/?attachment_id=2882\" class=\"wp-image-2882\" srcset=\"https:\/\/mittsjukafriska.se\/wp-content\/uploads\/2021\/07\/IMG_20210706_191726_603-819x1024.jpg 819w, https:\/\/mittsjukafriska.se\/wp-content\/uploads\/2021\/07\/IMG_20210706_191726_603-240x300.jpg 240w, https:\/\/mittsjukafriska.se\/wp-content\/uploads\/2021\/07\/IMG_20210706_191726_603-768x960.jpg 768w, https:\/\/mittsjukafriska.se\/wp-content\/uploads\/2021\/07\/IMG_20210706_191726_603-1229x1536.jpg 1229w, https:\/\/mittsjukafriska.se\/wp-content\/uploads\/2021\/07\/IMG_20210706_191726_603-1140x1425.jpg 1140w, https:\/\/mittsjukafriska.se\/wp-content\/uploads\/2021\/07\/IMG_20210706_191726_603.jpg 1440w\" sizes=\"auto, (max-width: 819px) 100vw, 819px\" \/><\/figure><\/li><li class=\"blocks-gallery-item\"><figure><img loading=\"lazy\" decoding=\"async\" width=\"472\" height=\"1024\" src=\"https:\/\/mittsjukafriska.se\/wp-content\/uploads\/2021\/07\/IMG_20210706_151919-472x1024.jpg\" alt=\"\" data-id=\"2883\" data-full-url=\"https:\/\/mittsjukafriska.se\/wp-content\/uploads\/2021\/07\/IMG_20210706_151919-scaled.jpg\" data-link=\"https:\/\/mittsjukafriska.se\/?attachment_id=2883\" class=\"wp-image-2883\" srcset=\"https:\/\/mittsjukafriska.se\/wp-content\/uploads\/2021\/07\/IMG_20210706_151919-472x1024.jpg 472w, https:\/\/mittsjukafriska.se\/wp-content\/uploads\/2021\/07\/IMG_20210706_151919-138x300.jpg 138w, https:\/\/mittsjukafriska.se\/wp-content\/uploads\/2021\/07\/IMG_20210706_151919-768x1668.jpg 768w, https:\/\/mittsjukafriska.se\/wp-content\/uploads\/2021\/07\/IMG_20210706_151919-707x1536.jpg 707w, https:\/\/mittsjukafriska.se\/wp-content\/uploads\/2021\/07\/IMG_20210706_151919-943x2048.jpg 943w, https:\/\/mittsjukafriska.se\/wp-content\/uploads\/2021\/07\/IMG_20210706_151919-1140x2475.jpg 1140w, https:\/\/mittsjukafriska.se\/wp-content\/uploads\/2021\/07\/IMG_20210706_151919-scaled.jpg 1179w\" sizes=\"auto, (max-width: 472px) 100vw, 472px\" \/><\/figure><\/li><li class=\"blocks-gallery-item\"><figure><img loading=\"lazy\" decoding=\"async\" width=\"472\" height=\"1024\" src=\"https:\/\/mittsjukafriska.se\/wp-content\/uploads\/2021\/07\/IMG_20210706_144018-472x1024.jpg\" alt=\"\" data-id=\"2884\" data-full-url=\"https:\/\/mittsjukafriska.se\/wp-content\/uploads\/2021\/07\/IMG_20210706_144018-scaled.jpg\" data-link=\"https:\/\/mittsjukafriska.se\/?attachment_id=2884\" class=\"wp-image-2884\" srcset=\"https:\/\/mittsjukafriska.se\/wp-content\/uploads\/2021\/07\/IMG_20210706_144018-472x1024.jpg 472w, https:\/\/mittsjukafriska.se\/wp-content\/uploads\/2021\/07\/IMG_20210706_144018-138x300.jpg 138w, https:\/\/mittsjukafriska.se\/wp-content\/uploads\/2021\/07\/IMG_20210706_144018-768x1668.jpg 768w, https:\/\/mittsjukafriska.se\/wp-content\/uploads\/2021\/07\/IMG_20210706_144018-707x1536.jpg 707w, https:\/\/mittsjukafriska.se\/wp-content\/uploads\/2021\/07\/IMG_20210706_144018-943x2048.jpg 943w, https:\/\/mittsjukafriska.se\/wp-content\/uploads\/2021\/07\/IMG_20210706_144018-1140x2475.jpg 1140w, https:\/\/mittsjukafriska.se\/wp-content\/uploads\/2021\/07\/IMG_20210706_144018-scaled.jpg 1179w\" sizes=\"auto, (max-width: 472px) 100vw, 472px\" \/><\/figure><\/li><li class=\"blocks-gallery-item\"><figure><img loading=\"lazy\" decoding=\"async\" width=\"472\" height=\"1024\" src=\"https:\/\/mittsjukafriska.se\/wp-content\/uploads\/2021\/07\/IMG_20210706_132043-472x1024.jpg\" alt=\"\" data-id=\"2887\" data-full-url=\"https:\/\/mittsjukafriska.se\/wp-content\/uploads\/2021\/07\/IMG_20210706_132043-scaled.jpg\" data-link=\"https:\/\/mittsjukafriska.se\/?attachment_id=2887\" class=\"wp-image-2887\" srcset=\"https:\/\/mittsjukafriska.se\/wp-content\/uploads\/2021\/07\/IMG_20210706_132043-472x1024.jpg 472w, https:\/\/mittsjukafriska.se\/wp-content\/uploads\/2021\/07\/IMG_20210706_132043-138x300.jpg 138w, https:\/\/mittsjukafriska.se\/wp-content\/uploads\/2021\/07\/IMG_20210706_132043-768x1668.jpg 768w, https:\/\/mittsjukafriska.se\/wp-content\/uploads\/2021\/07\/IMG_20210706_132043-707x1536.jpg 707w, https:\/\/mittsjukafriska.se\/wp-content\/uploads\/2021\/07\/IMG_20210706_132043-943x2048.jpg 943w, https:\/\/mittsjukafriska.se\/wp-content\/uploads\/2021\/07\/IMG_20210706_132043-1140x2475.jpg 1140w, https:\/\/mittsjukafriska.se\/wp-content\/uploads\/2021\/07\/IMG_20210706_132043-scaled.jpg 1179w\" sizes=\"auto, (max-width: 472px) 100vw, 472px\" \/><\/figure><\/li><li class=\"blocks-gallery-item\"><figure><img loading=\"lazy\" decoding=\"async\" width=\"1024\" height=\"474\" src=\"https:\/\/mittsjukafriska.se\/wp-content\/uploads\/2021\/07\/IMG_20210706_125210-1024x474.jpg\" alt=\"\" data-id=\"2888\" data-full-url=\"https:\/\/mittsjukafriska.se\/wp-content\/uploads\/2021\/07\/IMG_20210706_125210-scaled.jpg\" data-link=\"https:\/\/mittsjukafriska.se\/?attachment_id=2888\" class=\"wp-image-2888\" srcset=\"https:\/\/mittsjukafriska.se\/wp-content\/uploads\/2021\/07\/IMG_20210706_125210-1024x474.jpg 1024w, https:\/\/mittsjukafriska.se\/wp-content\/uploads\/2021\/07\/IMG_20210706_125210-300x139.jpg 300w, https:\/\/mittsjukafriska.se\/wp-content\/uploads\/2021\/07\/IMG_20210706_125210-768x355.jpg 768w, https:\/\/mittsjukafriska.se\/wp-content\/uploads\/2021\/07\/IMG_20210706_125210-1536x710.jpg 1536w, https:\/\/mittsjukafriska.se\/wp-content\/uploads\/2021\/07\/IMG_20210706_125210-2048x947.jpg 2048w, https:\/\/mittsjukafriska.se\/wp-content\/uploads\/2021\/07\/IMG_20210706_125210-1140x527.jpg 1140w\" sizes=\"auto, (max-width: 1024px) 100vw, 1024px\" \/><\/figure><\/li><li class=\"blocks-gallery-item\"><figure><img loading=\"lazy\" decoding=\"async\" width=\"819\" height=\"1024\" src=\"https:\/\/mittsjukafriska.se\/wp-content\/uploads\/2021\/07\/IMG_20210705_083609_558-819x1024.jpg\" alt=\"\" data-id=\"2889\" data-full-url=\"https:\/\/mittsjukafriska.se\/wp-content\/uploads\/2021\/07\/IMG_20210705_083609_558.jpg\" data-link=\"https:\/\/mittsjukafriska.se\/?attachment_id=2889\" class=\"wp-image-2889\" srcset=\"https:\/\/mittsjukafriska.se\/wp-content\/uploads\/2021\/07\/IMG_20210705_083609_558-819x1024.jpg 819w, https:\/\/mittsjukafriska.se\/wp-content\/uploads\/2021\/07\/IMG_20210705_083609_558-240x300.jpg 240w, https:\/\/mittsjukafriska.se\/wp-content\/uploads\/2021\/07\/IMG_20210705_083609_558-768x960.jpg 768w, https:\/\/mittsjukafriska.se\/wp-content\/uploads\/2021\/07\/IMG_20210705_083609_558-1229x1536.jpg 1229w, https:\/\/mittsjukafriska.se\/wp-content\/uploads\/2021\/07\/IMG_20210705_083609_558-1638x2048.jpg 1638w, https:\/\/mittsjukafriska.se\/wp-content\/uploads\/2021\/07\/IMG_20210705_083609_558-1140x1425.jpg 1140w, https:\/\/mittsjukafriska.se\/wp-content\/uploads\/2021\/07\/IMG_20210705_083609_558.jpg 1680w\" sizes=\"auto, (max-width: 819px) 100vw, 819px\" \/><\/figure><\/li><li class=\"blocks-gallery-item\"><figure><img loading=\"lazy\" decoding=\"async\" width=\"472\" height=\"1024\" src=\"https:\/\/mittsjukafriska.se\/wp-content\/uploads\/2021\/07\/IMG_20210704_200513-472x1024.jpg\" alt=\"\" data-id=\"2890\" data-full-url=\"https:\/\/mittsjukafriska.se\/wp-content\/uploads\/2021\/07\/IMG_20210704_200513-scaled.jpg\" data-link=\"https:\/\/mittsjukafriska.se\/?attachment_id=2890\" class=\"wp-image-2890\" srcset=\"https:\/\/mittsjukafriska.se\/wp-content\/uploads\/2021\/07\/IMG_20210704_200513-472x1024.jpg 472w, https:\/\/mittsjukafriska.se\/wp-content\/uploads\/2021\/07\/IMG_20210704_200513-138x300.jpg 138w, https:\/\/mittsjukafriska.se\/wp-content\/uploads\/2021\/07\/IMG_20210704_200513-768x1668.jpg 768w, https:\/\/mittsjukafriska.se\/wp-content\/uploads\/2021\/07\/IMG_20210704_200513-707x1536.jpg 707w, https:\/\/mittsjukafriska.se\/wp-content\/uploads\/2021\/07\/IMG_20210704_200513-943x2048.jpg 943w, https:\/\/mittsjukafriska.se\/wp-content\/uploads\/2021\/07\/IMG_20210704_200513-1140x2475.jpg 1140w, https:\/\/mittsjukafriska.se\/wp-content\/uploads\/2021\/07\/IMG_20210704_200513-scaled.jpg 1179w\" sizes=\"auto, (max-width: 472px) 100vw, 472px\" \/><figcaption class=\"blocks-gallery-item__caption\">tr\u00f6tt hund &#x1f602;<\/figcaption><\/figure><\/li><li class=\"blocks-gallery-item\"><figure><img loading=\"lazy\" decoding=\"async\" width=\"472\" height=\"1024\" src=\"https:\/\/mittsjukafriska.se\/wp-content\/uploads\/2021\/07\/IMG_20210704_121153-472x1024.jpg\" alt=\"\" data-id=\"2891\" data-full-url=\"https:\/\/mittsjukafriska.se\/wp-content\/uploads\/2021\/07\/IMG_20210704_121153-scaled.jpg\" data-link=\"https:\/\/mittsjukafriska.se\/?attachment_id=2891\" class=\"wp-image-2891\" srcset=\"https:\/\/mittsjukafriska.se\/wp-content\/uploads\/2021\/07\/IMG_20210704_121153-472x1024.jpg 472w, https:\/\/mittsjukafriska.se\/wp-content\/uploads\/2021\/07\/IMG_20210704_121153-138x300.jpg 138w, https:\/\/mittsjukafriska.se\/wp-content\/uploads\/2021\/07\/IMG_20210704_121153-768x1668.jpg 768w, https:\/\/mittsjukafriska.se\/wp-content\/uploads\/2021\/07\/IMG_20210704_121153-707x1536.jpg 707w, https:\/\/mittsjukafriska.se\/wp-content\/uploads\/2021\/07\/IMG_20210704_121153-943x2048.jpg 943w, https:\/\/mittsjukafriska.se\/wp-content\/uploads\/2021\/07\/IMG_20210704_121153-1140x2475.jpg 1140w, https:\/\/mittsjukafriska.se\/wp-content\/uploads\/2021\/07\/IMG_20210704_121153-scaled.jpg 1179w\" sizes=\"auto, (max-width: 472px) 100vw, 472px\" \/><\/figure><\/li><li class=\"blocks-gallery-item\"><figure><img loading=\"lazy\" decoding=\"async\" width=\"819\" height=\"1024\" src=\"https:\/\/mittsjukafriska.se\/wp-content\/uploads\/2021\/07\/IMG_20210704_095414_345-819x1024.jpg\" alt=\"\" data-id=\"2892\" data-full-url=\"https:\/\/mittsjukafriska.se\/wp-content\/uploads\/2021\/07\/IMG_20210704_095414_345.jpg\" data-link=\"https:\/\/mittsjukafriska.se\/?attachment_id=2892\" class=\"wp-image-2892\" srcset=\"https:\/\/mittsjukafriska.se\/wp-content\/uploads\/2021\/07\/IMG_20210704_095414_345-819x1024.jpg 819w, https:\/\/mittsjukafriska.se\/wp-content\/uploads\/2021\/07\/IMG_20210704_095414_345-240x300.jpg 240w, https:\/\/mittsjukafriska.se\/wp-content\/uploads\/2021\/07\/IMG_20210704_095414_345-768x960.jpg 768w, https:\/\/mittsjukafriska.se\/wp-content\/uploads\/2021\/07\/IMG_20210704_095414_345.jpg 968w\" sizes=\"auto, (max-width: 819px) 100vw, 819px\" \/><\/figure><\/li><li class=\"blocks-gallery-item\"><figure><img loading=\"lazy\" decoding=\"async\" width=\"1024\" height=\"768\" src=\"https:\/\/mittsjukafriska.se\/wp-content\/uploads\/2021\/07\/received_497961821433396-1024x768.jpeg\" alt=\"\" data-id=\"2893\" data-full-url=\"https:\/\/mittsjukafriska.se\/wp-content\/uploads\/2021\/07\/received_497961821433396.jpeg\" data-link=\"https:\/\/mittsjukafriska.se\/?attachment_id=2893\" class=\"wp-image-2893\" srcset=\"https:\/\/mittsjukafriska.se\/wp-content\/uploads\/2021\/07\/received_497961821433396-1024x768.jpeg 1024w, https:\/\/mittsjukafriska.se\/wp-content\/uploads\/2021\/07\/received_497961821433396-300x225.jpeg 300w, https:\/\/mittsjukafriska.se\/wp-content\/uploads\/2021\/07\/received_497961821433396-768x576.jpeg 768w, https:\/\/mittsjukafriska.se\/wp-content\/uploads\/2021\/07\/received_497961821433396-1536x1152.jpeg 1536w, https:\/\/mittsjukafriska.se\/wp-content\/uploads\/2021\/07\/received_497961821433396-1140x855.jpeg 1140w, https:\/\/mittsjukafriska.se\/wp-content\/uploads\/2021\/07\/received_497961821433396.jpeg 2048w\" sizes=\"auto, (max-width: 1024px) 100vw, 1024px\" \/><\/figure><\/li><li class=\"blocks-gallery-item\"><figure><img loading=\"lazy\" decoding=\"async\" width=\"1024\" height=\"1024\" src=\"https:\/\/mittsjukafriska.se\/wp-content\/uploads\/2021\/07\/IMG_20210703_125931_503-1024x1024.jpg\" alt=\"\" data-id=\"2894\" data-full-url=\"https:\/\/mittsjukafriska.se\/wp-content\/uploads\/2021\/07\/IMG_20210703_125931_503.jpg\" data-link=\"https:\/\/mittsjukafriska.se\/?attachment_id=2894\" class=\"wp-image-2894\" srcset=\"https:\/\/mittsjukafriska.se\/wp-content\/uploads\/2021\/07\/IMG_20210703_125931_503-1024x1024.jpg 1024w, https:\/\/mittsjukafriska.se\/wp-content\/uploads\/2021\/07\/IMG_20210703_125931_503-300x300.jpg 300w, https:\/\/mittsjukafriska.se\/wp-content\/uploads\/2021\/07\/IMG_20210703_125931_503-150x150.jpg 150w, https:\/\/mittsjukafriska.se\/wp-content\/uploads\/2021\/07\/IMG_20210703_125931_503-768x768.jpg 768w, https:\/\/mittsjukafriska.se\/wp-content\/uploads\/2021\/07\/IMG_20210703_125931_503-1140x1140.jpg 1140w, https:\/\/mittsjukafriska.se\/wp-content\/uploads\/2021\/07\/IMG_20210703_125931_503-75x75.jpg 75w, https:\/\/mittsjukafriska.se\/wp-content\/uploads\/2021\/07\/IMG_20210703_125931_503.jpg 1440w\" sizes=\"auto, (max-width: 1024px) 100vw, 1024px\" \/><\/figure><\/li><li class=\"blocks-gallery-item\"><figure><img loading=\"lazy\" decoding=\"async\" width=\"472\" height=\"1024\" src=\"https:\/\/mittsjukafriska.se\/wp-content\/uploads\/2021\/07\/IMG_20210703_124718-472x1024.jpg\" alt=\"\" data-id=\"2895\" data-full-url=\"https:\/\/mittsjukafriska.se\/wp-content\/uploads\/2021\/07\/IMG_20210703_124718-scaled.jpg\" data-link=\"https:\/\/mittsjukafriska.se\/?attachment_id=2895\" class=\"wp-image-2895\" srcset=\"https:\/\/mittsjukafriska.se\/wp-content\/uploads\/2021\/07\/IMG_20210703_124718-472x1024.jpg 472w, https:\/\/mittsjukafriska.se\/wp-content\/uploads\/2021\/07\/IMG_20210703_124718-138x300.jpg 138w, https:\/\/mittsjukafriska.se\/wp-content\/uploads\/2021\/07\/IMG_20210703_124718-768x1668.jpg 768w, https:\/\/mittsjukafriska.se\/wp-content\/uploads\/2021\/07\/IMG_20210703_124718-707x1536.jpg 707w, https:\/\/mittsjukafriska.se\/wp-content\/uploads\/2021\/07\/IMG_20210703_124718-943x2048.jpg 943w, https:\/\/mittsjukafriska.se\/wp-content\/uploads\/2021\/07\/IMG_20210703_124718-1140x2475.jpg 1140w, https:\/\/mittsjukafriska.se\/wp-content\/uploads\/2021\/07\/IMG_20210703_124718-scaled.jpg 1179w\" sizes=\"auto, (max-width: 472px) 100vw, 472px\" \/><\/figure><\/li><li class=\"blocks-gallery-item\"><figure><img loading=\"lazy\" decoding=\"async\" width=\"472\" height=\"1024\" src=\"https:\/\/mittsjukafriska.se\/wp-content\/uploads\/2021\/07\/IMG_20210702_154722-472x1024.jpg\" alt=\"\" data-id=\"2898\" data-full-url=\"https:\/\/mittsjukafriska.se\/wp-content\/uploads\/2021\/07\/IMG_20210702_154722-scaled.jpg\" data-link=\"https:\/\/mittsjukafriska.se\/?attachment_id=2898\" class=\"wp-image-2898\" srcset=\"https:\/\/mittsjukafriska.se\/wp-content\/uploads\/2021\/07\/IMG_20210702_154722-472x1024.jpg 472w, https:\/\/mittsjukafriska.se\/wp-content\/uploads\/2021\/07\/IMG_20210702_154722-138x300.jpg 138w, https:\/\/mittsjukafriska.se\/wp-content\/uploads\/2021\/07\/IMG_20210702_154722-768x1668.jpg 768w, https:\/\/mittsjukafriska.se\/wp-content\/uploads\/2021\/07\/IMG_20210702_154722-707x1536.jpg 707w, https:\/\/mittsjukafriska.se\/wp-content\/uploads\/2021\/07\/IMG_20210702_154722-943x2048.jpg 943w, https:\/\/mittsjukafriska.se\/wp-content\/uploads\/2021\/07\/IMG_20210702_154722-1140x2475.jpg 1140w, https:\/\/mittsjukafriska.se\/wp-content\/uploads\/2021\/07\/IMG_20210702_154722-scaled.jpg 1179w\" sizes=\"auto, (max-width: 472px) 100vw, 472px\" \/><\/figure><\/li><li class=\"blocks-gallery-item\"><figure><img loading=\"lazy\" decoding=\"async\" width=\"472\" height=\"1024\" src=\"https:\/\/mittsjukafriska.se\/wp-content\/uploads\/2021\/07\/IMG_20210703_114652-472x1024.jpg\" alt=\"\" data-id=\"2896\" data-full-url=\"https:\/\/mittsjukafriska.se\/wp-content\/uploads\/2021\/07\/IMG_20210703_114652-scaled.jpg\" data-link=\"https:\/\/mittsjukafriska.se\/?attachment_id=2896\" class=\"wp-image-2896\" srcset=\"https:\/\/mittsjukafriska.se\/wp-content\/uploads\/2021\/07\/IMG_20210703_114652-472x1024.jpg 472w, https:\/\/mittsjukafriska.se\/wp-content\/uploads\/2021\/07\/IMG_20210703_114652-138x300.jpg 138w, https:\/\/mittsjukafriska.se\/wp-content\/uploads\/2021\/07\/IMG_20210703_114652-768x1667.jpg 768w, https:\/\/mittsjukafriska.se\/wp-content\/uploads\/2021\/07\/IMG_20210703_114652-708x1536.jpg 708w, https:\/\/mittsjukafriska.se\/wp-content\/uploads\/2021\/07\/IMG_20210703_114652-944x2048.jpg 944w, https:\/\/mittsjukafriska.se\/wp-content\/uploads\/2021\/07\/IMG_20210703_114652-1140x2474.jpg 1140w, https:\/\/mittsjukafriska.se\/wp-content\/uploads\/2021\/07\/IMG_20210703_114652-scaled.jpg 1180w\" sizes=\"auto, (max-width: 472px) 100vw, 472px\" \/><\/figure><\/li><li class=\"blocks-gallery-item\"><figure><img loading=\"lazy\" decoding=\"async\" width=\"819\" height=\"1024\" src=\"https:\/\/mittsjukafriska.se\/wp-content\/uploads\/2021\/07\/IMG_20210702_195948_501-819x1024.jpg\" alt=\"\" data-id=\"2897\" data-full-url=\"https:\/\/mittsjukafriska.se\/wp-content\/uploads\/2021\/07\/IMG_20210702_195948_501.jpg\" data-link=\"https:\/\/mittsjukafriska.se\/?attachment_id=2897\" class=\"wp-image-2897\" srcset=\"https:\/\/mittsjukafriska.se\/wp-content\/uploads\/2021\/07\/IMG_20210702_195948_501-819x1024.jpg 819w, https:\/\/mittsjukafriska.se\/wp-content\/uploads\/2021\/07\/IMG_20210702_195948_501-240x300.jpg 240w, https:\/\/mittsjukafriska.se\/wp-content\/uploads\/2021\/07\/IMG_20210702_195948_501-768x960.jpg 768w, https:\/\/mittsjukafriska.se\/wp-content\/uploads\/2021\/07\/IMG_20210702_195948_501-1229x1536.jpg 1229w, https:\/\/mittsjukafriska.se\/wp-content\/uploads\/2021\/07\/IMG_20210702_195948_501-1638x2048.jpg 1638w, https:\/\/mittsjukafriska.se\/wp-content\/uploads\/2021\/07\/IMG_20210702_195948_501-1140x1425.jpg 1140w, https:\/\/mittsjukafriska.se\/wp-content\/uploads\/2021\/07\/IMG_20210702_195948_501.jpg 1680w\" sizes=\"auto, (max-width: 819px) 100vw, 819px\" \/><\/figure><\/li><\/ul><\/figure>\n\n\n\n<figure class=\"wp-block-image size-large\"><img loading=\"lazy\" decoding=\"async\" width=\"472\" height=\"1024\" src=\"https:\/\/mittsjukafriska.se\/wp-content\/uploads\/2021\/07\/IMG_20210706_134039-2-472x1024.jpg\" alt=\"\" class=\"wp-image-2899\" srcset=\"https:\/\/mittsjukafriska.se\/wp-content\/uploads\/2021\/07\/IMG_20210706_134039-2-472x1024.jpg 472w, https:\/\/mittsjukafriska.se\/wp-content\/uploads\/2021\/07\/IMG_20210706_134039-2-138x300.jpg 138w, https:\/\/mittsjukafriska.se\/wp-content\/uploads\/2021\/07\/IMG_20210706_134039-2-768x1668.jpg 768w, https:\/\/mittsjukafriska.se\/wp-content\/uploads\/2021\/07\/IMG_20210706_134039-2-707x1536.jpg 707w, https:\/\/mittsjukafriska.se\/wp-content\/uploads\/2021\/07\/IMG_20210706_134039-2-943x2048.jpg 943w, https:\/\/mittsjukafriska.se\/wp-content\/uploads\/2021\/07\/IMG_20210706_134039-2-1140x2475.jpg 1140w, https:\/\/mittsjukafriska.se\/wp-content\/uploads\/2021\/07\/IMG_20210706_134039-2-scaled.jpg 1179w\" sizes=\"auto, (max-width: 472px) 100vw, 472px\" \/><\/figure>\n","protected":false},"excerpt":{"rendered":"<p>I torsdags beh\u00f6vde jag st\u00e4lla klockan f\u00f6r f\u00f6rsta g\u00e5ngen p\u00e5 semestern. Jag skulle till Marieholm f\u00f6r att bygga naglar till det stundande br\u00f6llopet. &lt;3N\u00e4r jag kom hem sen s\u00e5 fick jag ytterligare ett bevis p\u00e5 varf\u00f6r jag gifte mig med den mannen. Han var i full g\u00e5ng med att tv\u00e4tta soff\u00f6verdagen &lt;3Bara f\u00f6r att jag ville ha det gjort med inte sj\u00e4lv orkade. Han \u00e4r verkligen ett exemplar f\u00f6r sig sj\u00e4lv och jag har haft en extrem tur att f\u00e5 ha honom i mitt liv.I fredags skulle Emil \u00e5ka till moster igen. Men denna g\u00e5ngen skulle ha stanna hela 2 n\u00e4tter! Det \u00e4r inte illa f\u00f6r att vara Emil. F\u00f6rr var det en v\u00e4ldans massa gr\u00e5t och panik \u00f6ver att inte vara med oss s\u00e5 detta kom som en h\u00e4rlig \u00f6verraskning n\u00e4r han sj\u00e4lv valde att sova d\u00e4r.Liam fick \u00e4ran att \u00e5ka t\u00e5g med Emil. Liam fick ett sommarkort i f\u00f6rtidig f\u00f6delsedagspresent s\u00e5 d\u00e5 passade det utm\u00e4rkt att han tog t\u00e5get med lillebror. Och b\u00e5da var riktigt stolta \u00f6ver att f\u00e5 denna uppgift.Jag och mannen passade p\u00e5 att njuta lite extra av lugnet s\u00e5 vi k\u00f6rde ner till stan, gick inom systemet och sen gick vi p\u00e5 kinabuff\u00e9. *nom nom*P\u00e5 l\u00f6rdagen var det \u00e5ter dags att st\u00e4lla klockan. Men d\u00e5 var det br\u00f6llopsdags \ud83d\ude00S\u00e5 vi packade ihop v\u00e5ra saker och begav oss till Marieholm igen.D\u00e4r blev det fix och dricka inf\u00f6r dagens \u00e4rofyllda mening.Det var varmt och kvavt och liiiite stressigt d\u00e5 vissa saker kunde varit gjorda dagen innan.Men oavsett vilket s\u00e5 skulle br\u00f6llopet \u00e4nd\u00e5 bli av och det blev det.Alex och Emelie \u00e4r nu \u00e4ven dom en fullbordad Meilstrup familj.Vilket inneb\u00e4r att klanen blir st\u00f6rre och st\u00f6rre och i oktober kommer d\u00e4r \u00e4nnu en liten medlem in i sl\u00e4kten.Det var ett v\u00e4ldigt fint och avslappnat br\u00f6llop och vi var hemma p\u00e5 eftermiddagen och kunde bara d\u00f6 i soffan resten av kv\u00e4llen sen.I s\u00f6ndags var det v\u00e5r dag! 6 \u00e5r som man &amp; fru! Det firades med att k\u00f6pa hem sushi till mannen och kinamat till mig.Jag smakade visserligen n\u00e5gon sushi bit och jag m\u00e5ste s\u00e4ga att denna g\u00e5ngen var det helt okej. Man kanske skulle ge det en chans n\u00e5gon g\u00e5ng.Det var bara vi hemma s\u00e5 vi passade p\u00e5 att bara vara.Eller ja. Jag tyckte inte att vi beh\u00f6vde g\u00f6ra n\u00e5got speciellt under dagen s\u00e5 jag b\u00f6rjade rensa i tr\u00e4dg\u00e5rden.Min make var inte av samma tanke och det blev en liten konflikt mellan oss. Men det l\u00f6ste ju sig till sist. Ibland undrar jag var jag har tappat mitt sinne f\u00f6r romantik. Jag har verkligen inget!Det \u00e4r Totte som sk\u00f6ter allt det romantiska i denna familjen. Och han g\u00f6r det med bravur. D\u00e4r \u00e4r ingen som kan sl\u00e5 honom i uppvaktning och romantiska id\u00e9er.Jag kan bli lite irriterad \u00f6ver det ibland. Jag kan f\u00e5 id\u00e9er men oftast \u00e4r dom spontana och inte genomf\u00f6rbara vid det tillf\u00e4llet.Men det h\u00e4r med att planera \u00e4r inte min starka sida.Har aldrig varit! Jag kan minnas att min mamma alltid blev s\u00e5 besviken n\u00e4r det var typ morsdag eller hennes f\u00f6delsedag eller liknande och jag inte hade k\u00f6pt n\u00e5got eller ens t\u00e4nkt p\u00e5 det. Hon menade p\u00e5 att det inte borde komma som n\u00e5gon \u00f6verraskning. Det \u00e4r samma datum varje \u00e5r!Men \u00e4nd\u00e5 s\u00e5 kom jag tomh\u00e4nt.Min syster d\u00e4remot! Hon var den som kunde planera in saker och ting in i minsta detalj. Det fanns inga luckor i hennes planeringar. Dom klaffade alltid.Skulle vi p\u00e5 utflykt s\u00e5 hade hon hela dagen planerad. Hon hade mats\u00e4ck och allt fixad redan dagen innan.Det \u00e4r n\u00e5got jag alltid avundats henne. Jag hade ocks\u00e5 velat ha den f\u00f6rm\u00e5gan. Nu \u00e4r hon tyv\u00e4rr inte den m\u00e4nniskan l\u00e4ngre. Hennes utmattning har tyv\u00e4rr gjort att hon inte klarar av alla dom bollarna l\u00e4ngre.Men \u00e4ven nu f\u00e5r hon saker och ting att h\u00e4nda.Jag f\u00e5r v\u00e4l helt enkelt acceptera att det inte meningen att jag ska g\u00f6ra dom sakerna.Jag fasar f\u00f6r om vi n\u00e5gonsin ska \u00e5ka p\u00e5 utlandssemester! *J\u00f6sses* Ha foton redo s\u00e5 ni kan s\u00f6ka upp oss n\u00e4r vi v\u00e4l hamnar i ett helt annat land \ud83d\ude09Iaf. Emil kom hem p\u00e5 s\u00f6ndagskv\u00e4llen och som vi hade saknat honom! I typ 10 minuter. F\u00f6r n\u00e4r hans f\u00f6tter v\u00e4l steg ut ur bilen s\u00e5 b\u00f6rjade munnen. Den ungen kan snacka. Men det \u00e4r inte s\u00e5 att d\u00e4r \u00e4r n\u00e5gon r\u00f6dtr\u00e5d! N\u00e4 han tappar ju vad han pratar om och en ny sak tas upp hela tiden!Jag hoppas verkligen att skolan startar en utredning p\u00e5 honom nu i 1:an s han kanske kan f\u00e5 den hj\u00e4lpen han beh\u00f6ver f\u00f6r att f\u00e5 tyst p\u00e5 huvudet lite. Hans huvud \u00e4r aldrig stilla.Jo n\u00e4r han sitter p\u00e5 med plattan men d\u00e5 st\u00e4nger den av helt och han blir korkad ist\u00e4llet. Och det \u00e4r inte en bra kombo n\u00e4r man \u00e4r s\u00e5 smart som Emil \u00e4r.Vi f\u00e5r v\u00e4l helt enkelt se vad framtiden kommer med.I m\u00e5ndags hade jag en helt underbar dag!Mannen och Emil spenderade hela dagen med att sk\u00e4mma bort mig, eller som Emil s\u00e4ger. Sk\u00e4mma ut mig ;-DJag fick ansiktsmask, bad i spaet, vanligt bad med bubbel att dricka, massage, fotv\u00e5rd och fotmassage. Jag blev helt enkelt ompysslad hela dagen. Jag beh\u00f6vde\/fick inte lyfta ett finger. Helt underbart. Jag blev lite rastl\u00f6s fram\u00e5t kv\u00e4llen bara men det fick jag k\u00e4mpa mig genom.Som sagt, han kan han.Ig\u00e5r (tisdag) s\u00e5 tyckte jag att det fick r\u00e4cka med att ta det lugnt och satte mig och gick genom lite olika st\u00e4llen och aktiviteter som vi kunde hitta p\u00e5 med under resten av semestern. S\u00e5 ig\u00e5r blev det att vi \u00e5kte till S\u00f6der\u00e5sen\/Sk\u00e4ralid.Emil ville ha Avalon med sig och som tur var s\u00e5 gick det.Det r\u00e5kade bli en liiiite l\u00e4ngre str\u00e4cka \u00e4n vad det var planerat fr\u00e5n b\u00f6rjan. Jag tror att vi gick 1,5mil. I kuperadterr\u00e4ng!Grabbarna var riktigt duktiga. Det blev lite motigt vid n\u00e5gra enstaka tillf\u00e4llen men s\u00e5 d\u00e4r i efterhand s\u00e5 kan man f\u00f6rst\u00e5 det. Efter en 3 timmars vandring s\u00e5 var det riktigt sk\u00f6nt att s\u00e4tta sig i bilen.Vi stannade till p\u00e5 Emmaus p\u00e5 v\u00e4gen hem. Jag fyndade en ny skinnjacka och ett par short (med flamingos p\u00e5) Mannen hittade dom.Idag blir det en hemma dag.Jag f\u00e5r ta tag i mitt tr\u00e4dg\u00e5rdsland som jag f\u00f6rsummat ett tag.Det \u00e4r ju perfekt v\u00e4der om inget annat \ud83d\ude09Ha det nu b\u00e4st tills vi h\u00f6rs igen!<\/p>\n","protected":false},"author":3,"featured_media":0,"comment_status":"open","ping_status":"open","sticky":false,"template":"","format":"standard","meta":{"_jetpack_memberships_contains_paid_content":false,"footnotes":""},"categories":[1],"tags":[],"class_list":["post-2878","post","type-post","status-publish","format-standard","hentry","category-personligt"],"jetpack_featured_media_url":"","jetpack_sharing_enabled":true,"_links":{"self":[{"href":"https:\/\/mittsjukafriska.se\/index.php?rest_route=\/wp\/v2\/posts\/2878","targetHints":{"allow":["GET"]}}],"collection":[{"href":"https:\/\/mittsjukafriska.se\/index.php?rest_route=\/wp\/v2\/posts"}],"about":[{"href":"https:\/\/mittsjukafriska.se\/index.php?rest_route=\/wp\/v2\/types\/post"}],"author":[{"embeddable":true,"href":"https:\/\/mittsjukafriska.se\/index.php?rest_route=\/wp\/v2\/users\/3"}],"replies":[{"embeddable":true,"href":"https:\/\/mittsjukafriska.se\/index.php?rest_route=%2Fwp%2Fv2%2Fcomments&post=2878"}],"version-history":[{"count":3,"href":"https:\/\/mittsjukafriska.se\/index.php?rest_route=\/wp\/v2\/posts\/2878\/revisions"}],"predecessor-version":[{"id":2902,"href":"https:\/\/mittsjukafriska.se\/index.php?rest_route=\/wp\/v2\/posts\/2878\/revisions\/2902"}],"wp:attachment":[{"href":"https:\/\/mittsjukafriska.se\/index.php?rest_route=%2Fwp%2Fv2%2Fmedia&parent=2878"}],"wp:term":[{"taxonomy":"category","embeddable":true,"href":"https:\/\/mittsjukafriska.se\/index.php?rest_route=%2Fwp%2Fv2%2Fcategories&post=2878"},{"taxonomy":"post_tag","embeddable":true,"href":"https:\/\/mittsjukafriska.se\/index.php?rest_route=%2Fwp%2Fv2%2Ftags&post=2878"}],"curies":[{"name":"wp","href":"https:\/\/api.w.org\/{rel}","templated":true}]}}