{"id":2904,"date":"2021-07-11T22:18:48","date_gmt":"2021-07-11T21:18:48","guid":{"rendered":"https:\/\/mittsjukafriska.se\/?p=2904"},"modified":"2021-07-11T22:18:54","modified_gmt":"2021-07-11T21:18:54","slug":"fodelsedag-och-lata-dagar","status":"publish","type":"post","link":"https:\/\/mittsjukafriska.se\/?p=2904","title":{"rendered":"F\u00f6delsedag och lata dagar"},"content":{"rendered":"\n<p>Semestern forts\u00e4tter och vi njuter verkligen av den.<\/p>\n\n\n\n<p>Jag har \u00e4ntligen landat helt i att vara ledig. Just nu k\u00e4nns det som att jag hade kunnat ha minst 2 veckor till.<\/p>\n\n\n\n<p>I onsdags passade vi p\u00e5 att \u00e5ka ner till stan och ta en glass p\u00e5 det nya torget. S\u00e4ga vad man vill om tiden det har tagit och pengarna det har kostat. Men fint blev det och jag \u00e4lskar att dom gjort s\u00e5 att barnen kan leka fritt.<\/p>\n\n\n\n<p>P\u00e5 kv\u00e4llen dukade vi upp bordet d\u00e4r ute och tog ut tv:n f\u00f6r att kolla fotbollen. Mannen fick \u00e4ran att f\u00f6rst\u00e5 varf\u00f6r jag inte tittar p\u00e5 fotboll &#x1f602; Han fick s\u00e4ga till mig ett par g\u00e5nger att vi hade grannar som inte hade semester och att jag skulle d\u00e4mpa mig. &#x1f937;&#x1f3fc;&#x200d;&#x2640;&#xfe0f; Vad kan jag s\u00e4ga. Jag har inlevelse &#x1f602;<\/p>\n\n\n\n<p>Och p\u00e5 torsdag fyllde Liam <em>\u00e4ntligen <\/em><strong>15!<\/strong> Som han har l\u00e4ngtat till denna dagen. Han spenderade den med tjejen p\u00e5 badet.<\/p>\n\n\n\n<p>Han vill inte bli firad s\u00e5 &#x1f937;&#x1f3fc;&#x200d;&#x2640;&#xfe0f;<\/p>\n\n\n\n<p>Ibland undrar jag vad det \u00e4r f\u00f6r m\u00e4nniskor jag f\u00f6tt fram. Det d\u00e4r med traditionella saker \u00e4r inte alls deras grej och jag ska bara acceptera att det \u00e4r s\u00e5 tydligen &#x1f61d;&#x1f92f;<\/p>\n\n\n\n<p>Tr\u00e4dg\u00e5rden har f\u00e5tt sig lite k\u00e4rlek s\u00e5 \u00e4ven min lilla p\u00e4rla. Hon blev servad och tv\u00e4ttad av maken. Och i l\u00f6rdags var det dags f\u00f6r kalas i Vinsl\u00f6v. Anton har fyllt 18 och det firades med frukostkalas. Mannen har sovit riktigt d\u00e5ligt ett tag men den natten var det inte m\u00e5nga timmars s\u00f6mn han fick s\u00e5 resten av den dagen tog han det lugnt och jag passade p\u00e5 att st\u00e4da hemmet och f\u00e5 undan tv\u00e4tten. P\u00e5 kv\u00e4llen var det mys.<\/p>\n\n\n\n<p>Jag fick en crawing efter chips och dipp s\u00e5 det handlade vi in n\u00e4r vi k\u00f6rde hem fr\u00e5n Vinsl\u00f6v.<\/p>\n\n\n\n<p>Jennie. Du vet den kv\u00e4llen! Jag hade samma ig\u00e5r! Fy fan i helvete vad svullen jag blev och vi ska inte snacka om hur den gjorde sig till k\u00e4nna i princip hela natten &#x1f616;&#x1f644;<\/p>\n\n\n\n<p>Ja ja. Nu dr\u00f6jer det typ 6 m\u00e5nader tills jag g\u00f6r om detta f\u00f6r d\u00e5 har jag gl\u00f6mt det igen &#x1f602;<\/p>\n\n\n\n<p>Idag styrdes bilen upp till L\u00f6nsboda f\u00f6r att h\u00e4lsa p\u00e5 sv\u00e4rmor och Per.<\/p>\n\n\n\n<p>Eller ja det var planen fr\u00e5n b\u00f6rjan men i l\u00f6rdags, p\u00e5 kalaset, best\u00e4mde vi oss f\u00f6r att hj\u00e4lpa dom ist\u00e4llet. S\u00e5 hela dagen har g\u00e5tt \u00e5t att s\u00e5ga, klyva och flytta ved. <\/p>\n\n\n\n<p>Kan meddela att det inte var det lilla. Men jag \u00e4lskar det! D\u00e4r \u00e4r jag i mitt r\u00e4tta element. Det \u00e4r s\u00e5 jag ska bo! Jag ville inte \u00e5ka hem. Men jag hade lovat mini att vi skulle kolla p\u00e5 finalen.<\/p>\n\n\n\n<p>Och h\u00e4r \u00e4r vi nu &#x1f602;<\/p>\n\n\n\n<p>Vi hejar visserligen p\u00e5 England men jag m\u00e5ste s\u00e4ga att Italien verkligen \u00e4ger detta spelet. Det \u00e4r ju bl\u00e5tt \u00f6verallt.<\/p>\n\n\n\n<p>S\u00e5 nu h\u00e5ller vi helt enkelt tummarna f\u00f6r att England g\u00f6r m\u00e5l i f\u00f6rl\u00e4ngningen och kammar hem detta.<\/p>\n\n\n\n<p>N\u00e4r vi l\u00e4mnade sv\u00e4rmor s\u00e5 satt d\u00e4r en f\u00e5gel p\u00e5 v\u00e4gen. Vi tror att det \u00e4r en duvh\u00f6k. Men om n\u00e5gon annan \u00e4r mer s\u00e4ker s\u00e5 f\u00e5r ni g\u00e4rna ber\u00e4tta vad det \u00e4r f\u00f6r en.<\/p>\n\n\n\n<figure class=\"wp-block-gallery columns-3 is-cropped wp-block-gallery-1 is-layout-flex wp-block-gallery-is-layout-flex\"><ul class=\"blocks-gallery-grid\"><li class=\"blocks-gallery-item\"><figure><img loading=\"lazy\" decoding=\"async\" width=\"472\" height=\"1024\" src=\"https:\/\/mittsjukafriska.se\/wp-content\/uploads\/2021\/07\/IMG_20210711_200235-472x1024.jpg\" alt=\"\" data-id=\"2905\" data-full-url=\"https:\/\/mittsjukafriska.se\/wp-content\/uploads\/2021\/07\/IMG_20210711_200235-scaled.jpg\" data-link=\"https:\/\/mittsjukafriska.se\/?attachment_id=2905\" class=\"wp-image-2905\" srcset=\"https:\/\/mittsjukafriska.se\/wp-content\/uploads\/2021\/07\/IMG_20210711_200235-472x1024.jpg 472w, https:\/\/mittsjukafriska.se\/wp-content\/uploads\/2021\/07\/IMG_20210711_200235-138x300.jpg 138w, https:\/\/mittsjukafriska.se\/wp-content\/uploads\/2021\/07\/IMG_20210711_200235-768x1667.jpg 768w, https:\/\/mittsjukafriska.se\/wp-content\/uploads\/2021\/07\/IMG_20210711_200235-708x1536.jpg 708w, https:\/\/mittsjukafriska.se\/wp-content\/uploads\/2021\/07\/IMG_20210711_200235-944x2048.jpg 944w, https:\/\/mittsjukafriska.se\/wp-content\/uploads\/2021\/07\/IMG_20210711_200235-1140x2474.jpg 1140w, https:\/\/mittsjukafriska.se\/wp-content\/uploads\/2021\/07\/IMG_20210711_200235-scaled.jpg 1180w\" sizes=\"auto, (max-width: 472px) 100vw, 472px\" \/><\/figure><\/li><li class=\"blocks-gallery-item\"><figure><img loading=\"lazy\" decoding=\"async\" width=\"472\" height=\"1024\" src=\"https:\/\/mittsjukafriska.se\/wp-content\/uploads\/2021\/07\/IMG_20210711_193133-472x1024.jpg\" alt=\"\" data-id=\"2906\" data-full-url=\"https:\/\/mittsjukafriska.se\/wp-content\/uploads\/2021\/07\/IMG_20210711_193133-scaled.jpg\" data-link=\"https:\/\/mittsjukafriska.se\/?attachment_id=2906\" class=\"wp-image-2906\" srcset=\"https:\/\/mittsjukafriska.se\/wp-content\/uploads\/2021\/07\/IMG_20210711_193133-472x1024.jpg 472w, https:\/\/mittsjukafriska.se\/wp-content\/uploads\/2021\/07\/IMG_20210711_193133-138x300.jpg 138w, https:\/\/mittsjukafriska.se\/wp-content\/uploads\/2021\/07\/IMG_20210711_193133-768x1668.jpg 768w, https:\/\/mittsjukafriska.se\/wp-content\/uploads\/2021\/07\/IMG_20210711_193133-707x1536.jpg 707w, https:\/\/mittsjukafriska.se\/wp-content\/uploads\/2021\/07\/IMG_20210711_193133-943x2048.jpg 943w, https:\/\/mittsjukafriska.se\/wp-content\/uploads\/2021\/07\/IMG_20210711_193133-1140x2475.jpg 1140w, https:\/\/mittsjukafriska.se\/wp-content\/uploads\/2021\/07\/IMG_20210711_193133-scaled.jpg 1179w\" sizes=\"auto, (max-width: 472px) 100vw, 472px\" \/><\/figure><\/li><li class=\"blocks-gallery-item\"><figure><img loading=\"lazy\" decoding=\"async\" width=\"472\" height=\"1024\" src=\"https:\/\/mittsjukafriska.se\/wp-content\/uploads\/2021\/07\/IMG_20210711_193059-472x1024.jpg\" alt=\"\" data-id=\"2907\" data-full-url=\"https:\/\/mittsjukafriska.se\/wp-content\/uploads\/2021\/07\/IMG_20210711_193059-scaled.jpg\" data-link=\"https:\/\/mittsjukafriska.se\/?attachment_id=2907\" class=\"wp-image-2907\" srcset=\"https:\/\/mittsjukafriska.se\/wp-content\/uploads\/2021\/07\/IMG_20210711_193059-472x1024.jpg 472w, https:\/\/mittsjukafriska.se\/wp-content\/uploads\/2021\/07\/IMG_20210711_193059-138x300.jpg 138w, https:\/\/mittsjukafriska.se\/wp-content\/uploads\/2021\/07\/IMG_20210711_193059-768x1668.jpg 768w, https:\/\/mittsjukafriska.se\/wp-content\/uploads\/2021\/07\/IMG_20210711_193059-707x1536.jpg 707w, https:\/\/mittsjukafriska.se\/wp-content\/uploads\/2021\/07\/IMG_20210711_193059-943x2048.jpg 943w, https:\/\/mittsjukafriska.se\/wp-content\/uploads\/2021\/07\/IMG_20210711_193059-1140x2475.jpg 1140w, https:\/\/mittsjukafriska.se\/wp-content\/uploads\/2021\/07\/IMG_20210711_193059-scaled.jpg 1179w\" sizes=\"auto, (max-width: 472px) 100vw, 472px\" \/><\/figure><\/li><li class=\"blocks-gallery-item\"><figure><img loading=\"lazy\" decoding=\"async\" width=\"472\" height=\"1024\" src=\"https:\/\/mittsjukafriska.se\/wp-content\/uploads\/2021\/07\/IMG_20210711_193018-472x1024.jpg\" alt=\"\" data-id=\"2908\" data-full-url=\"https:\/\/mittsjukafriska.se\/wp-content\/uploads\/2021\/07\/IMG_20210711_193018-scaled.jpg\" data-link=\"https:\/\/mittsjukafriska.se\/?attachment_id=2908\" class=\"wp-image-2908\" srcset=\"https:\/\/mittsjukafriska.se\/wp-content\/uploads\/2021\/07\/IMG_20210711_193018-472x1024.jpg 472w, https:\/\/mittsjukafriska.se\/wp-content\/uploads\/2021\/07\/IMG_20210711_193018-138x300.jpg 138w, https:\/\/mittsjukafriska.se\/wp-content\/uploads\/2021\/07\/IMG_20210711_193018-768x1668.jpg 768w, https:\/\/mittsjukafriska.se\/wp-content\/uploads\/2021\/07\/IMG_20210711_193018-707x1536.jpg 707w, https:\/\/mittsjukafriska.se\/wp-content\/uploads\/2021\/07\/IMG_20210711_193018-943x2048.jpg 943w, https:\/\/mittsjukafriska.se\/wp-content\/uploads\/2021\/07\/IMG_20210711_193018-1140x2475.jpg 1140w, https:\/\/mittsjukafriska.se\/wp-content\/uploads\/2021\/07\/IMG_20210711_193018-scaled.jpg 1179w\" sizes=\"auto, (max-width: 472px) 100vw, 472px\" \/><\/figure><\/li><li class=\"blocks-gallery-item\"><figure><img loading=\"lazy\" decoding=\"async\" width=\"472\" height=\"1024\" src=\"https:\/\/mittsjukafriska.se\/wp-content\/uploads\/2021\/07\/IMG_20210708_194023-472x1024.jpg\" alt=\"\" data-id=\"2909\" data-full-url=\"https:\/\/mittsjukafriska.se\/wp-content\/uploads\/2021\/07\/IMG_20210708_194023-scaled.jpg\" data-link=\"https:\/\/mittsjukafriska.se\/?attachment_id=2909\" class=\"wp-image-2909\" srcset=\"https:\/\/mittsjukafriska.se\/wp-content\/uploads\/2021\/07\/IMG_20210708_194023-472x1024.jpg 472w, https:\/\/mittsjukafriska.se\/wp-content\/uploads\/2021\/07\/IMG_20210708_194023-138x300.jpg 138w, https:\/\/mittsjukafriska.se\/wp-content\/uploads\/2021\/07\/IMG_20210708_194023-768x1668.jpg 768w, https:\/\/mittsjukafriska.se\/wp-content\/uploads\/2021\/07\/IMG_20210708_194023-707x1536.jpg 707w, https:\/\/mittsjukafriska.se\/wp-content\/uploads\/2021\/07\/IMG_20210708_194023-943x2048.jpg 943w, https:\/\/mittsjukafriska.se\/wp-content\/uploads\/2021\/07\/IMG_20210708_194023-1140x2475.jpg 1140w, https:\/\/mittsjukafriska.se\/wp-content\/uploads\/2021\/07\/IMG_20210708_194023-scaled.jpg 1179w\" sizes=\"auto, (max-width: 472px) 100vw, 472px\" \/><\/figure><\/li><li class=\"blocks-gallery-item\"><figure><img loading=\"lazy\" decoding=\"async\" width=\"1024\" height=\"1024\" src=\"https:\/\/mittsjukafriska.se\/wp-content\/uploads\/2021\/07\/IMG_20210708_091045_267-1024x1024.jpg\" alt=\"\" data-id=\"2910\" data-full-url=\"https:\/\/mittsjukafriska.se\/wp-content\/uploads\/2021\/07\/IMG_20210708_091045_267.jpg\" data-link=\"https:\/\/mittsjukafriska.se\/?attachment_id=2910\" class=\"wp-image-2910\" srcset=\"https:\/\/mittsjukafriska.se\/wp-content\/uploads\/2021\/07\/IMG_20210708_091045_267-1024x1024.jpg 1024w, https:\/\/mittsjukafriska.se\/wp-content\/uploads\/2021\/07\/IMG_20210708_091045_267-300x300.jpg 300w, https:\/\/mittsjukafriska.se\/wp-content\/uploads\/2021\/07\/IMG_20210708_091045_267-150x150.jpg 150w, https:\/\/mittsjukafriska.se\/wp-content\/uploads\/2021\/07\/IMG_20210708_091045_267-768x768.jpg 768w, https:\/\/mittsjukafriska.se\/wp-content\/uploads\/2021\/07\/IMG_20210708_091045_267-1536x1536.jpg 1536w, https:\/\/mittsjukafriska.se\/wp-content\/uploads\/2021\/07\/IMG_20210708_091045_267-1140x1140.jpg 1140w, https:\/\/mittsjukafriska.se\/wp-content\/uploads\/2021\/07\/IMG_20210708_091045_267-75x75.jpg 75w, https:\/\/mittsjukafriska.se\/wp-content\/uploads\/2021\/07\/IMG_20210708_091045_267.jpg 1680w\" sizes=\"auto, (max-width: 1024px) 100vw, 1024px\" \/><\/figure><\/li><li class=\"blocks-gallery-item\"><figure><img loading=\"lazy\" decoding=\"async\" width=\"1024\" height=\"1024\" src=\"https:\/\/mittsjukafriska.se\/wp-content\/uploads\/2021\/07\/IMG_20210707_211903_995-1024x1024.jpg\" alt=\"\" data-id=\"2911\" data-full-url=\"https:\/\/mittsjukafriska.se\/wp-content\/uploads\/2021\/07\/IMG_20210707_211903_995.jpg\" data-link=\"https:\/\/mittsjukafriska.se\/?attachment_id=2911\" class=\"wp-image-2911\" srcset=\"https:\/\/mittsjukafriska.se\/wp-content\/uploads\/2021\/07\/IMG_20210707_211903_995-1024x1024.jpg 1024w, https:\/\/mittsjukafriska.se\/wp-content\/uploads\/2021\/07\/IMG_20210707_211903_995-300x300.jpg 300w, https:\/\/mittsjukafriska.se\/wp-content\/uploads\/2021\/07\/IMG_20210707_211903_995-150x150.jpg 150w, https:\/\/mittsjukafriska.se\/wp-content\/uploads\/2021\/07\/IMG_20210707_211903_995-768x768.jpg 768w, https:\/\/mittsjukafriska.se\/wp-content\/uploads\/2021\/07\/IMG_20210707_211903_995-1536x1536.jpg 1536w, https:\/\/mittsjukafriska.se\/wp-content\/uploads\/2021\/07\/IMG_20210707_211903_995-2048x2048.jpg 2048w, https:\/\/mittsjukafriska.se\/wp-content\/uploads\/2021\/07\/IMG_20210707_211903_995-1140x1140.jpg 1140w, https:\/\/mittsjukafriska.se\/wp-content\/uploads\/2021\/07\/IMG_20210707_211903_995-75x75.jpg 75w\" sizes=\"auto, (max-width: 1024px) 100vw, 1024px\" \/><\/figure><\/li><li class=\"blocks-gallery-item\"><figure><img loading=\"lazy\" decoding=\"async\" width=\"472\" height=\"1024\" src=\"https:\/\/mittsjukafriska.se\/wp-content\/uploads\/2021\/07\/IMG_20210707_163616-472x1024.jpg\" alt=\"\" data-id=\"2912\" data-full-url=\"https:\/\/mittsjukafriska.se\/wp-content\/uploads\/2021\/07\/IMG_20210707_163616-scaled.jpg\" data-link=\"https:\/\/mittsjukafriska.se\/?attachment_id=2912\" class=\"wp-image-2912\" srcset=\"https:\/\/mittsjukafriska.se\/wp-content\/uploads\/2021\/07\/IMG_20210707_163616-472x1024.jpg 472w, https:\/\/mittsjukafriska.se\/wp-content\/uploads\/2021\/07\/IMG_20210707_163616-138x300.jpg 138w, https:\/\/mittsjukafriska.se\/wp-content\/uploads\/2021\/07\/IMG_20210707_163616-768x1668.jpg 768w, https:\/\/mittsjukafriska.se\/wp-content\/uploads\/2021\/07\/IMG_20210707_163616-707x1536.jpg 707w, https:\/\/mittsjukafriska.se\/wp-content\/uploads\/2021\/07\/IMG_20210707_163616-943x2048.jpg 943w, https:\/\/mittsjukafriska.se\/wp-content\/uploads\/2021\/07\/IMG_20210707_163616-1140x2475.jpg 1140w, https:\/\/mittsjukafriska.se\/wp-content\/uploads\/2021\/07\/IMG_20210707_163616-scaled.jpg 1179w\" sizes=\"auto, (max-width: 472px) 100vw, 472px\" \/><\/figure><\/li><li class=\"blocks-gallery-item\"><figure><img loading=\"lazy\" decoding=\"async\" width=\"472\" height=\"1024\" src=\"https:\/\/mittsjukafriska.se\/wp-content\/uploads\/2021\/07\/IMG_20210707_163506-472x1024.jpg\" alt=\"\" data-id=\"2913\" data-full-url=\"https:\/\/mittsjukafriska.se\/wp-content\/uploads\/2021\/07\/IMG_20210707_163506-scaled.jpg\" data-link=\"https:\/\/mittsjukafriska.se\/?attachment_id=2913\" class=\"wp-image-2913\" srcset=\"https:\/\/mittsjukafriska.se\/wp-content\/uploads\/2021\/07\/IMG_20210707_163506-472x1024.jpg 472w, https:\/\/mittsjukafriska.se\/wp-content\/uploads\/2021\/07\/IMG_20210707_163506-138x300.jpg 138w, https:\/\/mittsjukafriska.se\/wp-content\/uploads\/2021\/07\/IMG_20210707_163506-768x1668.jpg 768w, https:\/\/mittsjukafriska.se\/wp-content\/uploads\/2021\/07\/IMG_20210707_163506-707x1536.jpg 707w, https:\/\/mittsjukafriska.se\/wp-content\/uploads\/2021\/07\/IMG_20210707_163506-943x2048.jpg 943w, https:\/\/mittsjukafriska.se\/wp-content\/uploads\/2021\/07\/IMG_20210707_163506-1140x2475.jpg 1140w, https:\/\/mittsjukafriska.se\/wp-content\/uploads\/2021\/07\/IMG_20210707_163506-scaled.jpg 1179w\" sizes=\"auto, (max-width: 472px) 100vw, 472px\" \/><\/figure><\/li><li class=\"blocks-gallery-item\"><figure><img loading=\"lazy\" decoding=\"async\" width=\"472\" height=\"1024\" src=\"https:\/\/mittsjukafriska.se\/wp-content\/uploads\/2021\/07\/IMG_20210707_163446-472x1024.jpg\" alt=\"\" data-id=\"2914\" data-full-url=\"https:\/\/mittsjukafriska.se\/wp-content\/uploads\/2021\/07\/IMG_20210707_163446-scaled.jpg\" data-link=\"https:\/\/mittsjukafriska.se\/?attachment_id=2914\" class=\"wp-image-2914\" srcset=\"https:\/\/mittsjukafriska.se\/wp-content\/uploads\/2021\/07\/IMG_20210707_163446-472x1024.jpg 472w, https:\/\/mittsjukafriska.se\/wp-content\/uploads\/2021\/07\/IMG_20210707_163446-138x300.jpg 138w, https:\/\/mittsjukafriska.se\/wp-content\/uploads\/2021\/07\/IMG_20210707_163446-768x1668.jpg 768w, https:\/\/mittsjukafriska.se\/wp-content\/uploads\/2021\/07\/IMG_20210707_163446-707x1536.jpg 707w, https:\/\/mittsjukafriska.se\/wp-content\/uploads\/2021\/07\/IMG_20210707_163446-943x2048.jpg 943w, https:\/\/mittsjukafriska.se\/wp-content\/uploads\/2021\/07\/IMG_20210707_163446-1140x2475.jpg 1140w, https:\/\/mittsjukafriska.se\/wp-content\/uploads\/2021\/07\/IMG_20210707_163446-scaled.jpg 1179w\" sizes=\"auto, (max-width: 472px) 100vw, 472px\" \/><\/figure><\/li><\/ul><\/figure>\n","protected":false},"excerpt":{"rendered":"<p>Semestern forts\u00e4tter och vi njuter verkligen av den. Jag har \u00e4ntligen landat helt i att vara ledig. Just nu k\u00e4nns det som att jag hade kunnat ha minst 2 veckor till. I onsdags passade vi p\u00e5 att \u00e5ka ner till stan och ta en glass p\u00e5 det nya torget. S\u00e4ga vad man vill om tiden det har tagit och pengarna det har kostat. Men fint blev det och jag \u00e4lskar att dom gjort s\u00e5 att barnen kan leka fritt. P\u00e5 kv\u00e4llen dukade vi upp bordet d\u00e4r ute och tog ut tv:n f\u00f6r att kolla fotbollen. Mannen fick \u00e4ran att f\u00f6rst\u00e5 varf\u00f6r jag inte tittar p\u00e5 fotboll &#x1f602; Han fick s\u00e4ga till mig ett par g\u00e5nger att vi hade grannar som inte hade semester och att jag skulle d\u00e4mpa mig. &#x1f937;&#x1f3fc;&#x200d;&#x2640;&#xfe0f; Vad kan jag s\u00e4ga. Jag har inlevelse &#x1f602; Och p\u00e5 torsdag fyllde Liam \u00e4ntligen 15! Som han har l\u00e4ngtat till denna dagen. Han spenderade den med tjejen p\u00e5 badet. Han vill inte bli firad s\u00e5 &#x1f937;&#x1f3fc;&#x200d;&#x2640;&#xfe0f; Ibland undrar jag vad det \u00e4r f\u00f6r m\u00e4nniskor jag f\u00f6tt fram. Det d\u00e4r med traditionella saker \u00e4r inte alls deras grej och jag ska bara acceptera att det \u00e4r s\u00e5 tydligen &#x1f61d;&#x1f92f; Tr\u00e4dg\u00e5rden har f\u00e5tt sig lite k\u00e4rlek s\u00e5 \u00e4ven min lilla p\u00e4rla. Hon blev servad och tv\u00e4ttad av maken. Och i l\u00f6rdags var det dags f\u00f6r kalas i Vinsl\u00f6v. Anton har fyllt 18 och det firades med frukostkalas. Mannen har sovit riktigt d\u00e5ligt ett tag men den natten var det inte m\u00e5nga timmars s\u00f6mn han fick s\u00e5 resten av den dagen tog han det lugnt och jag passade p\u00e5 att st\u00e4da hemmet och f\u00e5 undan tv\u00e4tten. P\u00e5 kv\u00e4llen var det mys. Jag fick en crawing efter chips och dipp s\u00e5 det handlade vi in n\u00e4r vi k\u00f6rde hem fr\u00e5n Vinsl\u00f6v. Jennie. Du vet den kv\u00e4llen! Jag hade samma ig\u00e5r! Fy fan i helvete vad svullen jag blev och vi ska inte snacka om hur den gjorde sig till k\u00e4nna i princip hela natten &#x1f616;&#x1f644; Ja ja. Nu dr\u00f6jer det typ 6 m\u00e5nader tills jag g\u00f6r om detta f\u00f6r d\u00e5 har jag gl\u00f6mt det igen &#x1f602; Idag styrdes bilen upp till L\u00f6nsboda f\u00f6r att h\u00e4lsa p\u00e5 sv\u00e4rmor och Per. Eller ja det var planen fr\u00e5n b\u00f6rjan men i l\u00f6rdags, p\u00e5 kalaset, best\u00e4mde vi oss f\u00f6r att hj\u00e4lpa dom ist\u00e4llet. S\u00e5 hela dagen har g\u00e5tt \u00e5t att s\u00e5ga, klyva och flytta ved. Kan meddela att det inte var det lilla. Men jag \u00e4lskar det! D\u00e4r \u00e4r jag i mitt r\u00e4tta element. Det \u00e4r s\u00e5 jag ska bo! Jag ville inte \u00e5ka hem. Men jag hade lovat mini att vi skulle kolla p\u00e5 finalen. Och h\u00e4r \u00e4r vi nu &#x1f602; Vi hejar visserligen p\u00e5 England men jag m\u00e5ste s\u00e4ga att Italien verkligen \u00e4ger detta spelet. Det \u00e4r ju bl\u00e5tt \u00f6verallt. S\u00e5 nu h\u00e5ller vi helt enkelt tummarna f\u00f6r att England g\u00f6r m\u00e5l i f\u00f6rl\u00e4ngningen och kammar hem detta. N\u00e4r vi l\u00e4mnade sv\u00e4rmor s\u00e5 satt d\u00e4r en f\u00e5gel p\u00e5 v\u00e4gen. Vi tror att det \u00e4r en duvh\u00f6k. Men om n\u00e5gon annan \u00e4r mer s\u00e4ker s\u00e5 f\u00e5r ni g\u00e4rna ber\u00e4tta vad det \u00e4r f\u00f6r en.<\/p>\n","protected":false},"author":3,"featured_media":0,"comment_status":"open","ping_status":"open","sticky":false,"template":"","format":"standard","meta":{"_jetpack_memberships_contains_paid_content":false,"footnotes":""},"categories":[1],"tags":[],"class_list":["post-2904","post","type-post","status-publish","format-standard","hentry","category-personligt"],"jetpack_featured_media_url":"","jetpack_sharing_enabled":true,"_links":{"self":[{"href":"https:\/\/mittsjukafriska.se\/index.php?rest_route=\/wp\/v2\/posts\/2904","targetHints":{"allow":["GET"]}}],"collection":[{"href":"https:\/\/mittsjukafriska.se\/index.php?rest_route=\/wp\/v2\/posts"}],"about":[{"href":"https:\/\/mittsjukafriska.se\/index.php?rest_route=\/wp\/v2\/types\/post"}],"author":[{"embeddable":true,"href":"https:\/\/mittsjukafriska.se\/index.php?rest_route=\/wp\/v2\/users\/3"}],"replies":[{"embeddable":true,"href":"https:\/\/mittsjukafriska.se\/index.php?rest_route=%2Fwp%2Fv2%2Fcomments&post=2904"}],"version-history":[{"count":1,"href":"https:\/\/mittsjukafriska.se\/index.php?rest_route=\/wp\/v2\/posts\/2904\/revisions"}],"predecessor-version":[{"id":2915,"href":"https:\/\/mittsjukafriska.se\/index.php?rest_route=\/wp\/v2\/posts\/2904\/revisions\/2915"}],"wp:attachment":[{"href":"https:\/\/mittsjukafriska.se\/index.php?rest_route=%2Fwp%2Fv2%2Fmedia&parent=2904"}],"wp:term":[{"taxonomy":"category","embeddable":true,"href":"https:\/\/mittsjukafriska.se\/index.php?rest_route=%2Fwp%2Fv2%2Fcategories&post=2904"},{"taxonomy":"post_tag","embeddable":true,"href":"https:\/\/mittsjukafriska.se\/index.php?rest_route=%2Fwp%2Fv2%2Ftags&post=2904"}],"curies":[{"name":"wp","href":"https:\/\/api.w.org\/{rel}","templated":true}]}}