{"id":2952,"date":"2021-08-06T14:10:00","date_gmt":"2021-08-06T13:10:00","guid":{"rendered":"https:\/\/mittsjukafriska.se\/?p=2952"},"modified":"2021-08-11T12:19:51","modified_gmt":"2021-08-11T11:19:51","slug":"skov","status":"publish","type":"post","link":"https:\/\/mittsjukafriska.se\/?p=2952","title":{"rendered":"Skov."},"content":{"rendered":"\n<p>Just nu \u00e4r jag inne i ett av mina skov. Ig\u00e5r var min mani att ha saker! Allt som \u00e4r gratis skulle jag ha! Eller tja. Jag skulle ha saker och om jag hittade det jag s\u00f6kte som bortsk\u00e4nkes s\u00e5 beh\u00f6vde jag ha vissa av sakerna som jag hitta p\u00e5 dom sidorna <strong>n\u00e4r<\/strong> jag letade efter det jag tyckte att jag beh\u00f6vde.<br>Jag kan skratta lite \u00e5t det nu och n\u00e4r Totte fr\u00e5gar vad jag ska ha det till.<br>Men paniken i att jag beh\u00f6ver det \u00e4r inte rolig! Vem fan beh\u00f6ver slitna soffor? Vem fan beh\u00f6ver fetioellva olika v\u00e4xter, gardiner eller prydnadssaker eller tavlor eller en pool osv osv.<br>Jag f\u00f6rs\u00f6ker att h\u00e5lla det borta men n\u00e4r det poppar upp s\u00e5 poppar det upp i hela kroppen.<br>Ig\u00e5r kv\u00e4ll s\u00e5 st\u00e4ngde jag ner helt. Jag la mig i soffan, efter att jag lagt Emil, och bara sn\u00f6ade in i min serie. Ingen telefon, inga andra barn ingenting. D\u00e4r var manin under &#8221;kontroll&#8221;. Men s\u00e5 fort jag skulle g\u00e5 och l\u00e4gga mig s\u00e5 *<strong>Tada!!<\/strong>*<br>D\u00e5 b\u00f6rjade huvudet igen.<br>Vi beh\u00f6ver leta efter saker. D\u00e4r \u00e4r s\u00e4kert en massa nytt som kommit upp p\u00e5 annonssidorna. Skynda dig innan du missar just <strong>det<\/strong> du letat efter.<br>Det tog ett tag att f\u00e5 huvudet att bli tyst s\u00e5 att jag kunde sova.<br>S\u00e5 idag var det lite segt att ta sig upp. Men i mitt f\u00f6rvirrade tillst\u00e5nd kom jag upp och iv\u00e4g till jobbet.<br>Mannen fick liiiiite spel p\u00e5 min gl\u00f6mska sida. Men s\u00e5 \u00e4r det n\u00e4r det inte riktigt vill sig.<br>Jag har tur som har honom p\u00e5 hemmaplan och som har Pia p\u00e5 jobb. Hon hj\u00e4lper mig att f\u00e5 ner hj\u00e4rnan bara genom att prata och lyssna.<br>Och han \u00e4r min n\u00f6dbroms i mitt kaos. Han skulle dock beh\u00f6va l\u00e4ra sig prata mer med mig \u00e4n att sk\u00e4lla p\u00e5 mig.<br>Missf\u00f6rst\u00e5 mig r\u00e4tt han har t\u00e5lamod. Men \u00e4ven det har ett slut. Men det hj\u00e4lper inte att sk\u00e4lla och bli arg f\u00f6r det g\u00f6r saken bara v\u00e4rre. Antingen blir jag rosenrasande eller s\u00e5 sl\u00e5r \u00e5ngesten p\u00e5.<br>Men han g\u00f6r sitt b\u00e4sta. <br>Jag har b\u00f6rjat se mer av hur mitt beteende \u00e4r och att jag faktiskt <strong>\u00e4r<\/strong> manisk. Det har jag inte gjort innan.<br>Innan har jag bara skyllt ifr\u00e5n mig om att sakerna vi har \u00e4r gamla, slitna, fula. Ni bara st\u00f6kar ner \u00f6verallt. <br>V\u00e5rt hem \u00e4r en j\u00e4vla anstalt. Vi beh\u00f6ver ha mer tavlor p\u00e5 v\u00e4ggarna s\u00e5 att det blir hemtrevligare. Vi m\u00e5ste m\u00e5la om s\u00e5 att det ser lite fr\u00e4schare ut.<br>Tr\u00e4dg\u00e5rden ser hemsk ut. Det \u00e4r ni och alla era j\u00e4vla prylar.<br>Majoriteten av oredan hemma skapar jag oftast sj\u00e4lv. Tr\u00e4dg\u00e5rden \u00e4r fylld av <strong>mina<\/strong> saker och oftast kr\u00e4ver jag att dom ska g\u00f6ra sakerna f\u00f6r att jag inte orkar.<br>Jag skapar mitt eget kaos och jag beh\u00f6ver ha ordning.<br>F\u00f6rr hade jag ordning! F\u00f6rr var mitt hem alltid st\u00e4dat och i toppform. Men jag hade inget liv. Mitt liv bestod av att st\u00e4da och m\u00f6blera om. <br>Det \u00e4r verkligen en helt sjuk k\u00e4nsla n\u00e4r man b\u00f6rjar f\u00e5 insikt i saker man gjort och g\u00f6r.<br>Det \u00e4r s\u00e5 att man blir snurrig och illam\u00e5ende.<br>Jag fick ta lite medicin b\u00e5de ig\u00e5r och idag f\u00f6r att h\u00e5lla det nere.<br>Manin \u00e4r d\u00e4r fortfarande. Men kroppen \u00e4r inte lika hyper som den var ig\u00e5r.<br><br>M\u00e5tte denna utredningen g\u00e5 fort s\u00e5 att jag slipper s\u00e5na h\u00e4r p\u00e5tagliga perioder.<br><br>I \u00f6vrigt s\u00e5 rullar livet p\u00e5.<br>Andra veckan efter semestern var sis\u00e5d\u00e4r. Jag var hemma p\u00e5 m\u00e5ndagen pga t\u00e5n och sen jobbade jag tisdag och onsdag. Sen ballade magen ur och jag fick vara hemma torsdag och freda. Kul!<br>N\u00e5ja nu har den \u00e5terh\u00e4mtat sig.<br>F\u00f6rra helgen var det dop f\u00f6r Alex lille son. Shit allts\u00e5 vad killarna har blivit stora! <br>Det var inte l\u00e4ngesedan man k\u00f6rde dom p\u00e5 olika scoutl\u00e4ger och nu helt pl\u00f6tsligt s\u00e5 b\u00f6rjar den ena efter den andra skaffa barn och allt. <br>Kan n\u00e5gon stoppa tiden!!<\/p>\n\n\n\n<figure class=\"wp-block-gallery columns-2 is-cropped wp-block-gallery-1 is-layout-flex wp-block-gallery-is-layout-flex\"><ul class=\"blocks-gallery-grid\"><li class=\"blocks-gallery-item\"><figure><img loading=\"lazy\" decoding=\"async\" width=\"472\" height=\"1024\" src=\"https:\/\/mittsjukafriska.se\/wp-content\/uploads\/2021\/08\/IMG_20210731_154043_2-472x1024.jpg\" alt=\"\" data-id=\"2956\" data-full-url=\"https:\/\/mittsjukafriska.se\/wp-content\/uploads\/2021\/08\/IMG_20210731_154043_2-scaled.jpg\" data-link=\"https:\/\/mittsjukafriska.se\/?attachment_id=2956\" class=\"wp-image-2956\" srcset=\"https:\/\/mittsjukafriska.se\/wp-content\/uploads\/2021\/08\/IMG_20210731_154043_2-472x1024.jpg 472w, https:\/\/mittsjukafriska.se\/wp-content\/uploads\/2021\/08\/IMG_20210731_154043_2-138x300.jpg 138w, https:\/\/mittsjukafriska.se\/wp-content\/uploads\/2021\/08\/IMG_20210731_154043_2-768x1668.jpg 768w, https:\/\/mittsjukafriska.se\/wp-content\/uploads\/2021\/08\/IMG_20210731_154043_2-707x1536.jpg 707w, https:\/\/mittsjukafriska.se\/wp-content\/uploads\/2021\/08\/IMG_20210731_154043_2-943x2048.jpg 943w, https:\/\/mittsjukafriska.se\/wp-content\/uploads\/2021\/08\/IMG_20210731_154043_2-1140x2475.jpg 1140w, https:\/\/mittsjukafriska.se\/wp-content\/uploads\/2021\/08\/IMG_20210731_154043_2-scaled.jpg 1179w\" sizes=\"auto, (max-width: 472px) 100vw, 472px\" \/><\/figure><\/li><li class=\"blocks-gallery-item\"><figure><img loading=\"lazy\" decoding=\"async\" width=\"472\" height=\"1024\" src=\"https:\/\/mittsjukafriska.se\/wp-content\/uploads\/2021\/08\/IMG_20210731_152040-472x1024.jpg\" alt=\"\" data-id=\"2957\" data-full-url=\"https:\/\/mittsjukafriska.se\/wp-content\/uploads\/2021\/08\/IMG_20210731_152040-scaled.jpg\" data-link=\"https:\/\/mittsjukafriska.se\/?attachment_id=2957\" class=\"wp-image-2957\" srcset=\"https:\/\/mittsjukafriska.se\/wp-content\/uploads\/2021\/08\/IMG_20210731_152040-472x1024.jpg 472w, https:\/\/mittsjukafriska.se\/wp-content\/uploads\/2021\/08\/IMG_20210731_152040-138x300.jpg 138w, https:\/\/mittsjukafriska.se\/wp-content\/uploads\/2021\/08\/IMG_20210731_152040-768x1668.jpg 768w, https:\/\/mittsjukafriska.se\/wp-content\/uploads\/2021\/08\/IMG_20210731_152040-707x1536.jpg 707w, https:\/\/mittsjukafriska.se\/wp-content\/uploads\/2021\/08\/IMG_20210731_152040-943x2048.jpg 943w, https:\/\/mittsjukafriska.se\/wp-content\/uploads\/2021\/08\/IMG_20210731_152040-1140x2475.jpg 1140w, https:\/\/mittsjukafriska.se\/wp-content\/uploads\/2021\/08\/IMG_20210731_152040-scaled.jpg 1179w\" sizes=\"auto, (max-width: 472px) 100vw, 472px\" \/><\/figure><\/li><\/ul><\/figure>\n","protected":false},"excerpt":{"rendered":"<p>Just nu \u00e4r jag inne i ett av mina skov. Ig\u00e5r var min mani att ha saker! Allt som \u00e4r gratis skulle jag ha! Eller tja. Jag skulle ha saker och om jag hittade det jag s\u00f6kte som bortsk\u00e4nkes s\u00e5 beh\u00f6vde jag ha vissa av sakerna som jag hitta p\u00e5 dom sidorna n\u00e4r jag letade efter det jag tyckte att jag beh\u00f6vde.Jag kan skratta lite \u00e5t det nu och n\u00e4r Totte fr\u00e5gar vad jag ska ha det till.Men paniken i att jag beh\u00f6ver det \u00e4r inte rolig! Vem fan beh\u00f6ver slitna soffor? Vem fan beh\u00f6ver fetioellva olika v\u00e4xter, gardiner eller prydnadssaker eller tavlor eller en pool osv osv.Jag f\u00f6rs\u00f6ker att h\u00e5lla det borta men n\u00e4r det poppar upp s\u00e5 poppar det upp i hela kroppen.Ig\u00e5r kv\u00e4ll s\u00e5 st\u00e4ngde jag ner helt. Jag la mig i soffan, efter att jag lagt Emil, och bara sn\u00f6ade in i min serie. Ingen telefon, inga andra barn ingenting. D\u00e4r var manin under &#8221;kontroll&#8221;. Men s\u00e5 fort jag skulle g\u00e5 och l\u00e4gga mig s\u00e5 *Tada!!*D\u00e5 b\u00f6rjade huvudet igen.Vi beh\u00f6ver leta efter saker. D\u00e4r \u00e4r s\u00e4kert en massa nytt som kommit upp p\u00e5 annonssidorna. Skynda dig innan du missar just det du letat efter.Det tog ett tag att f\u00e5 huvudet att bli tyst s\u00e5 att jag kunde sova.S\u00e5 idag var det lite segt att ta sig upp. Men i mitt f\u00f6rvirrade tillst\u00e5nd kom jag upp och iv\u00e4g till jobbet.Mannen fick liiiiite spel p\u00e5 min gl\u00f6mska sida. Men s\u00e5 \u00e4r det n\u00e4r det inte riktigt vill sig.Jag har tur som har honom p\u00e5 hemmaplan och som har Pia p\u00e5 jobb. Hon hj\u00e4lper mig att f\u00e5 ner hj\u00e4rnan bara genom att prata och lyssna.Och han \u00e4r min n\u00f6dbroms i mitt kaos. Han skulle dock beh\u00f6va l\u00e4ra sig prata mer med mig \u00e4n att sk\u00e4lla p\u00e5 mig.Missf\u00f6rst\u00e5 mig r\u00e4tt han har t\u00e5lamod. Men \u00e4ven det har ett slut. Men det hj\u00e4lper inte att sk\u00e4lla och bli arg f\u00f6r det g\u00f6r saken bara v\u00e4rre. Antingen blir jag rosenrasande eller s\u00e5 sl\u00e5r \u00e5ngesten p\u00e5.Men han g\u00f6r sitt b\u00e4sta. Jag har b\u00f6rjat se mer av hur mitt beteende \u00e4r och att jag faktiskt \u00e4r manisk. Det har jag inte gjort innan.Innan har jag bara skyllt ifr\u00e5n mig om att sakerna vi har \u00e4r gamla, slitna, fula. Ni bara st\u00f6kar ner \u00f6verallt. V\u00e5rt hem \u00e4r en j\u00e4vla anstalt. Vi beh\u00f6ver ha mer tavlor p\u00e5 v\u00e4ggarna s\u00e5 att det blir hemtrevligare. Vi m\u00e5ste m\u00e5la om s\u00e5 att det ser lite fr\u00e4schare ut.Tr\u00e4dg\u00e5rden ser hemsk ut. Det \u00e4r ni och alla era j\u00e4vla prylar.Majoriteten av oredan hemma skapar jag oftast sj\u00e4lv. Tr\u00e4dg\u00e5rden \u00e4r fylld av mina saker och oftast kr\u00e4ver jag att dom ska g\u00f6ra sakerna f\u00f6r att jag inte orkar.Jag skapar mitt eget kaos och jag beh\u00f6ver ha ordning.F\u00f6rr hade jag ordning! F\u00f6rr var mitt hem alltid st\u00e4dat och i toppform. Men jag hade inget liv. Mitt liv bestod av att st\u00e4da och m\u00f6blera om. Det \u00e4r verkligen en helt sjuk k\u00e4nsla n\u00e4r man b\u00f6rjar f\u00e5 insikt i saker man gjort och g\u00f6r.Det \u00e4r s\u00e5 att man blir snurrig och illam\u00e5ende.Jag fick ta lite medicin b\u00e5de ig\u00e5r och idag f\u00f6r att h\u00e5lla det nere.Manin \u00e4r d\u00e4r fortfarande. Men kroppen \u00e4r inte lika hyper som den var ig\u00e5r. M\u00e5tte denna utredningen g\u00e5 fort s\u00e5 att jag slipper s\u00e5na h\u00e4r p\u00e5tagliga perioder. I \u00f6vrigt s\u00e5 rullar livet p\u00e5.Andra veckan efter semestern var sis\u00e5d\u00e4r. Jag var hemma p\u00e5 m\u00e5ndagen pga t\u00e5n och sen jobbade jag tisdag och onsdag. Sen ballade magen ur och jag fick vara hemma torsdag och freda. Kul!N\u00e5ja nu har den \u00e5terh\u00e4mtat sig.F\u00f6rra helgen var det dop f\u00f6r Alex lille son. Shit allts\u00e5 vad killarna har blivit stora! Det var inte l\u00e4ngesedan man k\u00f6rde dom p\u00e5 olika scoutl\u00e4ger och nu helt pl\u00f6tsligt s\u00e5 b\u00f6rjar den ena efter den andra skaffa barn och allt. Kan n\u00e5gon stoppa tiden!!<\/p>\n","protected":false},"author":3,"featured_media":0,"comment_status":"open","ping_status":"open","sticky":false,"template":"","format":"standard","meta":{"_jetpack_memberships_contains_paid_content":false,"footnotes":""},"categories":[1],"tags":[],"class_list":["post-2952","post","type-post","status-publish","format-standard","hentry","category-personligt"],"jetpack_featured_media_url":"","jetpack_sharing_enabled":true,"_links":{"self":[{"href":"https:\/\/mittsjukafriska.se\/index.php?rest_route=\/wp\/v2\/posts\/2952","targetHints":{"allow":["GET"]}}],"collection":[{"href":"https:\/\/mittsjukafriska.se\/index.php?rest_route=\/wp\/v2\/posts"}],"about":[{"href":"https:\/\/mittsjukafriska.se\/index.php?rest_route=\/wp\/v2\/types\/post"}],"author":[{"embeddable":true,"href":"https:\/\/mittsjukafriska.se\/index.php?rest_route=\/wp\/v2\/users\/3"}],"replies":[{"embeddable":true,"href":"https:\/\/mittsjukafriska.se\/index.php?rest_route=%2Fwp%2Fv2%2Fcomments&post=2952"}],"version-history":[{"count":2,"href":"https:\/\/mittsjukafriska.se\/index.php?rest_route=\/wp\/v2\/posts\/2952\/revisions"}],"predecessor-version":[{"id":2958,"href":"https:\/\/mittsjukafriska.se\/index.php?rest_route=\/wp\/v2\/posts\/2952\/revisions\/2958"}],"wp:attachment":[{"href":"https:\/\/mittsjukafriska.se\/index.php?rest_route=%2Fwp%2Fv2%2Fmedia&parent=2952"}],"wp:term":[{"taxonomy":"category","embeddable":true,"href":"https:\/\/mittsjukafriska.se\/index.php?rest_route=%2Fwp%2Fv2%2Fcategories&post=2952"},{"taxonomy":"post_tag","embeddable":true,"href":"https:\/\/mittsjukafriska.se\/index.php?rest_route=%2Fwp%2Fv2%2Ftags&post=2952"}],"curies":[{"name":"wp","href":"https:\/\/api.w.org\/{rel}","templated":true}]}}