{"id":2959,"date":"2021-08-12T13:01:19","date_gmt":"2021-08-12T12:01:19","guid":{"rendered":"https:\/\/mittsjukafriska.se\/?p=2959"},"modified":"2021-08-12T13:01:26","modified_gmt":"2021-08-12T12:01:26","slug":"kan-detta-vara-slutet-tror-ni","status":"publish","type":"post","link":"https:\/\/mittsjukafriska.se\/?p=2959","title":{"rendered":"Kan detta vara slutet tror ni?"},"content":{"rendered":"\n<p>Det b\u00f6rjar k\u00e4nnas som h\u00f6st i luften. Tycker ni inte det? Idag tog jag dock, i ren protest, p\u00e5 mig en kl\u00e4nning. Man f\u00e5r krama ut det sista ur sommaren.<br>Den senaste tiden har varit sis\u00e5d\u00e4r. Jag tycker att mina svackor blir l\u00e4ngre och djupare nu igen.<br>Sen vet jag inte om det \u00e4r f\u00f6r att h\u00f6sten faktiskt \u00e4r p\u00e5 v\u00e4g som \u00e4r orsaken.<br>Men huvudet vill inte alls samarbeta med min kropp.<br>Jag har sagt det f\u00f6rr och jag s\u00e4ger det igen.<br>Tack och lov s\u00e5 har jag den mannen jag har! \u00c4ven om jag ibland kan tycka att han inte ska s\u00e5 g\u00f6r han sakerna som jag har sagt att jag ska g\u00f6ra men som jag inte orkar ta tag i. Hela helgen h\u00f6ll vi p\u00e5 i tr\u00e4dg\u00e5rden.<br>Vi klippte ner v\u00e5rat buskage som vuxit sig lite v\u00e4l vilt. Harvat g\u00e5rdsplanen, fr\u00e4st en gr\u00e4skant osv.<br>Ja en massa som han egentligen inte ser n\u00e5got med men g\u00f6r det f\u00f6r min skull. &lt;3<br>Ig\u00e5r n\u00e4mnde jag att jag beh\u00f6vde t\u00f6mma den ena v\u00e4xthuset och att jag skulle kanske ta tag i det idag.<br>I f\u00f6rmiddags f\u00e5r jag en bild d\u00e4r han redan var ig\u00e5ng med det.<br>Jag \u00e4lskar honom lite mer f\u00f6r varje dag som g\u00e5r &lt;3<br>I v\u00e4ldigt m\u00e5nga \u00e5r har jag haft v\u00e4ldigt sv\u00e5rt f\u00f6r att f\u00f6rst\u00e5 hur n\u00e5gon kan \u00e4lska mig s\u00e5 som han s\u00e4ger att han g\u00f6r. Jag har hela tiden g\u00e5tt och v\u00e4ntat p\u00e5 att han ska g\u00f6ra bort sig. Att han ska f\u00f6rst\u00f6ra f\u00f6r mig, f\u00f6r oss. Att han ska s\u00e5ra mig osv. Det har ju gjort att jag hela tiden har varit p\u00e5 min vakt. Inte varje dag och inte hela tiden. Men n\u00e4r dom dagarna har kommit s\u00e5 har dom kommit med dunder och brak. Det har \u00e4ven gjort att jag aldrig riktigt sett <strong>allt<\/strong> han g\u00f6r f\u00f6r mig och hur mycket han finns d\u00e4r f\u00f6r mig.<br>Den senaste tiden s\u00e5 \u00e4r det <strong>jag <\/strong>som st\u00e5tt f\u00f6r att g\u00f6ra v\u00e5rat liv v\u00e4ldigt otryggt och ostabilt.<br>Jag har alltid f\u00f6rs\u00f6kt sabotera (undermedvetet) f\u00f6r mig sj\u00e4lv. B\u00e4ttre att f\u00f6reg\u00e5 \u00e4n att f\u00f6reg\u00e5s, eller hur \u00e4r det man s\u00e4ger?<br>Hans t\u00e5lamod tog iaf slut och jag blev tvungen att verkligen st\u00e5 f\u00f6r konsekvenserna av mina handlingar. N\u00e5got jag aldrig riktigt beh\u00f6vt eller gjort innan. <br>Tack vare det s\u00e5 har jag f\u00e5tt upp \u00f6gonen ordentligt f\u00f6r vad det \u00e4r vi har och p\u00e5 vad som \u00e4r viktigt f\u00f6r <strong>mig!<\/strong><br>Min familj \u00e4r det absolut viktigaste som finns i mitt liv. Det livet han och jag har byggt upp tillsammans.<br>Mina hj\u00e4rnsp\u00f6ken har i alla \u00e5r alltid p\u00e5talat att jag inte beh\u00f6ver honom, att han egentligen inte \u00e4lskar dig eller dina barn. Han f\u00f6rst\u00f6r dina barn. Han ger inte er tillr\u00e4ckligt med k\u00e4rlek osv. osv.<br>T\u00e4nk er sj\u00e4lva att g\u00e5 runt med dessa tankar titt som t\u00e4tt och samtidigt &#8221;veta&#8221; att det inte \u00e4r s\u00e5.<br>Iaf. \u00c4ven om det h\u00f6ll p\u00e5 att kosta mig det viktigaste i mitt liv s\u00e5 \u00e4r det n\u00e5got av det b\u00e4sta som h\u00e4nt mig!<br>Nu <strong>\u00e4ntligen<\/strong> ser jag allt s\u00e5 mycket tydligare och framf\u00f6rallt s\u00e5 k\u00e4nner jag det!<br>Den senaste veckan har varit hemsk med mitt huvud. Jag har en konstant mani om att jag m\u00e5ste \u00e4ndra n\u00e5got och det blir kaos i mitt huvud f\u00f6r jag inte f\u00e5r r\u00e4tt p\u00e5 det.<br>Det r\u00e4cker att han h\u00e5ller om mig s\u00e5 f\u00f6rsvinner det. Mitt huvud blir tyst och det \u00e4r bara hans andetag jag h\u00f6r.<br>Ni som vet, ni vet precis vad jag pratar om. Ni andra kommer aldrig att f\u00f6rst\u00e5.<br>Det har blivit v\u00e4ldigt mycket skriveri om honom p\u00e5 senaste tiden. Men han har f\u00e5tt alldeles f\u00f6r lite cred f\u00f6r allt han g\u00f6r och gjort genom alla \u00e5ren f\u00f6r mig och barnen.<br>\u00c4lskling! <strong> DU \u00c4R DET VIKTIGASTE I V\u00c5RA LIV!<\/strong><br><br>Om exakt 10 dagar s\u00e5 fyller minstingen \u00e5r!<br>Mamma har gjort en nedr\u00e4kningskalender till honom.  Den sitter p\u00e5 hans garderobsd\u00f6rr och d\u00e4r kryssar han f\u00f6r varje dag som g\u00e5r \ud83d\ude42<br>Detta kommer att bli hans b\u00e4sta f\u00f6delsedag n\u00e5gonsin!<br>Jag har haft ett lite finger med i allas presenter till honom s\u00e5 att han verkligen skulle f\u00e5 det han ville ha!<br>Jag \u00e4r helt extas \u00f6ver att se hans miner varje g\u00e5ng han \u00f6ppnar ett paket \ud83d\ude00<br>Jag kan n\u00e4r jag vill \ud83d\ude09<br>I helgen jobbar mannen och vi andra (f\u00f6rutom Kevin) ska p\u00e5 kalas till Ebba! 14!? N\u00e4r h\u00e4nde det lixom?<br>Jag \u00e4r fortfarande bara 27! *skakar p\u00e5 huvudet* <br>N\u00e4r vi kommer hem d\u00e4rifr\u00e5n s\u00e5 ska Emil p\u00e5 kalas till sina ena klasskamrat. Mamma kanske skulle passa p\u00e5 att ta en l\u00e5ng promenad d\u00e5 kanske?<br>Det har ju inte blivit mycket av den varan sedan olyckan med t\u00e5n.<br>Men nu har jag b\u00f6rjat kunna ha skor p\u00e5 mig igen s\u00e5 det b\u00f6r funka.<br>Vi f\u00e5r helt enkelt se \ud83d\ude42<br>Sen p\u00e5 s\u00f6ndag funderar jag p\u00e5 att \u00e5ka till en skog med bara Emil och bara umg\u00e5s med honom. <br>Det \u00e4r ju snart dags f\u00f6r skolan. S\u00e5 han \u00e4r lite uppe i varv just f\u00f6r tillf\u00e4llet. Han ska ju b\u00f6rjan 1:an!<br><strong>Det <\/strong>\u00e4r stort!<br>Eller s\u00e5 \u00e5ker vi kanske och h\u00e4lsar p\u00e5 hos frugan!<br><br>Ha det nu b\u00e4st.<br>Puss och kram p\u00e5 er<\/p>\n\n\n\n<p> <br><\/p>\n\n\n\n<figure class=\"wp-block-gallery columns-3 is-cropped wp-block-gallery-1 is-layout-flex wp-block-gallery-is-layout-flex\"><ul class=\"blocks-gallery-grid\"><li class=\"blocks-gallery-item\"><figure><img loading=\"lazy\" decoding=\"async\" width=\"819\" height=\"1024\" src=\"https:\/\/mittsjukafriska.se\/wp-content\/uploads\/2021\/08\/IMG_20210804_183101_640-819x1024.jpg\" alt=\"\" data-id=\"2962\" data-full-url=\"https:\/\/mittsjukafriska.se\/wp-content\/uploads\/2021\/08\/IMG_20210804_183101_640.jpg\" data-link=\"https:\/\/mittsjukafriska.se\/?attachment_id=2962\" class=\"wp-image-2962\" srcset=\"https:\/\/mittsjukafriska.se\/wp-content\/uploads\/2021\/08\/IMG_20210804_183101_640-819x1024.jpg 819w, https:\/\/mittsjukafriska.se\/wp-content\/uploads\/2021\/08\/IMG_20210804_183101_640-240x300.jpg 240w, https:\/\/mittsjukafriska.se\/wp-content\/uploads\/2021\/08\/IMG_20210804_183101_640-768x960.jpg 768w, https:\/\/mittsjukafriska.se\/wp-content\/uploads\/2021\/08\/IMG_20210804_183101_640-1229x1536.jpg 1229w, https:\/\/mittsjukafriska.se\/wp-content\/uploads\/2021\/08\/IMG_20210804_183101_640-1638x2048.jpg 1638w, https:\/\/mittsjukafriska.se\/wp-content\/uploads\/2021\/08\/IMG_20210804_183101_640-1140x1425.jpg 1140w, https:\/\/mittsjukafriska.se\/wp-content\/uploads\/2021\/08\/IMG_20210804_183101_640.jpg 1680w\" sizes=\"auto, (max-width: 819px) 100vw, 819px\" \/><\/figure><\/li><li class=\"blocks-gallery-item\"><figure><img loading=\"lazy\" decoding=\"async\" width=\"1024\" height=\"472\" src=\"https:\/\/mittsjukafriska.se\/wp-content\/uploads\/2021\/08\/IMG_20210804_063113-1024x472.jpg\" alt=\"\" data-id=\"2963\" data-full-url=\"https:\/\/mittsjukafriska.se\/wp-content\/uploads\/2021\/08\/IMG_20210804_063113-scaled.jpg\" data-link=\"https:\/\/mittsjukafriska.se\/?attachment_id=2963\" class=\"wp-image-2963\" srcset=\"https:\/\/mittsjukafriska.se\/wp-content\/uploads\/2021\/08\/IMG_20210804_063113-1024x472.jpg 1024w, https:\/\/mittsjukafriska.se\/wp-content\/uploads\/2021\/08\/IMG_20210804_063113-300x138.jpg 300w, https:\/\/mittsjukafriska.se\/wp-content\/uploads\/2021\/08\/IMG_20210804_063113-768x354.jpg 768w, https:\/\/mittsjukafriska.se\/wp-content\/uploads\/2021\/08\/IMG_20210804_063113-1536x707.jpg 1536w, https:\/\/mittsjukafriska.se\/wp-content\/uploads\/2021\/08\/IMG_20210804_063113-2048x943.jpg 2048w, https:\/\/mittsjukafriska.se\/wp-content\/uploads\/2021\/08\/IMG_20210804_063113-1140x525.jpg 1140w\" sizes=\"auto, (max-width: 1024px) 100vw, 1024px\" \/><\/figure><\/li><li class=\"blocks-gallery-item\"><figure><img loading=\"lazy\" decoding=\"async\" width=\"472\" height=\"1024\" src=\"https:\/\/mittsjukafriska.se\/wp-content\/uploads\/2021\/08\/IMG_20210802_064230-472x1024.jpg\" alt=\"\" data-id=\"2964\" data-full-url=\"https:\/\/mittsjukafriska.se\/wp-content\/uploads\/2021\/08\/IMG_20210802_064230-scaled.jpg\" data-link=\"https:\/\/mittsjukafriska.se\/?attachment_id=2964\" class=\"wp-image-2964\" srcset=\"https:\/\/mittsjukafriska.se\/wp-content\/uploads\/2021\/08\/IMG_20210802_064230-472x1024.jpg 472w, https:\/\/mittsjukafriska.se\/wp-content\/uploads\/2021\/08\/IMG_20210802_064230-138x300.jpg 138w, https:\/\/mittsjukafriska.se\/wp-content\/uploads\/2021\/08\/IMG_20210802_064230-768x1668.jpg 768w, https:\/\/mittsjukafriska.se\/wp-content\/uploads\/2021\/08\/IMG_20210802_064230-707x1536.jpg 707w, https:\/\/mittsjukafriska.se\/wp-content\/uploads\/2021\/08\/IMG_20210802_064230-943x2048.jpg 943w, https:\/\/mittsjukafriska.se\/wp-content\/uploads\/2021\/08\/IMG_20210802_064230-1140x2475.jpg 1140w, https:\/\/mittsjukafriska.se\/wp-content\/uploads\/2021\/08\/IMG_20210802_064230-scaled.jpg 1179w\" sizes=\"auto, (max-width: 472px) 100vw, 472px\" \/><\/figure><\/li><li class=\"blocks-gallery-item\"><figure><img loading=\"lazy\" decoding=\"async\" width=\"472\" height=\"1024\" src=\"https:\/\/mittsjukafriska.se\/wp-content\/uploads\/2021\/08\/IMG_20210802_064159-472x1024.jpg\" alt=\"\" data-id=\"2965\" data-full-url=\"https:\/\/mittsjukafriska.se\/wp-content\/uploads\/2021\/08\/IMG_20210802_064159-scaled.jpg\" data-link=\"https:\/\/mittsjukafriska.se\/?attachment_id=2965\" class=\"wp-image-2965\" srcset=\"https:\/\/mittsjukafriska.se\/wp-content\/uploads\/2021\/08\/IMG_20210802_064159-472x1024.jpg 472w, https:\/\/mittsjukafriska.se\/wp-content\/uploads\/2021\/08\/IMG_20210802_064159-138x300.jpg 138w, https:\/\/mittsjukafriska.se\/wp-content\/uploads\/2021\/08\/IMG_20210802_064159-768x1668.jpg 768w, https:\/\/mittsjukafriska.se\/wp-content\/uploads\/2021\/08\/IMG_20210802_064159-707x1536.jpg 707w, https:\/\/mittsjukafriska.se\/wp-content\/uploads\/2021\/08\/IMG_20210802_064159-943x2048.jpg 943w, https:\/\/mittsjukafriska.se\/wp-content\/uploads\/2021\/08\/IMG_20210802_064159-1140x2475.jpg 1140w, https:\/\/mittsjukafriska.se\/wp-content\/uploads\/2021\/08\/IMG_20210802_064159-scaled.jpg 1179w\" sizes=\"auto, (max-width: 472px) 100vw, 472px\" \/><\/figure><\/li><li class=\"blocks-gallery-item\"><figure><img loading=\"lazy\" decoding=\"async\" width=\"472\" height=\"1024\" src=\"https:\/\/mittsjukafriska.se\/wp-content\/uploads\/2021\/08\/IMG_20210802_063637-472x1024.jpg\" alt=\"\" data-id=\"2966\" data-full-url=\"https:\/\/mittsjukafriska.se\/wp-content\/uploads\/2021\/08\/IMG_20210802_063637-scaled.jpg\" data-link=\"https:\/\/mittsjukafriska.se\/?attachment_id=2966\" class=\"wp-image-2966\" srcset=\"https:\/\/mittsjukafriska.se\/wp-content\/uploads\/2021\/08\/IMG_20210802_063637-472x1024.jpg 472w, https:\/\/mittsjukafriska.se\/wp-content\/uploads\/2021\/08\/IMG_20210802_063637-138x300.jpg 138w, https:\/\/mittsjukafriska.se\/wp-content\/uploads\/2021\/08\/IMG_20210802_063637-768x1668.jpg 768w, https:\/\/mittsjukafriska.se\/wp-content\/uploads\/2021\/08\/IMG_20210802_063637-707x1536.jpg 707w, https:\/\/mittsjukafriska.se\/wp-content\/uploads\/2021\/08\/IMG_20210802_063637-943x2048.jpg 943w, https:\/\/mittsjukafriska.se\/wp-content\/uploads\/2021\/08\/IMG_20210802_063637-1140x2475.jpg 1140w, https:\/\/mittsjukafriska.se\/wp-content\/uploads\/2021\/08\/IMG_20210802_063637-scaled.jpg 1179w\" sizes=\"auto, (max-width: 472px) 100vw, 472px\" \/><figcaption class=\"blocks-gallery-item__caption\">hdrpl<\/figcaption><\/figure><\/li><\/ul><\/figure>\n","protected":false},"excerpt":{"rendered":"<p>Det b\u00f6rjar k\u00e4nnas som h\u00f6st i luften. Tycker ni inte det? Idag tog jag dock, i ren protest, p\u00e5 mig en kl\u00e4nning. Man f\u00e5r krama ut det sista ur sommaren.Den senaste tiden har varit sis\u00e5d\u00e4r. Jag tycker att mina svackor blir l\u00e4ngre och djupare nu igen.Sen vet jag inte om det \u00e4r f\u00f6r att h\u00f6sten faktiskt \u00e4r p\u00e5 v\u00e4g som \u00e4r orsaken.Men huvudet vill inte alls samarbeta med min kropp.Jag har sagt det f\u00f6rr och jag s\u00e4ger det igen.Tack och lov s\u00e5 har jag den mannen jag har! \u00c4ven om jag ibland kan tycka att han inte ska s\u00e5 g\u00f6r han sakerna som jag har sagt att jag ska g\u00f6ra men som jag inte orkar ta tag i. Hela helgen h\u00f6ll vi p\u00e5 i tr\u00e4dg\u00e5rden.Vi klippte ner v\u00e5rat buskage som vuxit sig lite v\u00e4l vilt. Harvat g\u00e5rdsplanen, fr\u00e4st en gr\u00e4skant osv.Ja en massa som han egentligen inte ser n\u00e5got med men g\u00f6r det f\u00f6r min skull. &lt;3Ig\u00e5r n\u00e4mnde jag att jag beh\u00f6vde t\u00f6mma den ena v\u00e4xthuset och att jag skulle kanske ta tag i det idag.I f\u00f6rmiddags f\u00e5r jag en bild d\u00e4r han redan var ig\u00e5ng med det.Jag \u00e4lskar honom lite mer f\u00f6r varje dag som g\u00e5r &lt;3I v\u00e4ldigt m\u00e5nga \u00e5r har jag haft v\u00e4ldigt sv\u00e5rt f\u00f6r att f\u00f6rst\u00e5 hur n\u00e5gon kan \u00e4lska mig s\u00e5 som han s\u00e4ger att han g\u00f6r. Jag har hela tiden g\u00e5tt och v\u00e4ntat p\u00e5 att han ska g\u00f6ra bort sig. Att han ska f\u00f6rst\u00f6ra f\u00f6r mig, f\u00f6r oss. Att han ska s\u00e5ra mig osv. Det har ju gjort att jag hela tiden har varit p\u00e5 min vakt. Inte varje dag och inte hela tiden. Men n\u00e4r dom dagarna har kommit s\u00e5 har dom kommit med dunder och brak. Det har \u00e4ven gjort att jag aldrig riktigt sett allt han g\u00f6r f\u00f6r mig och hur mycket han finns d\u00e4r f\u00f6r mig.Den senaste tiden s\u00e5 \u00e4r det jag som st\u00e5tt f\u00f6r att g\u00f6ra v\u00e5rat liv v\u00e4ldigt otryggt och ostabilt.Jag har alltid f\u00f6rs\u00f6kt sabotera (undermedvetet) f\u00f6r mig sj\u00e4lv. B\u00e4ttre att f\u00f6reg\u00e5 \u00e4n att f\u00f6reg\u00e5s, eller hur \u00e4r det man s\u00e4ger?Hans t\u00e5lamod tog iaf slut och jag blev tvungen att verkligen st\u00e5 f\u00f6r konsekvenserna av mina handlingar. N\u00e5got jag aldrig riktigt beh\u00f6vt eller gjort innan. Tack vare det s\u00e5 har jag f\u00e5tt upp \u00f6gonen ordentligt f\u00f6r vad det \u00e4r vi har och p\u00e5 vad som \u00e4r viktigt f\u00f6r mig!Min familj \u00e4r det absolut viktigaste som finns i mitt liv. Det livet han och jag har byggt upp tillsammans.Mina hj\u00e4rnsp\u00f6ken har i alla \u00e5r alltid p\u00e5talat att jag inte beh\u00f6ver honom, att han egentligen inte \u00e4lskar dig eller dina barn. Han f\u00f6rst\u00f6r dina barn. Han ger inte er tillr\u00e4ckligt med k\u00e4rlek osv. osv.T\u00e4nk er sj\u00e4lva att g\u00e5 runt med dessa tankar titt som t\u00e4tt och samtidigt &#8221;veta&#8221; att det inte \u00e4r s\u00e5.Iaf. \u00c4ven om det h\u00f6ll p\u00e5 att kosta mig det viktigaste i mitt liv s\u00e5 \u00e4r det n\u00e5got av det b\u00e4sta som h\u00e4nt mig!Nu \u00e4ntligen ser jag allt s\u00e5 mycket tydligare och framf\u00f6rallt s\u00e5 k\u00e4nner jag det!Den senaste veckan har varit hemsk med mitt huvud. Jag har en konstant mani om att jag m\u00e5ste \u00e4ndra n\u00e5got och det blir kaos i mitt huvud f\u00f6r jag inte f\u00e5r r\u00e4tt p\u00e5 det.Det r\u00e4cker att han h\u00e5ller om mig s\u00e5 f\u00f6rsvinner det. Mitt huvud blir tyst och det \u00e4r bara hans andetag jag h\u00f6r.Ni som vet, ni vet precis vad jag pratar om. Ni andra kommer aldrig att f\u00f6rst\u00e5.Det har blivit v\u00e4ldigt mycket skriveri om honom p\u00e5 senaste tiden. Men han har f\u00e5tt alldeles f\u00f6r lite cred f\u00f6r allt han g\u00f6r och gjort genom alla \u00e5ren f\u00f6r mig och barnen.\u00c4lskling! DU \u00c4R DET VIKTIGASTE I V\u00c5RA LIV! Om exakt 10 dagar s\u00e5 fyller minstingen \u00e5r!Mamma har gjort en nedr\u00e4kningskalender till honom. Den sitter p\u00e5 hans garderobsd\u00f6rr och d\u00e4r kryssar han f\u00f6r varje dag som g\u00e5r \ud83d\ude42Detta kommer att bli hans b\u00e4sta f\u00f6delsedag n\u00e5gonsin!Jag har haft ett lite finger med i allas presenter till honom s\u00e5 att han verkligen skulle f\u00e5 det han ville ha!Jag \u00e4r helt extas \u00f6ver att se hans miner varje g\u00e5ng han \u00f6ppnar ett paket \ud83d\ude00Jag kan n\u00e4r jag vill \ud83d\ude09I helgen jobbar mannen och vi andra (f\u00f6rutom Kevin) ska p\u00e5 kalas till Ebba! 14!? N\u00e4r h\u00e4nde det lixom?Jag \u00e4r fortfarande bara 27! *skakar p\u00e5 huvudet* N\u00e4r vi kommer hem d\u00e4rifr\u00e5n s\u00e5 ska Emil p\u00e5 kalas till sina ena klasskamrat. Mamma kanske skulle passa p\u00e5 att ta en l\u00e5ng promenad d\u00e5 kanske?Det har ju inte blivit mycket av den varan sedan olyckan med t\u00e5n.Men nu har jag b\u00f6rjat kunna ha skor p\u00e5 mig igen s\u00e5 det b\u00f6r funka.Vi f\u00e5r helt enkelt se \ud83d\ude42Sen p\u00e5 s\u00f6ndag funderar jag p\u00e5 att \u00e5ka till en skog med bara Emil och bara umg\u00e5s med honom. Det \u00e4r ju snart dags f\u00f6r skolan. S\u00e5 han \u00e4r lite uppe i varv just f\u00f6r tillf\u00e4llet. Han ska ju b\u00f6rjan 1:an!Det \u00e4r stort!Eller s\u00e5 \u00e5ker vi kanske och h\u00e4lsar p\u00e5 hos frugan! Ha det nu b\u00e4st.Puss och kram p\u00e5 er<\/p>\n","protected":false},"author":3,"featured_media":0,"comment_status":"open","ping_status":"open","sticky":false,"template":"","format":"standard","meta":{"_jetpack_memberships_contains_paid_content":false,"footnotes":""},"categories":[1],"tags":[],"class_list":["post-2959","post","type-post","status-publish","format-standard","hentry","category-personligt"],"jetpack_featured_media_url":"","jetpack_sharing_enabled":true,"_links":{"self":[{"href":"https:\/\/mittsjukafriska.se\/index.php?rest_route=\/wp\/v2\/posts\/2959","targetHints":{"allow":["GET"]}}],"collection":[{"href":"https:\/\/mittsjukafriska.se\/index.php?rest_route=\/wp\/v2\/posts"}],"about":[{"href":"https:\/\/mittsjukafriska.se\/index.php?rest_route=\/wp\/v2\/types\/post"}],"author":[{"embeddable":true,"href":"https:\/\/mittsjukafriska.se\/index.php?rest_route=\/wp\/v2\/users\/3"}],"replies":[{"embeddable":true,"href":"https:\/\/mittsjukafriska.se\/index.php?rest_route=%2Fwp%2Fv2%2Fcomments&post=2959"}],"version-history":[{"count":2,"href":"https:\/\/mittsjukafriska.se\/index.php?rest_route=\/wp\/v2\/posts\/2959\/revisions"}],"predecessor-version":[{"id":2967,"href":"https:\/\/mittsjukafriska.se\/index.php?rest_route=\/wp\/v2\/posts\/2959\/revisions\/2967"}],"wp:attachment":[{"href":"https:\/\/mittsjukafriska.se\/index.php?rest_route=%2Fwp%2Fv2%2Fmedia&parent=2959"}],"wp:term":[{"taxonomy":"category","embeddable":true,"href":"https:\/\/mittsjukafriska.se\/index.php?rest_route=%2Fwp%2Fv2%2Fcategories&post=2959"},{"taxonomy":"post_tag","embeddable":true,"href":"https:\/\/mittsjukafriska.se\/index.php?rest_route=%2Fwp%2Fv2%2Ftags&post=2959"}],"curies":[{"name":"wp","href":"https:\/\/api.w.org\/{rel}","templated":true}]}}