{"id":2975,"date":"2021-08-26T18:22:12","date_gmt":"2021-08-26T17:22:12","guid":{"rendered":"https:\/\/mittsjukafriska.se\/?p=2975"},"modified":"2021-08-26T18:59:09","modified_gmt":"2021-08-26T17:59:09","slug":"semesterfirarna","status":"publish","type":"post","link":"https:\/\/mittsjukafriska.se\/?p=2975","title":{"rendered":"Semesterfirarna!"},"content":{"rendered":"\n<p>Det \u00e4r torsdag redan och v\u00e5ran sista semester \u00e4r snart slut.<br>Men det har verkligen varit h\u00e4rlig.<br>Mitt huvud har verkligen f\u00e5tt koppla av och \u00e5terh\u00e4mta sig.<br>Vi b\u00f6rjade veckan med att ta tag i garaget. Vi har dragit oss f\u00f6r att ta tag i det.<br>Men i somras s\u00e5 best\u00e4mde vi att, N\u00e4 nu m\u00e5ste vi f\u00e5 ordning h\u00e4r.<br>Sagt och gjort. Vi \u00f6ste mer eller mindre ut <strong>allt<\/strong> som fanns d\u00e4r i och b\u00f6rjade sortera ut s\u00e5nt som inte skulle tillbaka in.<br>Det blev en bra h\u00f6g med skr\u00e4p som ska till tippen.<br>Vi v\u00e4ntar med att k\u00f6ra dit eftersom vi ska ta tag i vinden ocks\u00e5.<br>Hela m\u00e5ndagen gick \u00e5t till det men attans vad bra det blev n\u00e4r vi v\u00e4l blev klara.<br>Tisdagen gick \u00e5t att st\u00e4lla ordning vagnen, rigga sp\u00f6n och packa.<br>F\u00f6r jag och mannen skulle minsann p\u00e5 dejt.<br>Den dejten innebar att bara han och jag skulle \u00e5ka med vagnen, \u00f6vernatta och fiska kr\u00e4ftor.<br>Vilken underbar dejt!<br>Vi var lite nerv\u00f6sa \u00f6ver att vi inte skulle f\u00e5 v\u00e4rmen att funka med bara gasolen men jod\u00e5!<br>Det var varmt och gott i vagnen under natten.<br>Vi \u00e5t middag hemma med grabbarna och n\u00e4r vi \u00e4nd\u00e5 skulle l\u00e4mna Emil p\u00e5 fotbollen s\u00e5 hade vi vagnen med oss och begav oss iv\u00e4g.<br>Det \u00e4r r\u00e4tt h\u00e4rligt att vi har s\u00e5 stora barn ocks\u00e5.<br>Kevin fick ansvaret att h\u00e4mta Emil och Liam p\u00e5 kv\u00e4llen och sk\u00f6ta allt det d\u00e4r som ska sk\u00f6tas och att f\u00e5 upp och iv\u00e4g dom p\u00e5 morgonen sen.<br>Vilket han fixade utan problem.<br>Jag litar s\u00e5 pass p\u00e5 honom att jag inte ens h\u00f6rde av mig och kollade. <br>Den ni!<br>Iaf. Vi kom fram. St\u00e4llde ordning det som skulle st\u00e4llas i ordning och sen var det bara till att b\u00f6rja koppla av och njuta!<br>Vi gick bort f\u00f6r att fiska m\u00f6rt. Det gick ju s\u00e5 d\u00e4r. Det var tur att Conny kom och visade var sk\u00e5pet skulle st\u00e5 \ud83d\ude09<br>Vi fick v\u00e5r m\u00f6rt till sist iaf och sen var det bara till att rigga burarna och v\u00e4nta p\u00e5 att det var dags att sl\u00e4nga ut dom.<br><br>Vi hade j\u00e4tte roligt tillsammans och det var nog ett tag sedan vi skrattade s\u00e5 \u00e5t varandras klumpighet.<br>Tur att ingen filmade oss.<br>N\u00e4r burarna var p\u00e5 plats och vi var tillbaka vid vagnen s\u00e5 satte vi oss bara d\u00e4r ute och nj\u00f6t av tystanden och m\u00f6rkret.<br>Det \u00e4r s\u00e5 fridfullt och h\u00e4rligt. <br>Inga m\u00e5sten. Inte en massa intryck och ljud. <br>Hade jag kunnat s\u00e5 hade jag levt s\u00e5 alltid. Men det f\u00e5r vara bra med lite d\u00e5 och d\u00e5 ist\u00e4llet.<br>Senare p\u00e5 kv\u00e4llen s\u00e5 la vi oss i vars en soffa och startade tv och bara m\u00f6s fram tills det var dags att sova. Klockan skulle ju ringa mitt i natten f\u00f6r att vi skulle kolla burarna.<br>Sagt och gjort. <br>D\u00e4r var v\u00e4l inte s\u00e5 mycket som vi hade hoppats men det blev s\u00e5 att det r\u00e4cker till oss iaf och det var egentligen den enda anledningen till att vi gjorde det h\u00e4r.<br>Vi la tillbaka tv\u00e5 burar efter att vi hade t\u00f6mt dom bara f\u00f6r att se om d\u00e4r kom fler, men nja. Vi fick 4 till \ud83d\ude1b<br>Conny kom p\u00e5 morgon kaffe dagen efter.<br>Alltid lika trevligt med dom tv\u00e5 mot mig :-\/<br>Sara, det \u00e4r inte schysst att  bara l\u00e4mna mig med dessa tv\u00e5 ;-P<br>Vi hade ju inte s\u00e4rskilt br\u00e5ttom att \u00e5ka hem om man s\u00e4ger s\u00e5.<br>Vi tog en liten promenad i regnet och sen spenderade vi resten av tiden i vagnen och bara var.<br>Jag \u00e4lskar det!<br>Men jag m\u00e5ste erk\u00e4nna att det var r\u00e4tt sk\u00f6nt att ta sig en rej\u00e4lt varm och l\u00e5ng dusch n\u00e4r man kom hem och det var r\u00e4tt nice att krypa ner i sin egen s\u00e4ng.<br>Jag har g\u00e5tt lite som en zombie idag. Jag \u00e4r lite sm\u00e5tt k\u00e4nslig mot \u00e4ndringar i min dygnsrytm. \ud83d\ude09<br>Meeen vi har f\u00e5tt r\u00f6jt p\u00e5 vinden ocks\u00e5, som vi skulle.<br>Det k\u00e4nns s\u00e5 sk\u00f6nt att  bara f\u00e5 sl\u00e4nga allt skr\u00e4p man samlat p\u00e5 sig genom \u00e5ren.<br>Liam fuckade up i skolan s\u00e5 han \u00e5kte p\u00e5 att b\u00e4ra ner det. \ud83d\ude09<br>Det ska k\u00e4nnas n\u00e4r man g\u00f6r bort sig och \u00e4r respektl\u00f6s mot l\u00e4rarna.<br>Vi fick n\u00e4mligen ett mail fr\u00e5n en av hans mentorer ig\u00e5r om att Liam varit r\u00e4tt s\u00e5 otrevlig mot en av sina l\u00e4rare.<br>N\u00e4r vi fr\u00e5gade honom om det s\u00e5 sa han att l\u00e4raren fick skylla sig sj\u00e4lv om han nu \u00e4r s\u00e5 dum som fr\u00e5ga vad Liam tycker om honom egentligen.<br>Allts\u00e5!?<br><strong>Hur<\/strong> kan man som l\u00e4rare st\u00e5 och fr\u00e5ga ett autistiskt barn en s\u00e5n sak och sen bli f\u00f6rv\u00e5nad n\u00e4r man f\u00e5r det svaret han fick?!<br>Jag urs\u00e4ktar absolut inte Liams uppf\u00f6rande.<br>Han har f\u00e5tt h\u00f6ra b\u00e5de min och pappas \u00e5sikt om att uppf\u00f6ra sig p\u00e5 det viset och han l\u00e4r nog t\u00e4nka sig f\u00f6r mer \u00e4n en g\u00e5ng om han skulle f\u00e5 en s\u00e5n fr\u00e5ga igen.<br>Men ja&#8230;..<br>Sen fick han \u00e4ven h\u00f6ra v\u00e5r \u00e5sikt om att l\u00e4mna lektionen utan att prata med sin l\u00e4rare.<br>Jag fattar seri\u00f6st inte var den h\u00e4r respektl\u00f6sheten gentemot sina l\u00e4rare kommer ifr\u00e5n!<br>Ja vi kunde ocks\u00e5 vara kaxiga, uppk\u00e4ftiga och testa gr\u00e4nser.<br>Men det fanns inte p\u00e5 kartan att man h\u00f6ll p\u00e5 s\u00e5 som dessa ungdomar g\u00f6r. <br>Komma och g\u00e5 som man vill mer eller mindre och sen ha \u00e5sikter n\u00e4r det blir konsekvenser?!<br>Fan heller. L\u00e4mnar du min lektion utan att fr\u00e5ga om lov s\u00e5 kan du stanna ute.<br>Sluta curla era barn f\u00f6r helvete!<br><br>Puss p\u00e5 er<\/p>\n\n\n\n<figure class=\"wp-block-gallery columns-3 is-cropped wp-block-gallery-1 is-layout-flex wp-block-gallery-is-layout-flex\"><ul class=\"blocks-gallery-grid\"><li class=\"blocks-gallery-item\"><figure><img loading=\"lazy\" decoding=\"async\" width=\"472\" height=\"1024\" src=\"https:\/\/mittsjukafriska.se\/wp-content\/uploads\/2021\/08\/IMG_20210825_111112-472x1024.jpg\" alt=\"\" data-id=\"2987\" data-link=\"https:\/\/mittsjukafriska.se\/?attachment_id=2987\" class=\"wp-image-2987\" srcset=\"https:\/\/mittsjukafriska.se\/wp-content\/uploads\/2021\/08\/IMG_20210825_111112-472x1024.jpg 472w, https:\/\/mittsjukafriska.se\/wp-content\/uploads\/2021\/08\/IMG_20210825_111112-138x300.jpg 138w, https:\/\/mittsjukafriska.se\/wp-content\/uploads\/2021\/08\/IMG_20210825_111112-768x1668.jpg 768w, https:\/\/mittsjukafriska.se\/wp-content\/uploads\/2021\/08\/IMG_20210825_111112-707x1536.jpg 707w, https:\/\/mittsjukafriska.se\/wp-content\/uploads\/2021\/08\/IMG_20210825_111112-943x2048.jpg 943w, https:\/\/mittsjukafriska.se\/wp-content\/uploads\/2021\/08\/IMG_20210825_111112-1140x2475.jpg 1140w, https:\/\/mittsjukafriska.se\/wp-content\/uploads\/2021\/08\/IMG_20210825_111112-scaled.jpg 1179w\" sizes=\"auto, (max-width: 472px) 100vw, 472px\" \/><\/figure><\/li><li class=\"blocks-gallery-item\"><figure><img loading=\"lazy\" decoding=\"async\" width=\"472\" height=\"1024\" src=\"https:\/\/mittsjukafriska.se\/wp-content\/uploads\/2021\/08\/IMG_20210824_213449-472x1024.jpg\" alt=\"\" data-id=\"2988\" data-link=\"https:\/\/mittsjukafriska.se\/?attachment_id=2988\" class=\"wp-image-2988\" srcset=\"https:\/\/mittsjukafriska.se\/wp-content\/uploads\/2021\/08\/IMG_20210824_213449-472x1024.jpg 472w, https:\/\/mittsjukafriska.se\/wp-content\/uploads\/2021\/08\/IMG_20210824_213449-138x300.jpg 138w, https:\/\/mittsjukafriska.se\/wp-content\/uploads\/2021\/08\/IMG_20210824_213449-768x1668.jpg 768w, https:\/\/mittsjukafriska.se\/wp-content\/uploads\/2021\/08\/IMG_20210824_213449-707x1536.jpg 707w, https:\/\/mittsjukafriska.se\/wp-content\/uploads\/2021\/08\/IMG_20210824_213449-943x2048.jpg 943w, https:\/\/mittsjukafriska.se\/wp-content\/uploads\/2021\/08\/IMG_20210824_213449-1140x2475.jpg 1140w, https:\/\/mittsjukafriska.se\/wp-content\/uploads\/2021\/08\/IMG_20210824_213449-scaled.jpg 1179w\" sizes=\"auto, (max-width: 472px) 100vw, 472px\" \/><\/figure><\/li><li class=\"blocks-gallery-item\"><figure><img loading=\"lazy\" decoding=\"async\" width=\"472\" height=\"1024\" src=\"https:\/\/mittsjukafriska.se\/wp-content\/uploads\/2021\/08\/IMG_20210824_213415-472x1024.jpg\" alt=\"\" data-id=\"2989\" data-link=\"https:\/\/mittsjukafriska.se\/?attachment_id=2989\" class=\"wp-image-2989\" srcset=\"https:\/\/mittsjukafriska.se\/wp-content\/uploads\/2021\/08\/IMG_20210824_213415-472x1024.jpg 472w, https:\/\/mittsjukafriska.se\/wp-content\/uploads\/2021\/08\/IMG_20210824_213415-138x300.jpg 138w, https:\/\/mittsjukafriska.se\/wp-content\/uploads\/2021\/08\/IMG_20210824_213415-768x1668.jpg 768w, https:\/\/mittsjukafriska.se\/wp-content\/uploads\/2021\/08\/IMG_20210824_213415-707x1536.jpg 707w, https:\/\/mittsjukafriska.se\/wp-content\/uploads\/2021\/08\/IMG_20210824_213415-943x2048.jpg 943w, https:\/\/mittsjukafriska.se\/wp-content\/uploads\/2021\/08\/IMG_20210824_213415-1140x2475.jpg 1140w, https:\/\/mittsjukafriska.se\/wp-content\/uploads\/2021\/08\/IMG_20210824_213415-scaled.jpg 1179w\" sizes=\"auto, (max-width: 472px) 100vw, 472px\" \/><\/figure><\/li><li class=\"blocks-gallery-item\"><figure><img loading=\"lazy\" decoding=\"async\" width=\"472\" height=\"1024\" src=\"https:\/\/mittsjukafriska.se\/wp-content\/uploads\/2021\/08\/IMG_20210824_185948-472x1024.jpg\" alt=\"\" data-id=\"2990\" data-link=\"https:\/\/mittsjukafriska.se\/?attachment_id=2990\" class=\"wp-image-2990\" srcset=\"https:\/\/mittsjukafriska.se\/wp-content\/uploads\/2021\/08\/IMG_20210824_185948-472x1024.jpg 472w, https:\/\/mittsjukafriska.se\/wp-content\/uploads\/2021\/08\/IMG_20210824_185948-138x300.jpg 138w, https:\/\/mittsjukafriska.se\/wp-content\/uploads\/2021\/08\/IMG_20210824_185948-768x1668.jpg 768w, https:\/\/mittsjukafriska.se\/wp-content\/uploads\/2021\/08\/IMG_20210824_185948-707x1536.jpg 707w, https:\/\/mittsjukafriska.se\/wp-content\/uploads\/2021\/08\/IMG_20210824_185948-943x2048.jpg 943w, https:\/\/mittsjukafriska.se\/wp-content\/uploads\/2021\/08\/IMG_20210824_185948-1140x2475.jpg 1140w, https:\/\/mittsjukafriska.se\/wp-content\/uploads\/2021\/08\/IMG_20210824_185948-scaled.jpg 1179w\" sizes=\"auto, (max-width: 472px) 100vw, 472px\" \/><\/figure><\/li><li class=\"blocks-gallery-item\"><figure><img loading=\"lazy\" decoding=\"async\" width=\"1024\" height=\"1024\" src=\"https:\/\/mittsjukafriska.se\/wp-content\/uploads\/2021\/08\/IMG_20210824_173856_098-1024x1024.webp\" alt=\"\" data-id=\"2991\" data-link=\"https:\/\/mittsjukafriska.se\/?attachment_id=2991\" class=\"wp-image-2991\" srcset=\"https:\/\/mittsjukafriska.se\/wp-content\/uploads\/2021\/08\/IMG_20210824_173856_098-1024x1024.webp 1024w, https:\/\/mittsjukafriska.se\/wp-content\/uploads\/2021\/08\/IMG_20210824_173856_098-300x300.webp 300w, https:\/\/mittsjukafriska.se\/wp-content\/uploads\/2021\/08\/IMG_20210824_173856_098-150x150.webp 150w, https:\/\/mittsjukafriska.se\/wp-content\/uploads\/2021\/08\/IMG_20210824_173856_098-768x768.webp 768w, https:\/\/mittsjukafriska.se\/wp-content\/uploads\/2021\/08\/IMG_20210824_173856_098-1536x1536.webp 1536w, https:\/\/mittsjukafriska.se\/wp-content\/uploads\/2021\/08\/IMG_20210824_173856_098-1140x1140.webp 1140w, https:\/\/mittsjukafriska.se\/wp-content\/uploads\/2021\/08\/IMG_20210824_173856_098-75x75.webp 75w, https:\/\/mittsjukafriska.se\/wp-content\/uploads\/2021\/08\/IMG_20210824_173856_098.webp 1680w\" sizes=\"auto, (max-width: 1024px) 100vw, 1024px\" \/><\/figure><\/li><li class=\"blocks-gallery-item\"><figure><img loading=\"lazy\" decoding=\"async\" width=\"472\" height=\"1024\" src=\"https:\/\/mittsjukafriska.se\/wp-content\/uploads\/2021\/08\/IMG_20210825_140646-472x1024.jpg\" alt=\"\" data-id=\"2992\" data-full-url=\"https:\/\/mittsjukafriska.se\/wp-content\/uploads\/2021\/08\/IMG_20210825_140646-scaled.jpg\" data-link=\"https:\/\/mittsjukafriska.se\/?attachment_id=2992\" class=\"wp-image-2992\" srcset=\"https:\/\/mittsjukafriska.se\/wp-content\/uploads\/2021\/08\/IMG_20210825_140646-472x1024.jpg 472w, https:\/\/mittsjukafriska.se\/wp-content\/uploads\/2021\/08\/IMG_20210825_140646-138x300.jpg 138w, https:\/\/mittsjukafriska.se\/wp-content\/uploads\/2021\/08\/IMG_20210825_140646-768x1668.jpg 768w, https:\/\/mittsjukafriska.se\/wp-content\/uploads\/2021\/08\/IMG_20210825_140646-707x1536.jpg 707w, https:\/\/mittsjukafriska.se\/wp-content\/uploads\/2021\/08\/IMG_20210825_140646-943x2048.jpg 943w, https:\/\/mittsjukafriska.se\/wp-content\/uploads\/2021\/08\/IMG_20210825_140646-1140x2475.jpg 1140w, https:\/\/mittsjukafriska.se\/wp-content\/uploads\/2021\/08\/IMG_20210825_140646-scaled.jpg 1179w\" sizes=\"auto, (max-width: 472px) 100vw, 472px\" \/><\/figure><\/li><\/ul><\/figure>\n","protected":false},"excerpt":{"rendered":"<p>Det \u00e4r torsdag redan och v\u00e5ran sista semester \u00e4r snart slut.Men det har verkligen varit h\u00e4rlig.Mitt huvud har verkligen f\u00e5tt koppla av och \u00e5terh\u00e4mta sig.Vi b\u00f6rjade veckan med att ta tag i garaget. Vi har dragit oss f\u00f6r att ta tag i det.Men i somras s\u00e5 best\u00e4mde vi att, N\u00e4 nu m\u00e5ste vi f\u00e5 ordning h\u00e4r.Sagt och gjort. Vi \u00f6ste mer eller mindre ut allt som fanns d\u00e4r i och b\u00f6rjade sortera ut s\u00e5nt som inte skulle tillbaka in.Det blev en bra h\u00f6g med skr\u00e4p som ska till tippen.Vi v\u00e4ntar med att k\u00f6ra dit eftersom vi ska ta tag i vinden ocks\u00e5.Hela m\u00e5ndagen gick \u00e5t till det men attans vad bra det blev n\u00e4r vi v\u00e4l blev klara.Tisdagen gick \u00e5t att st\u00e4lla ordning vagnen, rigga sp\u00f6n och packa.F\u00f6r jag och mannen skulle minsann p\u00e5 dejt.Den dejten innebar att bara han och jag skulle \u00e5ka med vagnen, \u00f6vernatta och fiska kr\u00e4ftor.Vilken underbar dejt!Vi var lite nerv\u00f6sa \u00f6ver att vi inte skulle f\u00e5 v\u00e4rmen att funka med bara gasolen men jod\u00e5!Det var varmt och gott i vagnen under natten.Vi \u00e5t middag hemma med grabbarna och n\u00e4r vi \u00e4nd\u00e5 skulle l\u00e4mna Emil p\u00e5 fotbollen s\u00e5 hade vi vagnen med oss och begav oss iv\u00e4g.Det \u00e4r r\u00e4tt h\u00e4rligt att vi har s\u00e5 stora barn ocks\u00e5.Kevin fick ansvaret att h\u00e4mta Emil och Liam p\u00e5 kv\u00e4llen och sk\u00f6ta allt det d\u00e4r som ska sk\u00f6tas och att f\u00e5 upp och iv\u00e4g dom p\u00e5 morgonen sen.Vilket han fixade utan problem.Jag litar s\u00e5 pass p\u00e5 honom att jag inte ens h\u00f6rde av mig och kollade. Den ni!Iaf. Vi kom fram. St\u00e4llde ordning det som skulle st\u00e4llas i ordning och sen var det bara till att b\u00f6rja koppla av och njuta!Vi gick bort f\u00f6r att fiska m\u00f6rt. Det gick ju s\u00e5 d\u00e4r. Det var tur att Conny kom och visade var sk\u00e5pet skulle st\u00e5 \ud83d\ude09Vi fick v\u00e5r m\u00f6rt till sist iaf och sen var det bara till att rigga burarna och v\u00e4nta p\u00e5 att det var dags att sl\u00e4nga ut dom. Vi hade j\u00e4tte roligt tillsammans och det var nog ett tag sedan vi skrattade s\u00e5 \u00e5t varandras klumpighet.Tur att ingen filmade oss.N\u00e4r burarna var p\u00e5 plats och vi var tillbaka vid vagnen s\u00e5 satte vi oss bara d\u00e4r ute och nj\u00f6t av tystanden och m\u00f6rkret.Det \u00e4r s\u00e5 fridfullt och h\u00e4rligt. Inga m\u00e5sten. Inte en massa intryck och ljud. Hade jag kunnat s\u00e5 hade jag levt s\u00e5 alltid. Men det f\u00e5r vara bra med lite d\u00e5 och d\u00e5 ist\u00e4llet.Senare p\u00e5 kv\u00e4llen s\u00e5 la vi oss i vars en soffa och startade tv och bara m\u00f6s fram tills det var dags att sova. Klockan skulle ju ringa mitt i natten f\u00f6r att vi skulle kolla burarna.Sagt och gjort. D\u00e4r var v\u00e4l inte s\u00e5 mycket som vi hade hoppats men det blev s\u00e5 att det r\u00e4cker till oss iaf och det var egentligen den enda anledningen till att vi gjorde det h\u00e4r.Vi la tillbaka tv\u00e5 burar efter att vi hade t\u00f6mt dom bara f\u00f6r att se om d\u00e4r kom fler, men nja. Vi fick 4 till \ud83d\ude1bConny kom p\u00e5 morgon kaffe dagen efter.Alltid lika trevligt med dom tv\u00e5 mot mig :-\/Sara, det \u00e4r inte schysst att bara l\u00e4mna mig med dessa tv\u00e5 ;-PVi hade ju inte s\u00e4rskilt br\u00e5ttom att \u00e5ka hem om man s\u00e4ger s\u00e5.Vi tog en liten promenad i regnet och sen spenderade vi resten av tiden i vagnen och bara var.Jag \u00e4lskar det!Men jag m\u00e5ste erk\u00e4nna att det var r\u00e4tt sk\u00f6nt att ta sig en rej\u00e4lt varm och l\u00e5ng dusch n\u00e4r man kom hem och det var r\u00e4tt nice att krypa ner i sin egen s\u00e4ng.Jag har g\u00e5tt lite som en zombie idag. Jag \u00e4r lite sm\u00e5tt k\u00e4nslig mot \u00e4ndringar i min dygnsrytm. \ud83d\ude09Meeen vi har f\u00e5tt r\u00f6jt p\u00e5 vinden ocks\u00e5, som vi skulle.Det k\u00e4nns s\u00e5 sk\u00f6nt att bara f\u00e5 sl\u00e4nga allt skr\u00e4p man samlat p\u00e5 sig genom \u00e5ren.Liam fuckade up i skolan s\u00e5 han \u00e5kte p\u00e5 att b\u00e4ra ner det. \ud83d\ude09Det ska k\u00e4nnas n\u00e4r man g\u00f6r bort sig och \u00e4r respektl\u00f6s mot l\u00e4rarna.Vi fick n\u00e4mligen ett mail fr\u00e5n en av hans mentorer ig\u00e5r om att Liam varit r\u00e4tt s\u00e5 otrevlig mot en av sina l\u00e4rare.N\u00e4r vi fr\u00e5gade honom om det s\u00e5 sa han att l\u00e4raren fick skylla sig sj\u00e4lv om han nu \u00e4r s\u00e5 dum som fr\u00e5ga vad Liam tycker om honom egentligen.Allts\u00e5!?Hur kan man som l\u00e4rare st\u00e5 och fr\u00e5ga ett autistiskt barn en s\u00e5n sak och sen bli f\u00f6rv\u00e5nad n\u00e4r man f\u00e5r det svaret han fick?!Jag urs\u00e4ktar absolut inte Liams uppf\u00f6rande.Han har f\u00e5tt h\u00f6ra b\u00e5de min och pappas \u00e5sikt om att uppf\u00f6ra sig p\u00e5 det viset och han l\u00e4r nog t\u00e4nka sig f\u00f6r mer \u00e4n en g\u00e5ng om han skulle f\u00e5 en s\u00e5n fr\u00e5ga igen.Men ja&#8230;..Sen fick han \u00e4ven h\u00f6ra v\u00e5r \u00e5sikt om att l\u00e4mna lektionen utan att prata med sin l\u00e4rare.Jag fattar seri\u00f6st inte var den h\u00e4r respektl\u00f6sheten gentemot sina l\u00e4rare kommer ifr\u00e5n!Ja vi kunde ocks\u00e5 vara kaxiga, uppk\u00e4ftiga och testa gr\u00e4nser.Men det fanns inte p\u00e5 kartan att man h\u00f6ll p\u00e5 s\u00e5 som dessa ungdomar g\u00f6r. Komma och g\u00e5 som man vill mer eller mindre och sen ha \u00e5sikter n\u00e4r det blir konsekvenser?!Fan heller. L\u00e4mnar du min lektion utan att fr\u00e5ga om lov s\u00e5 kan du stanna ute.Sluta curla era barn f\u00f6r helvete! Puss p\u00e5 er<\/p>\n","protected":false},"author":3,"featured_media":0,"comment_status":"open","ping_status":"open","sticky":false,"template":"","format":"standard","meta":{"_jetpack_memberships_contains_paid_content":false,"footnotes":""},"categories":[1],"tags":[],"class_list":["post-2975","post","type-post","status-publish","format-standard","hentry","category-personligt"],"jetpack_featured_media_url":"","jetpack_sharing_enabled":true,"_links":{"self":[{"href":"https:\/\/mittsjukafriska.se\/index.php?rest_route=\/wp\/v2\/posts\/2975","targetHints":{"allow":["GET"]}}],"collection":[{"href":"https:\/\/mittsjukafriska.se\/index.php?rest_route=\/wp\/v2\/posts"}],"about":[{"href":"https:\/\/mittsjukafriska.se\/index.php?rest_route=\/wp\/v2\/types\/post"}],"author":[{"embeddable":true,"href":"https:\/\/mittsjukafriska.se\/index.php?rest_route=\/wp\/v2\/users\/3"}],"replies":[{"embeddable":true,"href":"https:\/\/mittsjukafriska.se\/index.php?rest_route=%2Fwp%2Fv2%2Fcomments&post=2975"}],"version-history":[{"count":2,"href":"https:\/\/mittsjukafriska.se\/index.php?rest_route=\/wp\/v2\/posts\/2975\/revisions"}],"predecessor-version":[{"id":2993,"href":"https:\/\/mittsjukafriska.se\/index.php?rest_route=\/wp\/v2\/posts\/2975\/revisions\/2993"}],"wp:attachment":[{"href":"https:\/\/mittsjukafriska.se\/index.php?rest_route=%2Fwp%2Fv2%2Fmedia&parent=2975"}],"wp:term":[{"taxonomy":"category","embeddable":true,"href":"https:\/\/mittsjukafriska.se\/index.php?rest_route=%2Fwp%2Fv2%2Fcategories&post=2975"},{"taxonomy":"post_tag","embeddable":true,"href":"https:\/\/mittsjukafriska.se\/index.php?rest_route=%2Fwp%2Fv2%2Ftags&post=2975"}],"curies":[{"name":"wp","href":"https:\/\/api.w.org\/{rel}","templated":true}]}}