{"id":2977,"date":"2021-08-26T18:36:14","date_gmt":"2021-08-26T17:36:14","guid":{"rendered":"https:\/\/mittsjukafriska.se\/?p=2977"},"modified":"2021-08-26T18:36:20","modified_gmt":"2021-08-26T17:36:20","slug":"dagen-d","status":"publish","type":"post","link":"https:\/\/mittsjukafriska.se\/?p=2977","title":{"rendered":"Dagen D!"},"content":{"rendered":"\n<p>Imorgon \u00e4r det dags! Imorgon ska jag in till Lund f\u00f6r att p\u00e5b\u00f6rja min utredning.<br>Kan meddela att det varit sis\u00e5d\u00e4r med huvudet den senaste tiden.<br>I tisdags s\u00e5 tappade jag det helt.<br>Vi k\u00f6rde till Center syd f\u00f6r att k\u00f6pa in lite saker som vi m\u00e4rkte att vi beh\u00f6vde ha till vagnen och till kv\u00e4llen.<br>Mannen gick in p\u00e5 Jula och jag gick in p\u00e5 Ica Maxi.<br>Inga problem alls.<br>Jag har varit p\u00e5 j\u00e4tte bra hum\u00f6r, fjantig och fnittrig. Lite tankspridd men det har vi bara skrattat bort.<br>Helt pl\u00f6tsligt n\u00e4r jag st\u00e5r vid chipsen s\u00e5 f\u00e5r jag fullkomlig blackout och kan inte f\u00f6r mitt liv besluta vad vi ska ha!<br>Beh\u00f6ver vi ha frukost? Vilka chips ska vi ha? Ska vi verkligen ha det h\u00e4r?<br>Vi kanske ska k\u00f6pa frukt ist\u00e4llet?<br>Klart att vi ska ha chips. Best\u00e4m dig nu han kommer att beh\u00f6va v\u00e4nta.<br>Han \u00e4r s\u00e4kert klar nu och du har inte ens blippat en sak.<br>Best\u00e4m dig. Skit i det. osv osv.<br>S\u00e5 f\u00e5r jag ett meddelande.<br>&#8211; Jag \u00e4r klar!<br>Jaha!!! :-O Fullkomlig panik!<br>Jag svarar med &#8211; Inte jag.<br>&#8211; Jag f\u00e5r lite kortslutning h\u00e4r.<br>&#8211; Jag kommer!<br>Inom loppet av 1 minut s\u00e5 var han d\u00e4r och jag inte mer \u00e4n se honom f\u00f6rr\u00e4n jag b\u00f6rjade bli lugn igen.<br>Han hann inte mer \u00e4n komma fram och s\u00e5 var jag i hans famn med fullkomlig hyperventilation. <br>Men han lugnade mig som vanligt och vi kom d\u00e4r ifr\u00e5n med det vi skulle ha.<br>Idag har det inte varit mycket b\u00e4ttre.<br>Det gick s\u00e5 pass l\u00e5ngt med min vimsighet att jag blev beordrad i s\u00e4ng f\u00f6r att f\u00e5 ner mitt stirr.<br>M\u00e5tte det bli klart snabbt s\u00e5 att jag kan b\u00f6rja tagga ner.<br>Vi f\u00e5r v\u00e4l se hur det g\u00e5r imorgon.<br>Han ska med iaf. Om jag s\u00e5 ska smuggla in honom.<br>F\u00f6r jag kommer inte komma ih\u00e5g ett skit annars.<br>Nu f\u00e5r det vara bra med det h\u00e4r f\u00f6r idag iaf.<br>Ha det underbart.<\/p>\n","protected":false},"excerpt":{"rendered":"<p>Imorgon \u00e4r det dags! Imorgon ska jag in till Lund f\u00f6r att p\u00e5b\u00f6rja min utredning.Kan meddela att det varit sis\u00e5d\u00e4r med huvudet den senaste tiden.I tisdags s\u00e5 tappade jag det helt.Vi k\u00f6rde till Center syd f\u00f6r att k\u00f6pa in lite saker som vi m\u00e4rkte att vi beh\u00f6vde ha till vagnen och till kv\u00e4llen.Mannen gick in p\u00e5 Jula och jag gick in p\u00e5 Ica Maxi.Inga problem alls.Jag har varit p\u00e5 j\u00e4tte bra hum\u00f6r, fjantig och fnittrig. Lite tankspridd men det har vi bara skrattat bort.Helt pl\u00f6tsligt n\u00e4r jag st\u00e5r vid chipsen s\u00e5 f\u00e5r jag fullkomlig blackout och kan inte f\u00f6r mitt liv besluta vad vi ska ha!Beh\u00f6ver vi ha frukost? Vilka chips ska vi ha? Ska vi verkligen ha det h\u00e4r?Vi kanske ska k\u00f6pa frukt ist\u00e4llet?Klart att vi ska ha chips. Best\u00e4m dig nu han kommer att beh\u00f6va v\u00e4nta.Han \u00e4r s\u00e4kert klar nu och du har inte ens blippat en sak.Best\u00e4m dig. Skit i det. osv osv.S\u00e5 f\u00e5r jag ett meddelande.&#8211; Jag \u00e4r klar!Jaha!!! :-O Fullkomlig panik!Jag svarar med &#8211; Inte jag.&#8211; Jag f\u00e5r lite kortslutning h\u00e4r.&#8211; Jag kommer!Inom loppet av 1 minut s\u00e5 var han d\u00e4r och jag inte mer \u00e4n se honom f\u00f6rr\u00e4n jag b\u00f6rjade bli lugn igen.Han hann inte mer \u00e4n komma fram och s\u00e5 var jag i hans famn med fullkomlig hyperventilation. Men han lugnade mig som vanligt och vi kom d\u00e4r ifr\u00e5n med det vi skulle ha.Idag har det inte varit mycket b\u00e4ttre.Det gick s\u00e5 pass l\u00e5ngt med min vimsighet att jag blev beordrad i s\u00e4ng f\u00f6r att f\u00e5 ner mitt stirr.M\u00e5tte det bli klart snabbt s\u00e5 att jag kan b\u00f6rja tagga ner.Vi f\u00e5r v\u00e4l se hur det g\u00e5r imorgon.Han ska med iaf. Om jag s\u00e5 ska smuggla in honom.F\u00f6r jag kommer inte komma ih\u00e5g ett skit annars.Nu f\u00e5r det vara bra med det h\u00e4r f\u00f6r idag iaf.Ha det underbart.<\/p>\n","protected":false},"author":3,"featured_media":0,"comment_status":"open","ping_status":"open","sticky":false,"template":"","format":"standard","meta":{"_jetpack_memberships_contains_paid_content":false,"footnotes":""},"categories":[1],"tags":[],"class_list":["post-2977","post","type-post","status-publish","format-standard","hentry","category-personligt"],"jetpack_featured_media_url":"","jetpack_sharing_enabled":true,"_links":{"self":[{"href":"https:\/\/mittsjukafriska.se\/index.php?rest_route=\/wp\/v2\/posts\/2977","targetHints":{"allow":["GET"]}}],"collection":[{"href":"https:\/\/mittsjukafriska.se\/index.php?rest_route=\/wp\/v2\/posts"}],"about":[{"href":"https:\/\/mittsjukafriska.se\/index.php?rest_route=\/wp\/v2\/types\/post"}],"author":[{"embeddable":true,"href":"https:\/\/mittsjukafriska.se\/index.php?rest_route=\/wp\/v2\/users\/3"}],"replies":[{"embeddable":true,"href":"https:\/\/mittsjukafriska.se\/index.php?rest_route=%2Fwp%2Fv2%2Fcomments&post=2977"}],"version-history":[{"count":1,"href":"https:\/\/mittsjukafriska.se\/index.php?rest_route=\/wp\/v2\/posts\/2977\/revisions"}],"predecessor-version":[{"id":2978,"href":"https:\/\/mittsjukafriska.se\/index.php?rest_route=\/wp\/v2\/posts\/2977\/revisions\/2978"}],"wp:attachment":[{"href":"https:\/\/mittsjukafriska.se\/index.php?rest_route=%2Fwp%2Fv2%2Fmedia&parent=2977"}],"wp:term":[{"taxonomy":"category","embeddable":true,"href":"https:\/\/mittsjukafriska.se\/index.php?rest_route=%2Fwp%2Fv2%2Fcategories&post=2977"},{"taxonomy":"post_tag","embeddable":true,"href":"https:\/\/mittsjukafriska.se\/index.php?rest_route=%2Fwp%2Fv2%2Ftags&post=2977"}],"curies":[{"name":"wp","href":"https:\/\/api.w.org\/{rel}","templated":true}]}}