{"id":3065,"date":"2021-12-15T14:47:33","date_gmt":"2021-12-15T13:47:33","guid":{"rendered":"https:\/\/mittsjukafriska.se\/?p=3065"},"modified":"2021-12-17T08:20:31","modified_gmt":"2021-12-17T07:20:31","slug":"fast-forward","status":"publish","type":"post","link":"https:\/\/mittsjukafriska.se\/?p=3065","title":{"rendered":"Fast forward&#8230;.."},"content":{"rendered":"\n<p>Vad s\u00e4gs om att vi bara spolar fram till nu och s\u00e5 l\u00e5tsas vi att det bara varit ett enda stort sommarlov fr\u00e5n sist? &#x1f609;<br>Livet har verkligen visat sina pr\u00f6vningar detta \u00e5ret.<br>Nog v\u00e4ldigt mycket d\u00e4rf\u00f6r det inte blivit skrivet n\u00e5got den senaste tiden.<br>Orken och viljan har inte funnits d\u00e4r.<br>Det har precis r\u00e4ckt till f\u00f6r att orka med dagens timmar (knappt)<br>Men det b\u00f6rjar k\u00e4nnas b\u00e4ttre. \u00c4ven om m\u00f6rkret ser till att g\u00f6ra sitt f\u00f6r att f\u00e5 m\u00e5endet att vackla.<br>Men som sagt, livet levs varje dag. Ibland lite mer ibland lite mindre.<br>Ni som f\u00f6ljt bloggen innan vet om att jag har v\u00e4ntat p\u00e5 att f\u00e5 till en utredning och efter mycket om och men s\u00e5 kom kallelsen \u00e4ntligen!<br>Nu \u00e4r den klar och \u00e4ven om det inte kom som en \u00f6verraskning s\u00e5 blev jag l\u00e4ttad.<br>ADHD blev det slutgiltiga beskedet.<br>Det var nog n\u00e5got av det absolut v\u00e4rsta jag har varit med om.<br>P\u00e5 den mentala fronten.<br>Efter att ha gjort test nummer 2 s\u00e5 br\u00f6t jag total ihop i bilen utanf\u00f6r.<br>T\u00e5rarna bara sprutade och jag kunde inte kontrollera gr\u00e5ten.<br>Jag var s\u00e5 mentalt slut i huvudet att jag tv\u00e4rd\u00e4ckade i soffan efter maten.<br>Och dagen efter var det som att hj\u00e4rnan var gjord av gr\u00f6t.<br>Fy fan s\u00e4ger jag bara.<br>Och egentligen \u00e4r det inget speciellt med testen s\u00e5 s\u00e4tt. Men jag \u00e4r en av dom som f\u00f6rs\u00f6ker h\u00e5lla mig samlad. Att l\u00e4gga all den energin p\u00e5 att h\u00e5lla mig samlad och fokuserad i \u00f6ver 1 timme, d\u00e4r hela mitt inre och min hj\u00e4rna h\u00e5ller p\u00e5 att sl\u00e5 volter f\u00f6r att dom bara vill explodera, \u00e4r extremt energikr\u00e4vande.<br>Jag m\u00e5dde illa till sist.<br>Men jag fick min diagnos \u00e4ven om jag var helt inst\u00e4lld p\u00e5 att han skulle s\u00e4ga att d\u00e4r inte var n\u00e5got \u201dfel\u201d utan jag ska bara sk\u00e4rpa till mig. Typ.<br>Jag kunde inte f\u00f6rst\u00e5 riktigt vad han sa n\u00e4r han sa det s\u00e5 jag fick dubbelkolla med Totte om det faktiskt var s\u00e5 att han satte en diagnos.<br>Ja, \u00e4lskling. Det gjorde han. Du kommer att f\u00e5 hj\u00e4lp.<br>TACK!<br>I 36 \u00e5r har jag kunnat hantera mig sj\u00e4lv.<br>Med det menar jag att jag inte har brytt mig speciellt mycket p\u00e5 hur jag och mitt s\u00e4tt har p\u00e5verkat min familj utan dom har bara f\u00e5tt gilla l\u00e4get mer eller mindre.<br>Men dom senaste \u00e5ren har jag blivit mer medveten om vad jag g\u00f6r, hur jag m\u00e5r, vad jag st\u00e4ller till med och min \u00e5ngest bara v\u00e4xer!<br>Jag hatar k\u00e4nslan av att jag bara st\u00e4ller till det hela tiden. Att jag hela tiden s\u00e5rar folk eller att jag \u00e4r f\u00f6r mycket och p\u00e5 s\u00e5 s\u00e4tt blir folk tr\u00f6tta p\u00e5 mig.<br>Jag hatar att se hur vissa kan h\u00f6ja p\u00e5 \u00f6gonbrynen n\u00e4r jag pratar eller n\u00e4r jag g\u00f6r saker.<br>Jag \u00e4r fortfarande jag men jag beh\u00f6ver f\u00e5 ner mitt hyperaktiva t\u00e4nk.<br>Bristen p\u00e5 impulskontroll har ju f\u00e5tt mig att trampa i klaveret en och annan g\u00e5ng om man s\u00e4ger s\u00e5.<br>Nu v\u00e4ntar jag p\u00e5 att bli kallad till ADHD-mottagningen d\u00e4r vi ska diskutera medicin och\/eller terapi.<br>Vi f\u00e5r helt enkelt se var det landar.<br>F\u00f6rhoppningsvis s\u00e5 blir det innan jul.<br><br>Att ha f\u00e5tt det bekr\u00e4ftat g\u00f6r ju i sin tur att man ser allt mer av sitt beteende och just nu \u00e4r jag inne i att det triggar min \u00e5ngest lite.<br>F\u00f6r min hj\u00e4rna g\u00e5r p\u00e5 \u00e4nnu mer h\u00f6gvarv just nu d\u00e4r den analyserar ALLT jag s\u00e4ger och g\u00f6r f\u00f6r att hitta om d\u00e4r \u00e4r orsaker.<br>L\u00e5ter j\u00e4tte dumt jag vet.<br>Men det \u00e4r verkligen s\u00e5.<br>N\u00e4r man bli medveten om saker s\u00e5 b\u00f6rjar man se och hitta saker i ens beteende f\u00f6r att f\u00e5 en f\u00f6rklaring. (Tydligen)<br>N\u00e5ja. Jag \u00e4r den jag alltid har varit och t\u00e4nker inte \u00e4ndra mig s\u00e5 d\u00e4r j\u00e4tte mycket &#x1f609;<br>Jag \u00e4r ju \u00e4nd\u00e5 r\u00e4tt awesome som jag \u00e4r.<br>I \u00f6vrigt s\u00e5 flyter livet p\u00e5 som det brukar g\u00f6ra.<br>Det \u00e4r en v\u00e4ldigt intensiv period just nu i v\u00e5rat liv. Fr\u00e5ga mig inte varf\u00f6r. Eller s\u00e5 \u00e4r det bara jag som inte riktigt kan hitta lugnet och sluta k\u00e4nna av stressen.<br>Men snart ska vi vara lediga!<br>F\u00f6r en g\u00e5ngs skull s\u00e5 ska jag banne mig vara ledig heeela jul och ny\u00e5r.<br>Den ni!<br>Ha det nu b\u00e4st och s\u00e5 hoppas vi p\u00e5 att det inte dr\u00f6jer lika l\u00e4nge tills n\u00e4sta g\u00e5ng. <\/p>\n","protected":false},"excerpt":{"rendered":"<p>Vad s\u00e4gs om att vi bara spolar fram till nu och s\u00e5 l\u00e5tsas vi att det bara varit ett enda stort sommarlov fr\u00e5n sist? &#x1f609;Livet har verkligen visat sina pr\u00f6vningar detta \u00e5ret.Nog v\u00e4ldigt mycket d\u00e4rf\u00f6r det inte blivit skrivet n\u00e5got den senaste tiden.Orken och viljan har inte funnits d\u00e4r.Det har precis r\u00e4ckt till f\u00f6r att orka med dagens timmar (knappt)Men det b\u00f6rjar k\u00e4nnas b\u00e4ttre. \u00c4ven om m\u00f6rkret ser till att g\u00f6ra sitt f\u00f6r att f\u00e5 m\u00e5endet att vackla.Men som sagt, livet levs varje dag. Ibland lite mer ibland lite mindre.Ni som f\u00f6ljt bloggen innan vet om att jag har v\u00e4ntat p\u00e5 att f\u00e5 till en utredning och efter mycket om och men s\u00e5 kom kallelsen \u00e4ntligen!Nu \u00e4r den klar och \u00e4ven om det inte kom som en \u00f6verraskning s\u00e5 blev jag l\u00e4ttad.ADHD blev det slutgiltiga beskedet.Det var nog n\u00e5got av det absolut v\u00e4rsta jag har varit med om.P\u00e5 den mentala fronten.Efter att ha gjort test nummer 2 s\u00e5 br\u00f6t jag total ihop i bilen utanf\u00f6r.T\u00e5rarna bara sprutade och jag kunde inte kontrollera gr\u00e5ten.Jag var s\u00e5 mentalt slut i huvudet att jag tv\u00e4rd\u00e4ckade i soffan efter maten.Och dagen efter var det som att hj\u00e4rnan var gjord av gr\u00f6t.Fy fan s\u00e4ger jag bara.Och egentligen \u00e4r det inget speciellt med testen s\u00e5 s\u00e4tt. Men jag \u00e4r en av dom som f\u00f6rs\u00f6ker h\u00e5lla mig samlad. Att l\u00e4gga all den energin p\u00e5 att h\u00e5lla mig samlad och fokuserad i \u00f6ver 1 timme, d\u00e4r hela mitt inre och min hj\u00e4rna h\u00e5ller p\u00e5 att sl\u00e5 volter f\u00f6r att dom bara vill explodera, \u00e4r extremt energikr\u00e4vande.Jag m\u00e5dde illa till sist.Men jag fick min diagnos \u00e4ven om jag var helt inst\u00e4lld p\u00e5 att han skulle s\u00e4ga att d\u00e4r inte var n\u00e5got \u201dfel\u201d utan jag ska bara sk\u00e4rpa till mig. Typ.Jag kunde inte f\u00f6rst\u00e5 riktigt vad han sa n\u00e4r han sa det s\u00e5 jag fick dubbelkolla med Totte om det faktiskt var s\u00e5 att han satte en diagnos.Ja, \u00e4lskling. Det gjorde han. Du kommer att f\u00e5 hj\u00e4lp.TACK!I 36 \u00e5r har jag kunnat hantera mig sj\u00e4lv.Med det menar jag att jag inte har brytt mig speciellt mycket p\u00e5 hur jag och mitt s\u00e4tt har p\u00e5verkat min familj utan dom har bara f\u00e5tt gilla l\u00e4get mer eller mindre.Men dom senaste \u00e5ren har jag blivit mer medveten om vad jag g\u00f6r, hur jag m\u00e5r, vad jag st\u00e4ller till med och min \u00e5ngest bara v\u00e4xer!Jag hatar k\u00e4nslan av att jag bara st\u00e4ller till det hela tiden. Att jag hela tiden s\u00e5rar folk eller att jag \u00e4r f\u00f6r mycket och p\u00e5 s\u00e5 s\u00e4tt blir folk tr\u00f6tta p\u00e5 mig.Jag hatar att se hur vissa kan h\u00f6ja p\u00e5 \u00f6gonbrynen n\u00e4r jag pratar eller n\u00e4r jag g\u00f6r saker.Jag \u00e4r fortfarande jag men jag beh\u00f6ver f\u00e5 ner mitt hyperaktiva t\u00e4nk.Bristen p\u00e5 impulskontroll har ju f\u00e5tt mig att trampa i klaveret en och annan g\u00e5ng om man s\u00e4ger s\u00e5.Nu v\u00e4ntar jag p\u00e5 att bli kallad till ADHD-mottagningen d\u00e4r vi ska diskutera medicin och\/eller terapi.Vi f\u00e5r helt enkelt se var det landar.F\u00f6rhoppningsvis s\u00e5 blir det innan jul. Att ha f\u00e5tt det bekr\u00e4ftat g\u00f6r ju i sin tur att man ser allt mer av sitt beteende och just nu \u00e4r jag inne i att det triggar min \u00e5ngest lite.F\u00f6r min hj\u00e4rna g\u00e5r p\u00e5 \u00e4nnu mer h\u00f6gvarv just nu d\u00e4r den analyserar ALLT jag s\u00e4ger och g\u00f6r f\u00f6r att hitta om d\u00e4r \u00e4r orsaker.L\u00e5ter j\u00e4tte dumt jag vet.Men det \u00e4r verkligen s\u00e5.N\u00e4r man bli medveten om saker s\u00e5 b\u00f6rjar man se och hitta saker i ens beteende f\u00f6r att f\u00e5 en f\u00f6rklaring. (Tydligen)N\u00e5ja. Jag \u00e4r den jag alltid har varit och t\u00e4nker inte \u00e4ndra mig s\u00e5 d\u00e4r j\u00e4tte mycket &#x1f609;Jag \u00e4r ju \u00e4nd\u00e5 r\u00e4tt awesome som jag \u00e4r.I \u00f6vrigt s\u00e5 flyter livet p\u00e5 som det brukar g\u00f6ra.Det \u00e4r en v\u00e4ldigt intensiv period just nu i v\u00e5rat liv. Fr\u00e5ga mig inte varf\u00f6r. Eller s\u00e5 \u00e4r det bara jag som inte riktigt kan hitta lugnet och sluta k\u00e4nna av stressen.Men snart ska vi vara lediga!F\u00f6r en g\u00e5ngs skull s\u00e5 ska jag banne mig vara ledig heeela jul och ny\u00e5r.Den ni!Ha det nu b\u00e4st och s\u00e5 hoppas vi p\u00e5 att det inte dr\u00f6jer lika l\u00e4nge tills n\u00e4sta g\u00e5ng.<\/p>\n","protected":false},"author":3,"featured_media":0,"comment_status":"open","ping_status":"open","sticky":false,"template":"","format":"standard","meta":{"_jetpack_memberships_contains_paid_content":false,"footnotes":""},"categories":[1],"tags":[],"class_list":["post-3065","post","type-post","status-publish","format-standard","hentry","category-personligt"],"jetpack_featured_media_url":"","jetpack_sharing_enabled":true,"_links":{"self":[{"href":"https:\/\/mittsjukafriska.se\/index.php?rest_route=\/wp\/v2\/posts\/3065","targetHints":{"allow":["GET"]}}],"collection":[{"href":"https:\/\/mittsjukafriska.se\/index.php?rest_route=\/wp\/v2\/posts"}],"about":[{"href":"https:\/\/mittsjukafriska.se\/index.php?rest_route=\/wp\/v2\/types\/post"}],"author":[{"embeddable":true,"href":"https:\/\/mittsjukafriska.se\/index.php?rest_route=\/wp\/v2\/users\/3"}],"replies":[{"embeddable":true,"href":"https:\/\/mittsjukafriska.se\/index.php?rest_route=%2Fwp%2Fv2%2Fcomments&post=3065"}],"version-history":[{"count":2,"href":"https:\/\/mittsjukafriska.se\/index.php?rest_route=\/wp\/v2\/posts\/3065\/revisions"}],"predecessor-version":[{"id":3068,"href":"https:\/\/mittsjukafriska.se\/index.php?rest_route=\/wp\/v2\/posts\/3065\/revisions\/3068"}],"wp:attachment":[{"href":"https:\/\/mittsjukafriska.se\/index.php?rest_route=%2Fwp%2Fv2%2Fmedia&parent=3065"}],"wp:term":[{"taxonomy":"category","embeddable":true,"href":"https:\/\/mittsjukafriska.se\/index.php?rest_route=%2Fwp%2Fv2%2Fcategories&post=3065"},{"taxonomy":"post_tag","embeddable":true,"href":"https:\/\/mittsjukafriska.se\/index.php?rest_route=%2Fwp%2Fv2%2Ftags&post=3065"}],"curies":[{"name":"wp","href":"https:\/\/api.w.org\/{rel}","templated":true}]}}