{"id":3072,"date":"2022-01-29T14:27:45","date_gmt":"2022-01-29T13:27:45","guid":{"rendered":"https:\/\/mittsjukafriska.se\/?p=3072"},"modified":"2022-01-29T14:27:56","modified_gmt":"2022-01-29T13:27:56","slug":"angest","status":"publish","type":"post","link":"https:\/\/mittsjukafriska.se\/?p=3072","title":{"rendered":"\u00c5ngest!"},"content":{"rendered":"\n<p>Varje g\u00e5ng jag fyller \u00e5r s\u00e5 f\u00e5r jag lite av en \u00e5ngest.<\/p>\n\n\n\n<p>Inte \u00e5ldersnoja utan \u00e5ngest.<\/p>\n\n\n\n<p>Min mamma var bara 57 n\u00e4r hon dog och vi barn var precis i det skedet i livet d\u00e4r man hade beh\u00f6vt sin mamma som mest.<\/p>\n\n\n\n<p>Det \u00e4r ofta jag t\u00e4nker p\u00e5 hur mycket hon har g\u00e5tt miste om och p\u00e5 hur mycket mina barn hade beh\u00f6vt sin mormor.<\/p>\n\n\n\n<p>Jag har precis legat hemma med covid. Visserligen s\u00e5 har den varit mild med tanke p\u00e5 hur den har kunnat te sig.<\/p>\n\n\n\n<p>Men \u00e4nd\u00e5.<\/p>\n\n\n\n<p>Jag har legat i soffan h\u00e4r hemma i 8 dagar i str\u00e4ck pga en feber som v\u00e4grar att ge med sig.<\/p>\n\n\n\n<p>Man kan tycka att det inte \u00e4r n\u00e5got att klaga \u00f6ver men f\u00f6r mig blir det v\u00e4ldigt \u00e5ngest laddat.<\/p>\n\n\n\n<p>N\u00e4r jag \u00e4r sjuk en l\u00e4ngre tid \u00e4n vad som \u00e4r normalt s\u00e5 b\u00f6rjar jag direkt tro att d\u00e4r \u00e4r n\u00e5got riktigt fel&#8230;.<\/p>\n\n\n\n<p>Jag \u00e4r inte r\u00e4dd f\u00f6r att d\u00f6. D\u00f6 ska vi alla g\u00f6ra. Men jag vill inte l\u00e5ta mina barn och barnbarn g\u00e5 miste om att ha sin mamma\/farmor i sina liv.<\/p>\n\n\n\n<p>S\u00e5 n\u00e4r jag s\u00e4ger att jag hatar att vara sjuk s\u00e5 menar jag det verkligen.<\/p>\n\n\n\n<p>Jag hatar det som triggas i mig n\u00e4r jag blir sjuk om s\u00e5 &#8221;bara&#8221; en kraftig f\u00f6rkylning. <\/p>\n","protected":false},"excerpt":{"rendered":"<p>Varje g\u00e5ng jag fyller \u00e5r s\u00e5 f\u00e5r jag lite av en \u00e5ngest. Inte \u00e5ldersnoja utan \u00e5ngest. Min mamma var bara 57 n\u00e4r hon dog och vi barn var precis i det skedet i livet d\u00e4r man hade beh\u00f6vt sin mamma som mest. Det \u00e4r ofta jag t\u00e4nker p\u00e5 hur mycket hon har g\u00e5tt miste om och p\u00e5 hur mycket mina barn hade beh\u00f6vt sin mormor. Jag har precis legat hemma med covid. Visserligen s\u00e5 har den varit mild med tanke p\u00e5 hur den har kunnat te sig. Men \u00e4nd\u00e5. Jag har legat i soffan h\u00e4r hemma i 8 dagar i str\u00e4ck pga en feber som v\u00e4grar att ge med sig. Man kan tycka att det inte \u00e4r n\u00e5got att klaga \u00f6ver men f\u00f6r mig blir det v\u00e4ldigt \u00e5ngest laddat. N\u00e4r jag \u00e4r sjuk en l\u00e4ngre tid \u00e4n vad som \u00e4r normalt s\u00e5 b\u00f6rjar jag direkt tro att d\u00e4r \u00e4r n\u00e5got riktigt fel&#8230;. Jag \u00e4r inte r\u00e4dd f\u00f6r att d\u00f6. D\u00f6 ska vi alla g\u00f6ra. Men jag vill inte l\u00e5ta mina barn och barnbarn g\u00e5 miste om att ha sin mamma\/farmor i sina liv. S\u00e5 n\u00e4r jag s\u00e4ger att jag hatar att vara sjuk s\u00e5 menar jag det verkligen. Jag hatar det som triggas i mig n\u00e4r jag blir sjuk om s\u00e5 &#8221;bara&#8221; en kraftig f\u00f6rkylning.<\/p>\n","protected":false},"author":3,"featured_media":0,"comment_status":"open","ping_status":"open","sticky":false,"template":"","format":"standard","meta":{"_jetpack_memberships_contains_paid_content":false,"footnotes":""},"categories":[1],"tags":[],"class_list":["post-3072","post","type-post","status-publish","format-standard","hentry","category-personligt"],"jetpack_featured_media_url":"","jetpack_sharing_enabled":true,"_links":{"self":[{"href":"https:\/\/mittsjukafriska.se\/index.php?rest_route=\/wp\/v2\/posts\/3072","targetHints":{"allow":["GET"]}}],"collection":[{"href":"https:\/\/mittsjukafriska.se\/index.php?rest_route=\/wp\/v2\/posts"}],"about":[{"href":"https:\/\/mittsjukafriska.se\/index.php?rest_route=\/wp\/v2\/types\/post"}],"author":[{"embeddable":true,"href":"https:\/\/mittsjukafriska.se\/index.php?rest_route=\/wp\/v2\/users\/3"}],"replies":[{"embeddable":true,"href":"https:\/\/mittsjukafriska.se\/index.php?rest_route=%2Fwp%2Fv2%2Fcomments&post=3072"}],"version-history":[{"count":1,"href":"https:\/\/mittsjukafriska.se\/index.php?rest_route=\/wp\/v2\/posts\/3072\/revisions"}],"predecessor-version":[{"id":3073,"href":"https:\/\/mittsjukafriska.se\/index.php?rest_route=\/wp\/v2\/posts\/3072\/revisions\/3073"}],"wp:attachment":[{"href":"https:\/\/mittsjukafriska.se\/index.php?rest_route=%2Fwp%2Fv2%2Fmedia&parent=3072"}],"wp:term":[{"taxonomy":"category","embeddable":true,"href":"https:\/\/mittsjukafriska.se\/index.php?rest_route=%2Fwp%2Fv2%2Fcategories&post=3072"},{"taxonomy":"post_tag","embeddable":true,"href":"https:\/\/mittsjukafriska.se\/index.php?rest_route=%2Fwp%2Fv2%2Ftags&post=3072"}],"curies":[{"name":"wp","href":"https:\/\/api.w.org\/{rel}","templated":true}]}}