{"id":3082,"date":"2022-05-06T11:07:00","date_gmt":"2022-05-06T10:07:00","guid":{"rendered":"https:\/\/mittsjukafriska.se\/?p=3082"},"modified":"2022-05-08T09:34:24","modified_gmt":"2022-05-08T08:34:24","slug":"en-gang","status":"publish","type":"post","link":"https:\/\/mittsjukafriska.se\/?p=3082","title":{"rendered":"En g\u00e5ng&#8230;."},"content":{"rendered":"\n<p>I tiden hade man kunnat \u00e4ta sin mat direkt fr\u00e5n mina golv.<\/p>\n\n\n\n<p>En g\u00e5ng i tiden hade man kunnat utf\u00f6ra operationer i mitt k\u00f6k.<\/p>\n\n\n\n<p>Idag ska jag vara glad om jag ens f\u00e5r r\u00e4tt p\u00e5 kl\u00e4derna jag ska ha p\u00e5 mig!<\/p>\n\n\n\n<p>Jag har lite sv\u00e5rt att acceptera att detta \u00e4r jag nu. Att jag inte orkar g\u00f6ra allt l\u00e4ngre.<\/p>\n\n\n\n<p>Folk som funnits i mitt liv i m\u00e5nga \u00e5r kan ber\u00e4tta hur mycket jag kunde f\u00e5 gjort p\u00e5 en dag. Det var tom s\u00e5 att jag ibland kunde st\u00e4da och tv\u00e4tta en hel natt och \u00e4nd\u00e5 ha energi dagen efter.<\/p>\n\n\n\n<p>Nu klarar jag knappt av att \u00e5ka och handla utan att jag \u00e4r helt slut p\u00e5 energi.<\/p>\n\n\n\n<p>Ig\u00e5r var det meningen att jag skulle handla till idag.<\/p>\n\n\n\n<p>Jag orkade med 1 timme f\u00f6r att sen i lite sm\u00e5 panik k\u00f6ra till mannens jobb s\u00e5 att han kunde ge mig en kram, gr\u00e5ta och f\u00e5 f\u00f6rklarat f\u00f6r mig att det \u00e4r okej att jag inte orkar.<\/p>\n\n\n\n<p>F\u00f6r mig \u00e4r det inte okej! Det \u00e4r ett fullkomligt misslyckande och jag vill bara d\u00f6.<\/p>\n\n\n\n<p>Ja dom tankarna poppar upp s\u00e5 fort jag f\u00e5r lite motg\u00e5ngar. Jag hatar dom ocks\u00e5 f\u00f6r jag vill inte d\u00f6. Jag vill leva l\u00e4nge. Jag vill bara leva med ett huvud som \u00e4r lite tyst.<\/p>\n\n\n\n<p>Jag k\u00e4nner mig s\u00e5 himla besv\u00e4rlig n\u00e4r jag beh\u00f6ver s\u00f6ka upp honom och n\u00e4r jag beh\u00f6ver ha hans hj\u00e4lp.<\/p>\n\n\n\n<p>Han s\u00e4ger att det inte g\u00f6r n\u00e5got. Att jag inte \u00e4r till besv\u00e4r. Att han finns d\u00e4r alltid. Jag \u00e4r s\u00e5 oerh\u00f6rt tacksam och lyckligt lottad f\u00f6r att jag har den mannen jag har.<\/p>\n\n\n\n<p>Han finns i mitt liv av en anledning.<\/p>\n\n\n\n<p>Att just han \u00e4r min sj\u00e4lsfr\u00e4nde finns det en anledning till.<\/p>\n\n\n\n<figure class=\"wp-block-image size-large\"><img loading=\"lazy\" decoding=\"async\" width=\"472\" height=\"1024\" src=\"https:\/\/mittsjukafriska.se\/wp-content\/uploads\/2022\/05\/IMG_20220507_110602-472x1024.jpg\" alt=\"\" class=\"wp-image-3083\" srcset=\"https:\/\/mittsjukafriska.se\/wp-content\/uploads\/2022\/05\/IMG_20220507_110602-472x1024.jpg 472w, https:\/\/mittsjukafriska.se\/wp-content\/uploads\/2022\/05\/IMG_20220507_110602-138x300.jpg 138w, https:\/\/mittsjukafriska.se\/wp-content\/uploads\/2022\/05\/IMG_20220507_110602-768x1668.jpg 768w, https:\/\/mittsjukafriska.se\/wp-content\/uploads\/2022\/05\/IMG_20220507_110602-707x1536.jpg 707w, https:\/\/mittsjukafriska.se\/wp-content\/uploads\/2022\/05\/IMG_20220507_110602-943x2048.jpg 943w, https:\/\/mittsjukafriska.se\/wp-content\/uploads\/2022\/05\/IMG_20220507_110602-1140x2475.jpg 1140w, https:\/\/mittsjukafriska.se\/wp-content\/uploads\/2022\/05\/IMG_20220507_110602-scaled.jpg 1179w\" sizes=\"auto, (max-width: 472px) 100vw, 472px\" \/><\/figure>\n\n\n\n<p>Den h\u00f6gen hat legat d\u00e4r sedan i s\u00f6ndags och jag f\u00e5r inte ens ihop att l\u00e4gga in det.<\/p>\n\n\n\n<p>Det \u00e4r tydligen inte f\u00f6r alltid det kommer att vara s\u00e5 h\u00e4r. Men jag kan d\u00e5 verkligen inte se att det finns ett slut p\u00e5 detta&#8230;..<\/p>\n\n\n\n<p>Jag m\u00e5ste l\u00e4ra mig att s\u00e4tta ribban l\u00e4gre.<\/p>\n\n\n\n<p>Jag m\u00e5ste l\u00e4ra mig att jorden inte g\u00e5r under f\u00f6r att sakerna inte blir gjorda.<\/p>\n\n\n\n<p><\/p>\n","protected":false},"excerpt":{"rendered":"<p>I tiden hade man kunnat \u00e4ta sin mat direkt fr\u00e5n mina golv. En g\u00e5ng i tiden hade man kunnat utf\u00f6ra operationer i mitt k\u00f6k. Idag ska jag vara glad om jag ens f\u00e5r r\u00e4tt p\u00e5 kl\u00e4derna jag ska ha p\u00e5 mig! Jag har lite sv\u00e5rt att acceptera att detta \u00e4r jag nu. Att jag inte orkar g\u00f6ra allt l\u00e4ngre. Folk som funnits i mitt liv i m\u00e5nga \u00e5r kan ber\u00e4tta hur mycket jag kunde f\u00e5 gjort p\u00e5 en dag. Det var tom s\u00e5 att jag ibland kunde st\u00e4da och tv\u00e4tta en hel natt och \u00e4nd\u00e5 ha energi dagen efter. Nu klarar jag knappt av att \u00e5ka och handla utan att jag \u00e4r helt slut p\u00e5 energi. Ig\u00e5r var det meningen att jag skulle handla till idag. Jag orkade med 1 timme f\u00f6r att sen i lite sm\u00e5 panik k\u00f6ra till mannens jobb s\u00e5 att han kunde ge mig en kram, gr\u00e5ta och f\u00e5 f\u00f6rklarat f\u00f6r mig att det \u00e4r okej att jag inte orkar. F\u00f6r mig \u00e4r det inte okej! Det \u00e4r ett fullkomligt misslyckande och jag vill bara d\u00f6. Ja dom tankarna poppar upp s\u00e5 fort jag f\u00e5r lite motg\u00e5ngar. Jag hatar dom ocks\u00e5 f\u00f6r jag vill inte d\u00f6. Jag vill leva l\u00e4nge. Jag vill bara leva med ett huvud som \u00e4r lite tyst. Jag k\u00e4nner mig s\u00e5 himla besv\u00e4rlig n\u00e4r jag beh\u00f6ver s\u00f6ka upp honom och n\u00e4r jag beh\u00f6ver ha hans hj\u00e4lp. Han s\u00e4ger att det inte g\u00f6r n\u00e5got. Att jag inte \u00e4r till besv\u00e4r. Att han finns d\u00e4r alltid. Jag \u00e4r s\u00e5 oerh\u00f6rt tacksam och lyckligt lottad f\u00f6r att jag har den mannen jag har. Han finns i mitt liv av en anledning. Att just han \u00e4r min sj\u00e4lsfr\u00e4nde finns det en anledning till. Den h\u00f6gen hat legat d\u00e4r sedan i s\u00f6ndags och jag f\u00e5r inte ens ihop att l\u00e4gga in det. Det \u00e4r tydligen inte f\u00f6r alltid det kommer att vara s\u00e5 h\u00e4r. Men jag kan d\u00e5 verkligen inte se att det finns ett slut p\u00e5 detta&#8230;.. Jag m\u00e5ste l\u00e4ra mig att s\u00e4tta ribban l\u00e4gre. Jag m\u00e5ste l\u00e4ra mig att jorden inte g\u00e5r under f\u00f6r att sakerna inte blir gjorda.<\/p>\n","protected":false},"author":3,"featured_media":0,"comment_status":"open","ping_status":"open","sticky":false,"template":"","format":"standard","meta":{"_jetpack_memberships_contains_paid_content":false,"footnotes":""},"categories":[1],"tags":[],"class_list":["post-3082","post","type-post","status-publish","format-standard","hentry","category-personligt"],"jetpack_featured_media_url":"","jetpack_sharing_enabled":true,"_links":{"self":[{"href":"https:\/\/mittsjukafriska.se\/index.php?rest_route=\/wp\/v2\/posts\/3082","targetHints":{"allow":["GET"]}}],"collection":[{"href":"https:\/\/mittsjukafriska.se\/index.php?rest_route=\/wp\/v2\/posts"}],"about":[{"href":"https:\/\/mittsjukafriska.se\/index.php?rest_route=\/wp\/v2\/types\/post"}],"author":[{"embeddable":true,"href":"https:\/\/mittsjukafriska.se\/index.php?rest_route=\/wp\/v2\/users\/3"}],"replies":[{"embeddable":true,"href":"https:\/\/mittsjukafriska.se\/index.php?rest_route=%2Fwp%2Fv2%2Fcomments&post=3082"}],"version-history":[{"count":1,"href":"https:\/\/mittsjukafriska.se\/index.php?rest_route=\/wp\/v2\/posts\/3082\/revisions"}],"predecessor-version":[{"id":3084,"href":"https:\/\/mittsjukafriska.se\/index.php?rest_route=\/wp\/v2\/posts\/3082\/revisions\/3084"}],"wp:attachment":[{"href":"https:\/\/mittsjukafriska.se\/index.php?rest_route=%2Fwp%2Fv2%2Fmedia&parent=3082"}],"wp:term":[{"taxonomy":"category","embeddable":true,"href":"https:\/\/mittsjukafriska.se\/index.php?rest_route=%2Fwp%2Fv2%2Fcategories&post=3082"},{"taxonomy":"post_tag","embeddable":true,"href":"https:\/\/mittsjukafriska.se\/index.php?rest_route=%2Fwp%2Fv2%2Ftags&post=3082"}],"curies":[{"name":"wp","href":"https:\/\/api.w.org\/{rel}","templated":true}]}}