{"id":3087,"date":"2022-05-21T17:55:13","date_gmt":"2022-05-21T16:55:13","guid":{"rendered":"https:\/\/mittsjukafriska.se\/?p=3087"},"modified":"2022-05-21T17:55:35","modified_gmt":"2022-05-21T16:55:35","slug":"om-man-ser-till-det-lilla","status":"publish","type":"post","link":"https:\/\/mittsjukafriska.se\/?p=3087","title":{"rendered":"Om man ser till det lilla&#8230;."},"content":{"rendered":"\n<p>S\u00e5 kan man faktiskt se det stora. Jag har gjort enorma framsteg det senaste \u00e5ret och \u00e4nnu mer sedan diagnosen kom p\u00e5 papper. <br>Jag f\u00e5r det till att jag inte har samma energi l\u00e4ngre eller att jag inte f\u00e5r ihop saker som jag fick f\u00f6rr.<br>Men det f\u00e5r jag. Jag beh\u00f6ver bara l\u00e4ra mig att f\u00f6rdela min energi r\u00e4tt.<br>F\u00f6rr k\u00f6rde jag ju p\u00e5 som en \u00e5ngv\u00e4lt och slutade inte f\u00f6rens jag stupade. Jag struntade fullkomligt vem som blev lidande av detta. Hade jag en plan s\u00e5 skulle den fullf\u00f6ljas till varje pris. <br>Nu f\u00e5r jag g\u00f6ra sakerna efter planering OCH jag m\u00e5ste ta pauser emellan. Jag m\u00e5ste l\u00e4ra mig att det \u00e4r okej att avbryta saker och man kan ta upp dom senare igen utan att skapa en massa andra projekt under pausen hahahah<br>Jag \u00e4r och har alltid haft v\u00e4ldigt l\u00e4tt f\u00f6r att hamna i mitt deprimerade t\u00e4nk och stanna d\u00e4r. Men \u00e4ven med det blir det b\u00e4ttre och b\u00e4ttre.<br>Jag har fortfarande dagar d\u00e4r allt \u00e4r gr\u00e5tt och dystert men det blir l\u00e4ttare att ta sig ur det.<br>Jag m\u00e5ste erk\u00e4nna att det som gjort  det l\u00e4ttare \u00e4r att jag v\u00e5gat sl\u00e4ppa in mannen s\u00e5 pass s\u00e5 att jag till\u00e5ter honom att hj\u00e4lpa mig.<br>Jag ringer honom n\u00e4r det \u00e4r som jobbigast och s\u00e5 f\u00e5r han mitt huvud att komma p\u00e5 r\u00e4tt bana igen.<br><br>Att det skulle beh\u00f6va ta s\u00e5 h\u00e4r m\u00e5nga \u00e5r f\u00f6r att man skulle kunna njuta av livet!<br>Mina relationer i livet blir b\u00e4ttre. Jag har l\u00e4rt mig att ta mer h\u00e4nsyn till andra.<br>L\u00e4rt mig t\u00e4nka innan jag pratar (mer nu \u00e4n innan) hahaha <br>Jag har mycket kvar att l\u00e4ra. <br>Men det g\u00e5r iaf fram\u00e5t.<br><br>Livet flyter p\u00e5 som sagt och det mesta \u00e4r r\u00e4tt s\u00e5 lugnt och stilla.<br>Kevin jobbar, Liam b\u00f6rjar hitta sin v\u00e4g och Emil \u00e4r Emil.<br><br>Just nu \u00e4r det fullt upp i tr\u00e4dg\u00e5rden.<br>Landet b\u00f6rjar v\u00e4xa fram och jag b\u00f6rjar \u00e4ntligen f\u00e5 tr\u00e4dg\u00e5rden s\u00e5 som jag vill ha det.<br>V\u00e4dret \u00e4r ju helt underbart f\u00f6r tillf\u00e4llet.<br>Totte jobbar i helgen och det \u00e4r f\u00f6rsta helgen p\u00e5 flera m\u00e5nader d\u00e4r det faktiskt inte \u00e4r \u00e5ngestfyllt.<br>Jag har f\u00e5tt gjort mycket av det jag skulle. Det har regnat idag (v\u00e4lbeh\u00f6vligt) s\u00e5 det har gjort att jag inte riktigt har kunnat g\u00f6r allt det jag skulle d\u00e4r ute.<br>Men d\u00e4r \u00e4r en dag imorgon ocks\u00e5 \ud83d\ude09<br>Hahaha det g\u00e5r fram\u00e5t \ud83d\ude1b <br><\/p>\n","protected":false},"excerpt":{"rendered":"<p>S\u00e5 kan man faktiskt se det stora. Jag har gjort enorma framsteg det senaste \u00e5ret och \u00e4nnu mer sedan diagnosen kom p\u00e5 papper. Jag f\u00e5r det till att jag inte har samma energi l\u00e4ngre eller att jag inte f\u00e5r ihop saker som jag fick f\u00f6rr.Men det f\u00e5r jag. Jag beh\u00f6ver bara l\u00e4ra mig att f\u00f6rdela min energi r\u00e4tt.F\u00f6rr k\u00f6rde jag ju p\u00e5 som en \u00e5ngv\u00e4lt och slutade inte f\u00f6rens jag stupade. Jag struntade fullkomligt vem som blev lidande av detta. Hade jag en plan s\u00e5 skulle den fullf\u00f6ljas till varje pris. Nu f\u00e5r jag g\u00f6ra sakerna efter planering OCH jag m\u00e5ste ta pauser emellan. Jag m\u00e5ste l\u00e4ra mig att det \u00e4r okej att avbryta saker och man kan ta upp dom senare igen utan att skapa en massa andra projekt under pausen hahahahJag \u00e4r och har alltid haft v\u00e4ldigt l\u00e4tt f\u00f6r att hamna i mitt deprimerade t\u00e4nk och stanna d\u00e4r. Men \u00e4ven med det blir det b\u00e4ttre och b\u00e4ttre.Jag har fortfarande dagar d\u00e4r allt \u00e4r gr\u00e5tt och dystert men det blir l\u00e4ttare att ta sig ur det.Jag m\u00e5ste erk\u00e4nna att det som gjort det l\u00e4ttare \u00e4r att jag v\u00e5gat sl\u00e4ppa in mannen s\u00e5 pass s\u00e5 att jag till\u00e5ter honom att hj\u00e4lpa mig.Jag ringer honom n\u00e4r det \u00e4r som jobbigast och s\u00e5 f\u00e5r han mitt huvud att komma p\u00e5 r\u00e4tt bana igen. Att det skulle beh\u00f6va ta s\u00e5 h\u00e4r m\u00e5nga \u00e5r f\u00f6r att man skulle kunna njuta av livet!Mina relationer i livet blir b\u00e4ttre. Jag har l\u00e4rt mig att ta mer h\u00e4nsyn till andra.L\u00e4rt mig t\u00e4nka innan jag pratar (mer nu \u00e4n innan) hahaha Jag har mycket kvar att l\u00e4ra. Men det g\u00e5r iaf fram\u00e5t. Livet flyter p\u00e5 som sagt och det mesta \u00e4r r\u00e4tt s\u00e5 lugnt och stilla.Kevin jobbar, Liam b\u00f6rjar hitta sin v\u00e4g och Emil \u00e4r Emil. Just nu \u00e4r det fullt upp i tr\u00e4dg\u00e5rden.Landet b\u00f6rjar v\u00e4xa fram och jag b\u00f6rjar \u00e4ntligen f\u00e5 tr\u00e4dg\u00e5rden s\u00e5 som jag vill ha det.V\u00e4dret \u00e4r ju helt underbart f\u00f6r tillf\u00e4llet.Totte jobbar i helgen och det \u00e4r f\u00f6rsta helgen p\u00e5 flera m\u00e5nader d\u00e4r det faktiskt inte \u00e4r \u00e5ngestfyllt.Jag har f\u00e5tt gjort mycket av det jag skulle. Det har regnat idag (v\u00e4lbeh\u00f6vligt) s\u00e5 det har gjort att jag inte riktigt har kunnat g\u00f6r allt det jag skulle d\u00e4r ute.Men d\u00e4r \u00e4r en dag imorgon ocks\u00e5 \ud83d\ude09Hahaha det g\u00e5r fram\u00e5t \ud83d\ude1b<\/p>\n","protected":false},"author":3,"featured_media":0,"comment_status":"open","ping_status":"open","sticky":false,"template":"","format":"standard","meta":{"_jetpack_memberships_contains_paid_content":false,"footnotes":""},"categories":[1],"tags":[],"class_list":["post-3087","post","type-post","status-publish","format-standard","hentry","category-personligt"],"jetpack_featured_media_url":"","jetpack_sharing_enabled":true,"_links":{"self":[{"href":"https:\/\/mittsjukafriska.se\/index.php?rest_route=\/wp\/v2\/posts\/3087","targetHints":{"allow":["GET"]}}],"collection":[{"href":"https:\/\/mittsjukafriska.se\/index.php?rest_route=\/wp\/v2\/posts"}],"about":[{"href":"https:\/\/mittsjukafriska.se\/index.php?rest_route=\/wp\/v2\/types\/post"}],"author":[{"embeddable":true,"href":"https:\/\/mittsjukafriska.se\/index.php?rest_route=\/wp\/v2\/users\/3"}],"replies":[{"embeddable":true,"href":"https:\/\/mittsjukafriska.se\/index.php?rest_route=%2Fwp%2Fv2%2Fcomments&post=3087"}],"version-history":[{"count":1,"href":"https:\/\/mittsjukafriska.se\/index.php?rest_route=\/wp\/v2\/posts\/3087\/revisions"}],"predecessor-version":[{"id":3088,"href":"https:\/\/mittsjukafriska.se\/index.php?rest_route=\/wp\/v2\/posts\/3087\/revisions\/3088"}],"wp:attachment":[{"href":"https:\/\/mittsjukafriska.se\/index.php?rest_route=%2Fwp%2Fv2%2Fmedia&parent=3087"}],"wp:term":[{"taxonomy":"category","embeddable":true,"href":"https:\/\/mittsjukafriska.se\/index.php?rest_route=%2Fwp%2Fv2%2Fcategories&post=3087"},{"taxonomy":"post_tag","embeddable":true,"href":"https:\/\/mittsjukafriska.se\/index.php?rest_route=%2Fwp%2Fv2%2Ftags&post=3087"}],"curies":[{"name":"wp","href":"https:\/\/api.w.org\/{rel}","templated":true}]}}