{"id":37,"date":"2019-11-29T13:39:47","date_gmt":"2019-11-29T13:39:47","guid":{"rendered":"http:\/\/mittsjukafriska.se\/?p=37"},"modified":"2020-01-03T10:34:50","modified_gmt":"2020-01-03T09:34:50","slug":"for-att-jag-alskar-dig","status":"publish","type":"post","link":"https:\/\/mittsjukafriska.se\/?p=37","title":{"rendered":"F\u00f6rsta, f\u00f6rsta"},"content":{"rendered":"\n<p>T\u00e4nkte att det kanske var dags att ta tag i detta igen.<br>Nytt \u00e5r och ny sida <br>Tanken \u00e4r ju att jag ska kunna ventilera h\u00e4r och eftersom min hj\u00e4rna kan vara rena bergochdalbanan ibland s\u00e5 finns det risk f\u00f6r att det blir <em>V\u00c4LDIGT<\/em> r\u00f6rigt \ud83d\ude09<\/p>\n\n\n\n<p>\u00c5ret har precis b\u00f6rjat men det k\u00e4nns redan nu som om att det kommer att bli ett bra \u00e5r.<br>Jag ser fram emot att se vad det har att erbjuda.<br><\/p>\n\n\n\n<p>Livet flyter sin stilla g\u00e5ng annars.<br>Det h\u00e4nder inte s\u00e5 mycket just f\u00f6r tillf\u00e4llet.<br>Den d\u00e4r livsomst\u00e4llningen som jag skulle ta tag i och som jag faktiskt b\u00f6rjade f\u00e5 under kontroll, f\u00f6rsvann ju i princip HELT under julledigheten.<br>MEN. Ig\u00e5r kv\u00e4ll blev jag banne mig medlem i Viktv\u00e4ktarna.<br>Ska ta och pr\u00f6va p\u00e5 det i 3 m\u00e5nader och se om jag kan anv\u00e4nda mig av deras redskap.<br>Jag beh\u00f6ver ha struktur och planering f\u00f6r att jag ska kunna f\u00e5 r\u00e4tt p\u00e5 kosten.<br>S\u00e5 jag f\u00e5r ju hoppas att dom kan hj\u00e4lpa mig med detta.<br>Men oavsett vilket s\u00e5 ska det g\u00e5s ner i vikt.<br><br>Snart \u00e4r denna jobbedagen slut och sen h\u00e5ller vi helg.<\/p>\n","protected":false},"excerpt":{"rendered":"<p>T\u00e4nkte att det kanske var dags att ta tag i detta igen.Nytt \u00e5r och ny sida Tanken \u00e4r ju att jag ska kunna ventilera h\u00e4r och eftersom min hj\u00e4rna kan vara rena bergochdalbanan ibland s\u00e5 finns det risk f\u00f6r att det blir V\u00c4LDIGT r\u00f6rigt \ud83d\ude09 \u00c5ret har precis b\u00f6rjat men det k\u00e4nns redan nu som om att det kommer att bli ett bra \u00e5r.Jag ser fram emot att se vad det har att erbjuda. Livet flyter sin stilla g\u00e5ng annars.Det h\u00e4nder inte s\u00e5 mycket just f\u00f6r tillf\u00e4llet.Den d\u00e4r livsomst\u00e4llningen som jag skulle ta tag i och som jag faktiskt b\u00f6rjade f\u00e5 under kontroll, f\u00f6rsvann ju i princip HELT under julledigheten.MEN. Ig\u00e5r kv\u00e4ll blev jag banne mig medlem i Viktv\u00e4ktarna.Ska ta och pr\u00f6va p\u00e5 det i 3 m\u00e5nader och se om jag kan anv\u00e4nda mig av deras redskap.Jag beh\u00f6ver ha struktur och planering f\u00f6r att jag ska kunna f\u00e5 r\u00e4tt p\u00e5 kosten.S\u00e5 jag f\u00e5r ju hoppas att dom kan hj\u00e4lpa mig med detta.Men oavsett vilket s\u00e5 ska det g\u00e5s ner i vikt. Snart \u00e4r denna jobbedagen slut och sen h\u00e5ller vi helg.<\/p>\n","protected":false},"author":3,"featured_media":1823,"comment_status":"closed","ping_status":"closed","sticky":false,"template":"","format":"standard","meta":{"_jetpack_memberships_contains_paid_content":false,"footnotes":""},"categories":[1],"tags":[],"class_list":["post-37","post","type-post","status-publish","format-standard","has-post-thumbnail","hentry","category-personligt"],"jetpack_featured_media_url":"https:\/\/mittsjukafriska.se\/wp-content\/uploads\/2019\/12\/IMG_20190925_123846-1-scaled.jpg","jetpack_sharing_enabled":true,"_links":{"self":[{"href":"https:\/\/mittsjukafriska.se\/index.php?rest_route=\/wp\/v2\/posts\/37","targetHints":{"allow":["GET"]}}],"collection":[{"href":"https:\/\/mittsjukafriska.se\/index.php?rest_route=\/wp\/v2\/posts"}],"about":[{"href":"https:\/\/mittsjukafriska.se\/index.php?rest_route=\/wp\/v2\/types\/post"}],"author":[{"embeddable":true,"href":"https:\/\/mittsjukafriska.se\/index.php?rest_route=\/wp\/v2\/users\/3"}],"replies":[{"embeddable":true,"href":"https:\/\/mittsjukafriska.se\/index.php?rest_route=%2Fwp%2Fv2%2Fcomments&post=37"}],"version-history":[{"count":3,"href":"https:\/\/mittsjukafriska.se\/index.php?rest_route=\/wp\/v2\/posts\/37\/revisions"}],"predecessor-version":[{"id":1840,"href":"https:\/\/mittsjukafriska.se\/index.php?rest_route=\/wp\/v2\/posts\/37\/revisions\/1840"}],"wp:featuredmedia":[{"embeddable":true,"href":"https:\/\/mittsjukafriska.se\/index.php?rest_route=\/wp\/v2\/media\/1823"}],"wp:attachment":[{"href":"https:\/\/mittsjukafriska.se\/index.php?rest_route=%2Fwp%2Fv2%2Fmedia&parent=37"}],"wp:term":[{"taxonomy":"category","embeddable":true,"href":"https:\/\/mittsjukafriska.se\/index.php?rest_route=%2Fwp%2Fv2%2Fcategories&post=37"},{"taxonomy":"post_tag","embeddable":true,"href":"https:\/\/mittsjukafriska.se\/index.php?rest_route=%2Fwp%2Fv2%2Ftags&post=37"}],"curies":[{"name":"wp","href":"https:\/\/api.w.org\/{rel}","templated":true}]}}